
			
				

					
				

			
		{"items":"\n\t\t\t\t\t\t\t\t\t\t\t\n<article id=\"post-16118\" class=\"wd-post blog-design-masonry blog-post-loop blog-style-bg wd-add-shadow wd-col post-16118 post type-post status-publish format-standard has-post-thumbnail hentry category-actualidad-binacional\">\n\t<div class=\"article-inner\">\n\t\t\t\t\t<header class=\"entry-header\">\n\t\t\t\t\t\t\t\t\t<figure id=\"carousel-301\" class=\"entry-thumbnail\">\n\t\t\t\t\t\t\n\t\t\t\t\t\t\t<div class=\"post-img-wrapp\">\n\t\t\t\t\t\t\t\t<a href=\"https:\/\/comvenezuela.com\/en-norte-de-santander-se-construira-la-refinadora-de-aceites-vegetales-comestibles-mas-moderna-de-latinoamerica\/\">\n\t\t\t\t\t\t\t\t\t<img width=\"1000\" height=\"650\" src=\"https:\/\/comvenezuela.com\/wp-content\/uploads\/2024\/01\/12-comvenezuela.jpg\" class=\"attachment-large size-large\" alt=\"\" decoding=\"async\" srcset=\"https:\/\/comvenezuela.com\/wp-content\/uploads\/2024\/01\/12-comvenezuela.jpg 1000w, https:\/\/comvenezuela.com\/wp-content\/uploads\/2024\/01\/12-comvenezuela-400x260.jpg 400w, https:\/\/comvenezuela.com\/wp-content\/uploads\/2024\/01\/12-comvenezuela-768x499.jpg 768w, https:\/\/comvenezuela.com\/wp-content\/uploads\/2024\/01\/12-comvenezuela-860x559.jpg 860w, https:\/\/comvenezuela.com\/wp-content\/uploads\/2024\/01\/12-comvenezuela-430x280.jpg 430w, https:\/\/comvenezuela.com\/wp-content\/uploads\/2024\/01\/12-comvenezuela-700x455.jpg 700w, https:\/\/comvenezuela.com\/wp-content\/uploads\/2024\/01\/12-comvenezuela-150x98.jpg 150w\" sizes=\"(max-width: 1000px) 100vw, 1000px\" \/>\t\t\t\t\t\t\t\t<\/a>\n\t\t\t\t\t\t\t<\/div>\n\t\t\t\t\t\t\t<div class=\"post-image-mask\">\n\t\t\t\t\t\t\t\t<span><\/span>\n\t\t\t\t\t\t\t<\/div>\n\n\t\t\t\t\t\t\n\t\t\t\t\t<\/figure>\n\t\t\t\t\n\t\t\t\t\t\t\t\t\t\t\t\t<div class=\"post-date wd-post-date wd-style-with-bg\">\n\t\t\t\t<span class=\"post-date-day\">\n\t\t\t\t\t07\t\t\t\t<\/span>\n\t\t\t\t<span class=\"post-date-month\">\n\t\t\t\t\tDic\t\t\t\t<\/span>\n\t\t\t<\/div>\n\t\t\t\t\t\t\n\t\t\t<\/header><!-- .entry-header -->\n\n\t\t<div class=\"article-body-container\">\n\t\t\t\n\t\t\t\t\t\t\t\t\t<div class=\"meta-categories-wrapp\"><div class=\"meta-post-categories wd-post-cat wd-style-with-bg\"><a href=\"https:\/\/comvenezuela.com\/category\/actualidad-binacional\/\" rel=\"category tag\">Actualidad Binacional<\/a><\/div><\/div>\n\t\t\t\t\n\t\t\t\t\t\t\t\t\t<h3 class=\"wd-entities-title title post-title\">\n\t\t\t\t\t\t<a href=\"https:\/\/comvenezuela.com\/en-norte-de-santander-se-construira-la-refinadora-de-aceites-vegetales-comestibles-mas-moderna-de-latinoamerica\/\" rel=\"bookmark\">En Norte de Santander se construir\u00e1 la refinadora de aceites vegetales comestibles m\u00e1s moderna de Latinoam\u00e9rica<\/a>\n\t\t\t\t\t<\/h3>\n\t\t\t\t\n\t\t\t\t\t\t\t\t\t<div class=\"entry-meta wd-entry-meta\">\n\t\t\t\t\t\t\t\t\t<ul class=\"entry-meta-list\">\n\t\t\t\t\t\t\t\t\t<li class=\"modified-date\">\n\t\t\t\t\t\t\t\t<time class=\"updated\" datetime=\"2024-03-26T07:53:27-05:00\">\n\t\t\t26 de marzo de 2024\t\t<\/time>\n\t\t\t\t\t\t\t<\/li>\n\n\t\t\t\t\t\n\t\t\t\t\t\t\t\t\t\t\t<li class=\"meta-author\">\n\t\t\t\t\t\t\t\t\t\t\t\t<span>Por<\/span>\n\t\t\n\t\t\t\t\t<img alt='author-avatar' src='https:\/\/comvenezuela.com\/wp-content\/uploads\/2024\/03\/06-comvenezuela-300x300.png' srcset='https:\/\/comvenezuela.com\/wp-content\/uploads\/2024\/03\/06-comvenezuela-300x300.png 300w, https:\/\/comvenezuela.com\/wp-content\/uploads\/2024\/03\/06-comvenezuela-430x430.png 430w, https:\/\/comvenezuela.com\/wp-content\/uploads\/2024\/03\/06-comvenezuela-150x150.png 150w, https:\/\/comvenezuela.com\/wp-content\/uploads\/2024\/03\/06-comvenezuela.png 512w' class='avatar avatar-32 photo' height='32' width='32' decoding='async'\/>\t\t\n\t\t<a href=\"https:\/\/comvenezuela.com\/author\/nueva-comvenezuela-com\/\" rel=\"author\">\n\t\t\t<span class=\"vcard author author_name\">\n\t\t\t\t<span class=\"fn\">Comvenezuela<\/span>\n\t\t\t<\/span>\n\t\t<\/a>\n\t\t\t\t\t\t\t\t<\/li>\n\t\t\t\t\t\n\t\t\t\t\t\n\t\t\t\t\t\t\t\t\t\t\t\t<\/ul>\n\t\t\t\t\t\t\t<\/div><!-- .entry-meta -->\n\t\t\t\t\t\t\t\t\t\t\t<div class=\"hovered-social-icons wd-tltp wd-tltp-top\">\n\t\t\t\t\t\t\t<div class=\"wd-tooltip-label\">\n\t\t\t\t\t\t\t\t\t\t\t<link rel=\"stylesheet\" id=\"wd-social-icons-css\" href=\"https:\/\/comvenezuela.com\/wp-content\/themes\/woodmart\/css\/parts\/el-social-icons.min.css?ver=7.5.1\" type=\"text\/css\" media=\"all\" \/> \t\t\t\n\t\t\t<div class=\" wd-social-icons icons-design-default icons-size-small color-scheme-light social-share social-form-circle text-center\">\n\n\t\t\t\t\n\t\t\t\t\t\t\t\t\t<a rel=\"noopener noreferrer nofollow\" href=\"https:\/\/www.facebook.com\/sharer\/sharer.php?u=https:\/\/comvenezuela.com\/en-norte-de-santander-se-construira-la-refinadora-de-aceites-vegetales-comestibles-mas-moderna-de-latinoamerica\/\" target=\"_blank\" class=\" wd-social-icon social-facebook\" aria-label=\"Enlace social Facebook\">\n\t\t\t\t\t\t<span class=\"wd-icon\"><\/span>\n\t\t\t\t\t\t\t\t\t\t\t<\/a>\n\t\t\t\t\n\t\t\t\t\t\t\t\t\t<a rel=\"noopener noreferrer nofollow\" href=\"https:\/\/x.com\/share?url=https:\/\/comvenezuela.com\/en-norte-de-santander-se-construira-la-refinadora-de-aceites-vegetales-comestibles-mas-moderna-de-latinoamerica\/\" target=\"_blank\" class=\" wd-social-icon social-twitter\" aria-label=\"Enlace de la red social X\">\n\t\t\t\t\t\t<span class=\"wd-icon\"><\/span>\n\t\t\t\t\t\t\t\t\t\t\t<\/a>\n\t\t\t\t\n\t\t\t\t\n\t\t\t\t\n\t\t\t\t\n\t\t\t\t\t\t\t\t\t<a rel=\"noopener noreferrer nofollow\" href=\"https:\/\/pinterest.com\/pin\/create\/button\/?url=https:\/\/comvenezuela.com\/en-norte-de-santander-se-construira-la-refinadora-de-aceites-vegetales-comestibles-mas-moderna-de-latinoamerica\/&media=https:\/\/comvenezuela.com\/wp-content\/uploads\/2024\/01\/12-comvenezuela.jpg&description=En+Norte+de+Santander+se+construir%C3%A1+la+refinadora+de+aceites+vegetales+comestibles+m%C3%A1s+moderna+de+Latinoam%C3%A9rica\" target=\"_blank\" class=\" wd-social-icon social-pinterest\" aria-label=\"Enlace social Pinterest\">\n\t\t\t\t\t\t<span class=\"wd-icon\"><\/span>\n\t\t\t\t\t\t\t\t\t\t\t<\/a>\n\t\t\t\t\n\t\t\t\t\n\t\t\t\t\t\t\t\t\t<a rel=\"noopener noreferrer nofollow\" href=\"https:\/\/www.linkedin.com\/shareArticle?mini=true&url=https:\/\/comvenezuela.com\/en-norte-de-santander-se-construira-la-refinadora-de-aceites-vegetales-comestibles-mas-moderna-de-latinoamerica\/\" target=\"_blank\" class=\" wd-social-icon social-linkedin\" aria-label=\"Enlace social Linkedin\">\n\t\t\t\t\t\t<span class=\"wd-icon\"><\/span>\n\t\t\t\t\t\t\t\t\t\t\t<\/a>\n\t\t\t\t\n\t\t\t\t\n\t\t\t\t\n\t\t\t\t\n\t\t\t\t\n\t\t\t\t\n\t\t\t\t\n\t\t\t\t\n\t\t\t\t\n\t\t\t\t\n\t\t\t\t\t\t\t\t\n\t\t\t\t\t\t\t\t\n\t\t\t\t\n\t\t\t\t\n\t\t\t\t\t\t\t\t\t<a rel=\"noopener noreferrer nofollow\" href=\"https:\/\/telegram.me\/share\/url?url=https:\/\/comvenezuela.com\/en-norte-de-santander-se-construira-la-refinadora-de-aceites-vegetales-comestibles-mas-moderna-de-latinoamerica\/\" target=\"_blank\" class=\" wd-social-icon social-tg\" aria-label=\"Enlace social Telegram\">\n\t\t\t\t\t\t<span class=\"wd-icon\"><\/span>\n\t\t\t\t\t\t\t\t\t\t\t<\/a>\n\t\t\t\t\t\t\t\t\n\t\t\t\t\n\t\t\t<\/div>\n\n\t\t\t\t\t\t\t\t\t<\/div>\n\t\t\t\t\t\t<\/div>\n\t\t\t\t\t\t\t\t\t\t\t\t\n\t\t\t\t\t\t\t\n\t\t\t\t                    <div class=\"entry-content wd-entry-content\">\n\t\t\t\t\t\tPor:\u00a0 La Opini\u00f3n\u00a0\nFecha: 11 de Diciembre de 2023\nEn un avance trascendental que permitir\u00e1 ahondar en las l\u00edneas estrat\u00e9gicas para la in...\n\t\t\t\t\t\t\t\t\t\t\t<\/div><!-- .entry-content -->\n\t\t\t\t\n\t\t\t\t\t\t\t\t\t\t\t\t\t\t<p class=\"read-more-section\">\n\t\t\t\t\t\t<a class=\"btn-read-more more-link\" href=\"https:\/\/comvenezuela.com\/en-norte-de-santander-se-construira-la-refinadora-de-aceites-vegetales-comestibles-mas-moderna-de-latinoamerica\/\">Continuar leyendo<\/a>\t\t\t\t\t<\/p>\n\t\t\t\t\t\t\t\t\t\t\t\n\t\t\t\n\t\t\t\t\t<\/div>\n\t<\/div>\n<\/article><!-- #post -->\n\n\n\t\t\t\t\t\t\t\t\t\t\t\n<article id=\"post-16119\" class=\"wd-post blog-design-masonry blog-post-loop blog-style-bg wd-add-shadow wd-col post-16119 post type-post status-publish format-standard has-post-thumbnail hentry category-actualidad-binacional\">\n\t<div class=\"article-inner\">\n\t\t\t\t\t<header class=\"entry-header\">\n\t\t\t\t\t\t\t\t\t<figure id=\"carousel-615\" class=\"entry-thumbnail\">\n\t\t\t\t\t\t\n\t\t\t\t\t\t\t<div class=\"post-img-wrapp\">\n\t\t\t\t\t\t\t\t<a href=\"https:\/\/comvenezuela.com\/2135-2\/\">\n\t\t\t\t\t\t\t\t\t<img width=\"1000\" height=\"650\" src=\"https:\/\/comvenezuela.com\/wp-content\/uploads\/2024\/01\/12-comvenezuela.jpg\" class=\"attachment-large size-large\" alt=\"\" decoding=\"async\" srcset=\"https:\/\/comvenezuela.com\/wp-content\/uploads\/2024\/01\/12-comvenezuela.jpg 1000w, https:\/\/comvenezuela.com\/wp-content\/uploads\/2024\/01\/12-comvenezuela-400x260.jpg 400w, https:\/\/comvenezuela.com\/wp-content\/uploads\/2024\/01\/12-comvenezuela-768x499.jpg 768w, https:\/\/comvenezuela.com\/wp-content\/uploads\/2024\/01\/12-comvenezuela-860x559.jpg 860w, https:\/\/comvenezuela.com\/wp-content\/uploads\/2024\/01\/12-comvenezuela-430x280.jpg 430w, https:\/\/comvenezuela.com\/wp-content\/uploads\/2024\/01\/12-comvenezuela-700x455.jpg 700w, https:\/\/comvenezuela.com\/wp-content\/uploads\/2024\/01\/12-comvenezuela-150x98.jpg 150w\" sizes=\"(max-width: 1000px) 100vw, 1000px\" \/>\t\t\t\t\t\t\t\t<\/a>\n\t\t\t\t\t\t\t<\/div>\n\t\t\t\t\t\t\t<div class=\"post-image-mask\">\n\t\t\t\t\t\t\t\t<span><\/span>\n\t\t\t\t\t\t\t<\/div>\n\n\t\t\t\t\t\t\n\t\t\t\t\t<\/figure>\n\t\t\t\t\n\t\t\t\t\t\t\t\t\t\t\t\t<div class=\"post-date wd-post-date wd-style-with-bg\">\n\t\t\t\t<span class=\"post-date-day\">\n\t\t\t\t\t04\t\t\t\t<\/span>\n\t\t\t\t<span class=\"post-date-month\">\n\t\t\t\t\tDic\t\t\t\t<\/span>\n\t\t\t<\/div>\n\t\t\t\t\t\t\n\t\t\t<\/header><!-- .entry-header -->\n\n\t\t<div class=\"article-body-container\">\n\t\t\t\n\t\t\t\t\t\t\t\t\t<div class=\"meta-categories-wrapp\"><div class=\"meta-post-categories wd-post-cat wd-style-with-bg\"><a href=\"https:\/\/comvenezuela.com\/category\/actualidad-binacional\/\" rel=\"category tag\">Actualidad Binacional<\/a><\/div><\/div>\n\t\t\t\t\n\t\t\t\t\t\t\t\t\t<h3 class=\"wd-entities-title title post-title\">\n\t\t\t\t\t\t<a href=\"https:\/\/comvenezuela.com\/2135-2\/\" rel=\"bookmark\">Bogot\u00e1 se alista para un encuentro que potenciar\u00e1 la integraci\u00f3n comercial colombo venezolana<\/a>\n\t\t\t\t\t<\/h3>\n\t\t\t\t\n\t\t\t\t\t\t\t\t\t<div class=\"entry-meta wd-entry-meta\">\n\t\t\t\t\t\t\t\t\t<ul class=\"entry-meta-list\">\n\t\t\t\t\t\t\t\t\t<li class=\"modified-date\">\n\t\t\t\t\t\t\t\t<time class=\"updated\" datetime=\"2024-03-26T07:54:18-05:00\">\n\t\t\t26 de marzo de 2024\t\t<\/time>\n\t\t\t\t\t\t\t<\/li>\n\n\t\t\t\t\t\n\t\t\t\t\t\t\t\t\t\t\t<li class=\"meta-author\">\n\t\t\t\t\t\t\t\t\t\t\t\t<span>Por<\/span>\n\t\t\n\t\t\t\t\t<img alt='author-avatar' src='https:\/\/comvenezuela.com\/wp-content\/uploads\/2024\/03\/06-comvenezuela-300x300.png' srcset='https:\/\/comvenezuela.com\/wp-content\/uploads\/2024\/03\/06-comvenezuela-300x300.png 300w, https:\/\/comvenezuela.com\/wp-content\/uploads\/2024\/03\/06-comvenezuela-430x430.png 430w, https:\/\/comvenezuela.com\/wp-content\/uploads\/2024\/03\/06-comvenezuela-150x150.png 150w, https:\/\/comvenezuela.com\/wp-content\/uploads\/2024\/03\/06-comvenezuela.png 512w' class='avatar avatar-32 photo' height='32' width='32' decoding='async'\/>\t\t\n\t\t<a href=\"https:\/\/comvenezuela.com\/author\/nueva-comvenezuela-com\/\" rel=\"author\">\n\t\t\t<span class=\"vcard author author_name\">\n\t\t\t\t<span class=\"fn\">Comvenezuela<\/span>\n\t\t\t<\/span>\n\t\t<\/a>\n\t\t\t\t\t\t\t\t<\/li>\n\t\t\t\t\t\n\t\t\t\t\t\n\t\t\t\t\t\t\t\t\t\t\t\t<\/ul>\n\t\t\t\t\t\t\t<\/div><!-- .entry-meta -->\n\t\t\t\t\t\t\t\t\t\t\t<div class=\"hovered-social-icons wd-tltp wd-tltp-top\">\n\t\t\t\t\t\t\t<div class=\"wd-tooltip-label\">\n\t\t\t\t\t\t\t\t\n\t\t\t<div class=\" wd-social-icons icons-design-default icons-size-small color-scheme-light social-share social-form-circle text-center\">\n\n\t\t\t\t\n\t\t\t\t\t\t\t\t\t<a rel=\"noopener noreferrer nofollow\" href=\"https:\/\/www.facebook.com\/sharer\/sharer.php?u=https:\/\/comvenezuela.com\/2135-2\/\" target=\"_blank\" class=\" wd-social-icon social-facebook\" aria-label=\"Enlace social Facebook\">\n\t\t\t\t\t\t<span class=\"wd-icon\"><\/span>\n\t\t\t\t\t\t\t\t\t\t\t<\/a>\n\t\t\t\t\n\t\t\t\t\t\t\t\t\t<a rel=\"noopener noreferrer nofollow\" href=\"https:\/\/x.com\/share?url=https:\/\/comvenezuela.com\/2135-2\/\" target=\"_blank\" class=\" wd-social-icon social-twitter\" aria-label=\"Enlace de la red social X\">\n\t\t\t\t\t\t<span class=\"wd-icon\"><\/span>\n\t\t\t\t\t\t\t\t\t\t\t<\/a>\n\t\t\t\t\n\t\t\t\t\n\t\t\t\t\n\t\t\t\t\n\t\t\t\t\t\t\t\t\t<a rel=\"noopener noreferrer nofollow\" href=\"https:\/\/pinterest.com\/pin\/create\/button\/?url=https:\/\/comvenezuela.com\/2135-2\/&media=https:\/\/comvenezuela.com\/wp-content\/uploads\/2024\/01\/12-comvenezuela.jpg&description=Bogot%C3%A1+se+alista+para+un+encuentro+que+potenciar%C3%A1+la+integraci%C3%B3n+comercial+colombo+venezolana\" target=\"_blank\" class=\" wd-social-icon social-pinterest\" aria-label=\"Enlace social Pinterest\">\n\t\t\t\t\t\t<span class=\"wd-icon\"><\/span>\n\t\t\t\t\t\t\t\t\t\t\t<\/a>\n\t\t\t\t\n\t\t\t\t\n\t\t\t\t\t\t\t\t\t<a rel=\"noopener noreferrer nofollow\" href=\"https:\/\/www.linkedin.com\/shareArticle?mini=true&url=https:\/\/comvenezuela.com\/2135-2\/\" target=\"_blank\" class=\" wd-social-icon social-linkedin\" aria-label=\"Enlace social Linkedin\">\n\t\t\t\t\t\t<span class=\"wd-icon\"><\/span>\n\t\t\t\t\t\t\t\t\t\t\t<\/a>\n\t\t\t\t\n\t\t\t\t\n\t\t\t\t\n\t\t\t\t\n\t\t\t\t\n\t\t\t\t\n\t\t\t\t\n\t\t\t\t\n\t\t\t\t\n\t\t\t\t\n\t\t\t\t\t\t\t\t\n\t\t\t\t\t\t\t\t\n\t\t\t\t\n\t\t\t\t\n\t\t\t\t\t\t\t\t\t<a rel=\"noopener noreferrer nofollow\" href=\"https:\/\/telegram.me\/share\/url?url=https:\/\/comvenezuela.com\/2135-2\/\" target=\"_blank\" class=\" wd-social-icon social-tg\" aria-label=\"Enlace social Telegram\">\n\t\t\t\t\t\t<span class=\"wd-icon\"><\/span>\n\t\t\t\t\t\t\t\t\t\t\t<\/a>\n\t\t\t\t\t\t\t\t\n\t\t\t\t\n\t\t\t<\/div>\n\n\t\t\t\t\t\t\t\t\t<\/div>\n\t\t\t\t\t\t<\/div>\n\t\t\t\t\t\t\t\t\t\t\t\t\n\t\t\t\t\t\t\t\n\t\t\t\t                    <div class=\"entry-content wd-entry-content\">\n\t\t\t\t\t\tEl encuentro Incluir\u00e1 sesiones de networking y una rueda de negocios con la participaci\u00f3n de 37 compradores venezolanos.\n\n\n\n \tDurante e...\n\t\t\t\t\t\t\t\t\t\t\t<\/div><!-- .entry-content -->\n\t\t\t\t\n\t\t\t\t\t\t\t\t\t\t\t\t\t\t<p class=\"read-more-section\">\n\t\t\t\t\t\t<a class=\"btn-read-more more-link\" href=\"https:\/\/comvenezuela.com\/2135-2\/\">Continuar leyendo<\/a>\t\t\t\t\t<\/p>\n\t\t\t\t\t\t\t\t\t\t\t\n\t\t\t\n\t\t\t\t\t<\/div>\n\t<\/div>\n<\/article><!-- #post -->\n\n\n\t\t\t\t\t\t\t\t\t\t\t\n<article id=\"post-16124\" class=\"wd-post blog-design-masonry blog-post-loop blog-style-bg wd-add-shadow wd-col post-16124 post type-post status-publish format-standard has-post-thumbnail hentry category-actualidad-binacional\">\n\t<div class=\"article-inner\">\n\t\t\t\t\t<header class=\"entry-header\">\n\t\t\t\t\t\t\t\t\t<figure id=\"carousel-177\" class=\"entry-thumbnail\">\n\t\t\t\t\t\t\n\t\t\t\t\t\t\t<div class=\"post-img-wrapp\">\n\t\t\t\t\t\t\t\t<a href=\"https:\/\/comvenezuela.com\/estelar-ahora-volara-a-frontera-los-dias-martes-jueves-y-domingo\/\">\n\t\t\t\t\t\t\t\t\t<img width=\"1000\" height=\"650\" src=\"https:\/\/comvenezuela.com\/wp-content\/uploads\/2024\/01\/12-comvenezuela.jpg\" class=\"attachment-large size-large\" alt=\"\" decoding=\"async\" srcset=\"https:\/\/comvenezuela.com\/wp-content\/uploads\/2024\/01\/12-comvenezuela.jpg 1000w, https:\/\/comvenezuela.com\/wp-content\/uploads\/2024\/01\/12-comvenezuela-400x260.jpg 400w, https:\/\/comvenezuela.com\/wp-content\/uploads\/2024\/01\/12-comvenezuela-768x499.jpg 768w, https:\/\/comvenezuela.com\/wp-content\/uploads\/2024\/01\/12-comvenezuela-860x559.jpg 860w, https:\/\/comvenezuela.com\/wp-content\/uploads\/2024\/01\/12-comvenezuela-430x280.jpg 430w, https:\/\/comvenezuela.com\/wp-content\/uploads\/2024\/01\/12-comvenezuela-700x455.jpg 700w, https:\/\/comvenezuela.com\/wp-content\/uploads\/2024\/01\/12-comvenezuela-150x98.jpg 150w\" sizes=\"(max-width: 1000px) 100vw, 1000px\" \/>\t\t\t\t\t\t\t\t<\/a>\n\t\t\t\t\t\t\t<\/div>\n\t\t\t\t\t\t\t<div class=\"post-image-mask\">\n\t\t\t\t\t\t\t\t<span><\/span>\n\t\t\t\t\t\t\t<\/div>\n\n\t\t\t\t\t\t\n\t\t\t\t\t<\/figure>\n\t\t\t\t\n\t\t\t\t\t\t\t\t\t\t\t\t<div class=\"post-date wd-post-date wd-style-with-bg\">\n\t\t\t\t<span class=\"post-date-day\">\n\t\t\t\t\t08\t\t\t\t<\/span>\n\t\t\t\t<span class=\"post-date-month\">\n\t\t\t\t\tNov\t\t\t\t<\/span>\n\t\t\t<\/div>\n\t\t\t\t\t\t\n\t\t\t<\/header><!-- .entry-header -->\n\n\t\t<div class=\"article-body-container\">\n\t\t\t\n\t\t\t\t\t\t\t\t\t<div class=\"meta-categories-wrapp\"><div class=\"meta-post-categories wd-post-cat wd-style-with-bg\"><a href=\"https:\/\/comvenezuela.com\/category\/actualidad-binacional\/\" rel=\"category tag\">Actualidad Binacional<\/a><\/div><\/div>\n\t\t\t\t\n\t\t\t\t\t\t\t\t\t<h3 class=\"wd-entities-title title post-title\">\n\t\t\t\t\t\t<a href=\"https:\/\/comvenezuela.com\/estelar-ahora-volara-a-frontera-los-dias-martes-jueves-y-domingo\/\" rel=\"bookmark\">Estelar ahora volar\u00e1 a frontera los d\u00edas martes, jueves y domingo<\/a>\n\t\t\t\t\t<\/h3>\n\t\t\t\t\n\t\t\t\t\t\t\t\t\t<div class=\"entry-meta wd-entry-meta\">\n\t\t\t\t\t\t\t\t\t<ul class=\"entry-meta-list\">\n\t\t\t\t\t\t\t\t\t<li class=\"modified-date\">\n\t\t\t\t\t\t\t\t<time class=\"updated\" datetime=\"2024-03-26T07:55:27-05:00\">\n\t\t\t26 de marzo de 2024\t\t<\/time>\n\t\t\t\t\t\t\t<\/li>\n\n\t\t\t\t\t\n\t\t\t\t\t\t\t\t\t\t\t<li class=\"meta-author\">\n\t\t\t\t\t\t\t\t\t\t\t\t<span>Por<\/span>\n\t\t\n\t\t\t\t\t<img alt='author-avatar' src='https:\/\/comvenezuela.com\/wp-content\/uploads\/2024\/03\/06-comvenezuela-300x300.png' srcset='https:\/\/comvenezuela.com\/wp-content\/uploads\/2024\/03\/06-comvenezuela-300x300.png 300w, https:\/\/comvenezuela.com\/wp-content\/uploads\/2024\/03\/06-comvenezuela-430x430.png 430w, https:\/\/comvenezuela.com\/wp-content\/uploads\/2024\/03\/06-comvenezuela-150x150.png 150w, https:\/\/comvenezuela.com\/wp-content\/uploads\/2024\/03\/06-comvenezuela.png 512w' class='avatar avatar-32 photo' height='32' width='32' decoding='async'\/>\t\t\n\t\t<a href=\"https:\/\/comvenezuela.com\/author\/nueva-comvenezuela-com\/\" rel=\"author\">\n\t\t\t<span class=\"vcard author author_name\">\n\t\t\t\t<span class=\"fn\">Comvenezuela<\/span>\n\t\t\t<\/span>\n\t\t<\/a>\n\t\t\t\t\t\t\t\t<\/li>\n\t\t\t\t\t\n\t\t\t\t\t\n\t\t\t\t\t\t\t\t\t\t\t\t<\/ul>\n\t\t\t\t\t\t\t<\/div><!-- .entry-meta -->\n\t\t\t\t\t\t\t\t\t\t\t<div class=\"hovered-social-icons wd-tltp wd-tltp-top\">\n\t\t\t\t\t\t\t<div class=\"wd-tooltip-label\">\n\t\t\t\t\t\t\t\t\n\t\t\t<div class=\" wd-social-icons icons-design-default icons-size-small color-scheme-light social-share social-form-circle text-center\">\n\n\t\t\t\t\n\t\t\t\t\t\t\t\t\t<a rel=\"noopener noreferrer nofollow\" href=\"https:\/\/www.facebook.com\/sharer\/sharer.php?u=https:\/\/comvenezuela.com\/estelar-ahora-volara-a-frontera-los-dias-martes-jueves-y-domingo\/\" target=\"_blank\" class=\" wd-social-icon social-facebook\" aria-label=\"Enlace social Facebook\">\n\t\t\t\t\t\t<span class=\"wd-icon\"><\/span>\n\t\t\t\t\t\t\t\t\t\t\t<\/a>\n\t\t\t\t\n\t\t\t\t\t\t\t\t\t<a rel=\"noopener noreferrer nofollow\" href=\"https:\/\/x.com\/share?url=https:\/\/comvenezuela.com\/estelar-ahora-volara-a-frontera-los-dias-martes-jueves-y-domingo\/\" target=\"_blank\" class=\" wd-social-icon social-twitter\" aria-label=\"Enlace de la red social X\">\n\t\t\t\t\t\t<span class=\"wd-icon\"><\/span>\n\t\t\t\t\t\t\t\t\t\t\t<\/a>\n\t\t\t\t\n\t\t\t\t\n\t\t\t\t\n\t\t\t\t\n\t\t\t\t\t\t\t\t\t<a rel=\"noopener noreferrer nofollow\" href=\"https:\/\/pinterest.com\/pin\/create\/button\/?url=https:\/\/comvenezuela.com\/estelar-ahora-volara-a-frontera-los-dias-martes-jueves-y-domingo\/&media=https:\/\/comvenezuela.com\/wp-content\/uploads\/2024\/01\/12-comvenezuela.jpg&description=Estelar+ahora+volar%C3%A1+a+frontera+los+d%C3%ADas+martes%2C+jueves+y+domingo\" target=\"_blank\" class=\" wd-social-icon social-pinterest\" aria-label=\"Enlace social Pinterest\">\n\t\t\t\t\t\t<span class=\"wd-icon\"><\/span>\n\t\t\t\t\t\t\t\t\t\t\t<\/a>\n\t\t\t\t\n\t\t\t\t\n\t\t\t\t\t\t\t\t\t<a rel=\"noopener noreferrer nofollow\" href=\"https:\/\/www.linkedin.com\/shareArticle?mini=true&url=https:\/\/comvenezuela.com\/estelar-ahora-volara-a-frontera-los-dias-martes-jueves-y-domingo\/\" target=\"_blank\" class=\" wd-social-icon social-linkedin\" aria-label=\"Enlace social Linkedin\">\n\t\t\t\t\t\t<span class=\"wd-icon\"><\/span>\n\t\t\t\t\t\t\t\t\t\t\t<\/a>\n\t\t\t\t\n\t\t\t\t\n\t\t\t\t\n\t\t\t\t\n\t\t\t\t\n\t\t\t\t\n\t\t\t\t\n\t\t\t\t\n\t\t\t\t\n\t\t\t\t\n\t\t\t\t\t\t\t\t\n\t\t\t\t\t\t\t\t\n\t\t\t\t\n\t\t\t\t\n\t\t\t\t\t\t\t\t\t<a rel=\"noopener noreferrer nofollow\" href=\"https:\/\/telegram.me\/share\/url?url=https:\/\/comvenezuela.com\/estelar-ahora-volara-a-frontera-los-dias-martes-jueves-y-domingo\/\" target=\"_blank\" class=\" wd-social-icon social-tg\" aria-label=\"Enlace social Telegram\">\n\t\t\t\t\t\t<span class=\"wd-icon\"><\/span>\n\t\t\t\t\t\t\t\t\t\t\t<\/a>\n\t\t\t\t\t\t\t\t\n\t\t\t\t\n\t\t\t<\/div>\n\n\t\t\t\t\t\t\t\t\t<\/div>\n\t\t\t\t\t\t<\/div>\n\t\t\t\t\t\t\t\t\t\t\t\t\n\t\t\t\t\t\t\t\n\t\t\t\t                    <div class=\"entry-content wd-entry-content\">\n\t\t\t\t\t\tPor: Jonathan Maldonado\nFecha: 2 de Noviembre de 2023\nLa aerol\u00ednea Estelar cambia sus d\u00edas de vuelos a la frontera. Ya no arribar\u00e1 al a...\n\t\t\t\t\t\t\t\t\t\t\t<\/div><!-- .entry-content -->\n\t\t\t\t\n\t\t\t\t\t\t\t\t\t\t\t\t\t\t<p class=\"read-more-section\">\n\t\t\t\t\t\t<a class=\"btn-read-more more-link\" href=\"https:\/\/comvenezuela.com\/estelar-ahora-volara-a-frontera-los-dias-martes-jueves-y-domingo\/\">Continuar leyendo<\/a>\t\t\t\t\t<\/p>\n\t\t\t\t\t\t\t\t\t\t\t\n\t\t\t\n\t\t\t\t\t<\/div>\n\t<\/div>\n<\/article><!-- #post -->\n\n\n\t\t\t\t\t\t\t\t\t\t\t\n<article id=\"post-16125\" class=\"wd-post blog-design-masonry blog-post-loop blog-style-bg wd-add-shadow wd-col post-16125 post type-post status-publish format-standard has-post-thumbnail hentry category-actualidad-binacional\">\n\t<div class=\"article-inner\">\n\t\t\t\t\t<header class=\"entry-header\">\n\t\t\t\t\t\t\t\t\t<figure id=\"carousel-979\" class=\"entry-thumbnail\">\n\t\t\t\t\t\t\n\t\t\t\t\t\t\t<div class=\"post-img-wrapp\">\n\t\t\t\t\t\t\t\t<a href=\"https:\/\/comvenezuela.com\/transporte-binacional-venezolano-podra-ingresar-a-partir-de-este-miercoles-por-los-puentes-de-urena-y-san-antonio\/\">\n\t\t\t\t\t\t\t\t\t<img width=\"1000\" height=\"650\" src=\"https:\/\/comvenezuela.com\/wp-content\/uploads\/2024\/01\/12-comvenezuela.jpg\" class=\"attachment-large size-large\" alt=\"\" decoding=\"async\" srcset=\"https:\/\/comvenezuela.com\/wp-content\/uploads\/2024\/01\/12-comvenezuela.jpg 1000w, https:\/\/comvenezuela.com\/wp-content\/uploads\/2024\/01\/12-comvenezuela-400x260.jpg 400w, https:\/\/comvenezuela.com\/wp-content\/uploads\/2024\/01\/12-comvenezuela-768x499.jpg 768w, https:\/\/comvenezuela.com\/wp-content\/uploads\/2024\/01\/12-comvenezuela-860x559.jpg 860w, https:\/\/comvenezuela.com\/wp-content\/uploads\/2024\/01\/12-comvenezuela-430x280.jpg 430w, https:\/\/comvenezuela.com\/wp-content\/uploads\/2024\/01\/12-comvenezuela-700x455.jpg 700w, https:\/\/comvenezuela.com\/wp-content\/uploads\/2024\/01\/12-comvenezuela-150x98.jpg 150w\" sizes=\"(max-width: 1000px) 100vw, 1000px\" \/>\t\t\t\t\t\t\t\t<\/a>\n\t\t\t\t\t\t\t<\/div>\n\t\t\t\t\t\t\t<div class=\"post-image-mask\">\n\t\t\t\t\t\t\t\t<span><\/span>\n\t\t\t\t\t\t\t<\/div>\n\n\t\t\t\t\t\t\n\t\t\t\t\t<\/figure>\n\t\t\t\t\n\t\t\t\t\t\t\t\t\t\t\t\t<div class=\"post-date wd-post-date wd-style-with-bg\">\n\t\t\t\t<span class=\"post-date-day\">\n\t\t\t\t\t08\t\t\t\t<\/span>\n\t\t\t\t<span class=\"post-date-month\">\n\t\t\t\t\tNov\t\t\t\t<\/span>\n\t\t\t<\/div>\n\t\t\t\t\t\t\n\t\t\t<\/header><!-- .entry-header -->\n\n\t\t<div class=\"article-body-container\">\n\t\t\t\n\t\t\t\t\t\t\t\t\t<div class=\"meta-categories-wrapp\"><div class=\"meta-post-categories wd-post-cat wd-style-with-bg\"><a href=\"https:\/\/comvenezuela.com\/category\/actualidad-binacional\/\" rel=\"category tag\">Actualidad Binacional<\/a><\/div><\/div>\n\t\t\t\t\n\t\t\t\t\t\t\t\t\t<h3 class=\"wd-entities-title title post-title\">\n\t\t\t\t\t\t<a href=\"https:\/\/comvenezuela.com\/transporte-binacional-venezolano-podra-ingresar-a-partir-de-este-miercoles-por-los-puentes-de-urena-y-san-antonio\/\" rel=\"bookmark\">Transporte binacional venezolano podr\u00e1 ingresar a partir de este mi\u00e9rcoles por los puentes de Ure\u00f1a y San Antonio<\/a>\n\t\t\t\t\t<\/h3>\n\t\t\t\t\n\t\t\t\t\t\t\t\t\t<div class=\"entry-meta wd-entry-meta\">\n\t\t\t\t\t\t\t\t\t<ul class=\"entry-meta-list\">\n\t\t\t\t\t\t\t\t\t<li class=\"modified-date\">\n\t\t\t\t\t\t\t\t<time class=\"updated\" datetime=\"2024-03-26T07:55:32-05:00\">\n\t\t\t26 de marzo de 2024\t\t<\/time>\n\t\t\t\t\t\t\t<\/li>\n\n\t\t\t\t\t\n\t\t\t\t\t\t\t\t\t\t\t<li class=\"meta-author\">\n\t\t\t\t\t\t\t\t\t\t\t\t<span>Por<\/span>\n\t\t\n\t\t\t\t\t<img alt='author-avatar' src='https:\/\/comvenezuela.com\/wp-content\/uploads\/2024\/03\/06-comvenezuela-300x300.png' srcset='https:\/\/comvenezuela.com\/wp-content\/uploads\/2024\/03\/06-comvenezuela-300x300.png 300w, https:\/\/comvenezuela.com\/wp-content\/uploads\/2024\/03\/06-comvenezuela-430x430.png 430w, https:\/\/comvenezuela.com\/wp-content\/uploads\/2024\/03\/06-comvenezuela-150x150.png 150w, https:\/\/comvenezuela.com\/wp-content\/uploads\/2024\/03\/06-comvenezuela.png 512w' class='avatar avatar-32 photo' height='32' width='32' decoding='async'\/>\t\t\n\t\t<a href=\"https:\/\/comvenezuela.com\/author\/nueva-comvenezuela-com\/\" rel=\"author\">\n\t\t\t<span class=\"vcard author author_name\">\n\t\t\t\t<span class=\"fn\">Comvenezuela<\/span>\n\t\t\t<\/span>\n\t\t<\/a>\n\t\t\t\t\t\t\t\t<\/li>\n\t\t\t\t\t\n\t\t\t\t\t\n\t\t\t\t\t\t\t\t\t\t\t\t<\/ul>\n\t\t\t\t\t\t\t<\/div><!-- .entry-meta -->\n\t\t\t\t\t\t\t\t\t\t\t<div class=\"hovered-social-icons wd-tltp wd-tltp-top\">\n\t\t\t\t\t\t\t<div class=\"wd-tooltip-label\">\n\t\t\t\t\t\t\t\t\n\t\t\t<div class=\" wd-social-icons icons-design-default icons-size-small color-scheme-light social-share social-form-circle text-center\">\n\n\t\t\t\t\n\t\t\t\t\t\t\t\t\t<a rel=\"noopener noreferrer nofollow\" href=\"https:\/\/www.facebook.com\/sharer\/sharer.php?u=https:\/\/comvenezuela.com\/transporte-binacional-venezolano-podra-ingresar-a-partir-de-este-miercoles-por-los-puentes-de-urena-y-san-antonio\/\" target=\"_blank\" class=\" wd-social-icon social-facebook\" aria-label=\"Enlace social Facebook\">\n\t\t\t\t\t\t<span class=\"wd-icon\"><\/span>\n\t\t\t\t\t\t\t\t\t\t\t<\/a>\n\t\t\t\t\n\t\t\t\t\t\t\t\t\t<a rel=\"noopener noreferrer nofollow\" href=\"https:\/\/x.com\/share?url=https:\/\/comvenezuela.com\/transporte-binacional-venezolano-podra-ingresar-a-partir-de-este-miercoles-por-los-puentes-de-urena-y-san-antonio\/\" target=\"_blank\" class=\" wd-social-icon social-twitter\" aria-label=\"Enlace de la red social X\">\n\t\t\t\t\t\t<span class=\"wd-icon\"><\/span>\n\t\t\t\t\t\t\t\t\t\t\t<\/a>\n\t\t\t\t\n\t\t\t\t\n\t\t\t\t\n\t\t\t\t\n\t\t\t\t\t\t\t\t\t<a rel=\"noopener noreferrer nofollow\" href=\"https:\/\/pinterest.com\/pin\/create\/button\/?url=https:\/\/comvenezuela.com\/transporte-binacional-venezolano-podra-ingresar-a-partir-de-este-miercoles-por-los-puentes-de-urena-y-san-antonio\/&media=https:\/\/comvenezuela.com\/wp-content\/uploads\/2024\/01\/12-comvenezuela.jpg&description=Transporte+binacional+venezolano+podr%C3%A1+ingresar+a+partir+de+este+mi%C3%A9rcoles+por+los+puentes+de+Ure%C3%B1a+y+San+Antonio\" target=\"_blank\" class=\" wd-social-icon social-pinterest\" aria-label=\"Enlace social Pinterest\">\n\t\t\t\t\t\t<span class=\"wd-icon\"><\/span>\n\t\t\t\t\t\t\t\t\t\t\t<\/a>\n\t\t\t\t\n\t\t\t\t\n\t\t\t\t\t\t\t\t\t<a rel=\"noopener noreferrer nofollow\" href=\"https:\/\/www.linkedin.com\/shareArticle?mini=true&url=https:\/\/comvenezuela.com\/transporte-binacional-venezolano-podra-ingresar-a-partir-de-este-miercoles-por-los-puentes-de-urena-y-san-antonio\/\" target=\"_blank\" class=\" wd-social-icon social-linkedin\" aria-label=\"Enlace social Linkedin\">\n\t\t\t\t\t\t<span class=\"wd-icon\"><\/span>\n\t\t\t\t\t\t\t\t\t\t\t<\/a>\n\t\t\t\t\n\t\t\t\t\n\t\t\t\t\n\t\t\t\t\n\t\t\t\t\n\t\t\t\t\n\t\t\t\t\n\t\t\t\t\n\t\t\t\t\n\t\t\t\t\n\t\t\t\t\t\t\t\t\n\t\t\t\t\t\t\t\t\n\t\t\t\t\n\t\t\t\t\n\t\t\t\t\t\t\t\t\t<a rel=\"noopener noreferrer nofollow\" href=\"https:\/\/telegram.me\/share\/url?url=https:\/\/comvenezuela.com\/transporte-binacional-venezolano-podra-ingresar-a-partir-de-este-miercoles-por-los-puentes-de-urena-y-san-antonio\/\" target=\"_blank\" class=\" wd-social-icon social-tg\" aria-label=\"Enlace social Telegram\">\n\t\t\t\t\t\t<span class=\"wd-icon\"><\/span>\n\t\t\t\t\t\t\t\t\t\t\t<\/a>\n\t\t\t\t\t\t\t\t\n\t\t\t\t\n\t\t\t<\/div>\n\n\t\t\t\t\t\t\t\t\t<\/div>\n\t\t\t\t\t\t<\/div>\n\t\t\t\t\t\t\t\t\t\t\t\t\n\t\t\t\t\t\t\t\n\t\t\t\t                    <div class=\"entry-content wd-entry-content\">\n\t\t\t\t\t\tPor: Jonathan Maldonado\nFecha: 7 de Noviembre de 2023\nLos representantes de las empresas de transporte p\u00fablico binacional venezolanas, ...\n\t\t\t\t\t\t\t\t\t\t\t<\/div><!-- .entry-content -->\n\t\t\t\t\n\t\t\t\t\t\t\t\t\t\t\t\t\t\t<p class=\"read-more-section\">\n\t\t\t\t\t\t<a class=\"btn-read-more more-link\" href=\"https:\/\/comvenezuela.com\/transporte-binacional-venezolano-podra-ingresar-a-partir-de-este-miercoles-por-los-puentes-de-urena-y-san-antonio\/\">Continuar leyendo<\/a>\t\t\t\t\t<\/p>\n\t\t\t\t\t\t\t\t\t\t\t\n\t\t\t\n\t\t\t\t\t<\/div>\n\t<\/div>\n<\/article><!-- #post -->\n\n\n\t\t\t\t\t\t\t\t\t\t\t\n<article id=\"post-16126\" class=\"wd-post blog-design-masonry blog-post-loop blog-style-bg wd-add-shadow wd-col post-16126 post type-post status-publish format-standard has-post-thumbnail hentry category-actualidad-binacional\">\n\t<div class=\"article-inner\">\n\t\t\t\t\t<header class=\"entry-header\">\n\t\t\t\t\t\t\t\t\t<figure id=\"carousel-260\" class=\"entry-thumbnail\">\n\t\t\t\t\t\t\n\t\t\t\t\t\t\t<div class=\"post-img-wrapp\">\n\t\t\t\t\t\t\t\t<a href=\"https:\/\/comvenezuela.com\/este-es-el-impacto-en-colombia-del-alivio-de-las-sanciones-de-ee-uu-contra-venezuela\/\">\n\t\t\t\t\t\t\t\t\t<img width=\"1000\" height=\"650\" src=\"https:\/\/comvenezuela.com\/wp-content\/uploads\/2024\/01\/12-comvenezuela.jpg\" class=\"attachment-large size-large\" alt=\"\" decoding=\"async\" srcset=\"https:\/\/comvenezuela.com\/wp-content\/uploads\/2024\/01\/12-comvenezuela.jpg 1000w, https:\/\/comvenezuela.com\/wp-content\/uploads\/2024\/01\/12-comvenezuela-400x260.jpg 400w, https:\/\/comvenezuela.com\/wp-content\/uploads\/2024\/01\/12-comvenezuela-768x499.jpg 768w, https:\/\/comvenezuela.com\/wp-content\/uploads\/2024\/01\/12-comvenezuela-860x559.jpg 860w, https:\/\/comvenezuela.com\/wp-content\/uploads\/2024\/01\/12-comvenezuela-430x280.jpg 430w, https:\/\/comvenezuela.com\/wp-content\/uploads\/2024\/01\/12-comvenezuela-700x455.jpg 700w, https:\/\/comvenezuela.com\/wp-content\/uploads\/2024\/01\/12-comvenezuela-150x98.jpg 150w\" sizes=\"(max-width: 1000px) 100vw, 1000px\" \/>\t\t\t\t\t\t\t\t<\/a>\n\t\t\t\t\t\t\t<\/div>\n\t\t\t\t\t\t\t<div class=\"post-image-mask\">\n\t\t\t\t\t\t\t\t<span><\/span>\n\t\t\t\t\t\t\t<\/div>\n\n\t\t\t\t\t\t\n\t\t\t\t\t<\/figure>\n\t\t\t\t\n\t\t\t\t\t\t\t\t\t\t\t\t<div class=\"post-date wd-post-date wd-style-with-bg\">\n\t\t\t\t<span class=\"post-date-day\">\n\t\t\t\t\t08\t\t\t\t<\/span>\n\t\t\t\t<span class=\"post-date-month\">\n\t\t\t\t\tNov\t\t\t\t<\/span>\n\t\t\t<\/div>\n\t\t\t\t\t\t\n\t\t\t<\/header><!-- .entry-header -->\n\n\t\t<div class=\"article-body-container\">\n\t\t\t\n\t\t\t\t\t\t\t\t\t<div class=\"meta-categories-wrapp\"><div class=\"meta-post-categories wd-post-cat wd-style-with-bg\"><a href=\"https:\/\/comvenezuela.com\/category\/actualidad-binacional\/\" rel=\"category tag\">Actualidad Binacional<\/a><\/div><\/div>\n\t\t\t\t\n\t\t\t\t\t\t\t\t\t<h3 class=\"wd-entities-title title post-title\">\n\t\t\t\t\t\t<a href=\"https:\/\/comvenezuela.com\/este-es-el-impacto-en-colombia-del-alivio-de-las-sanciones-de-ee-uu-contra-venezuela\/\" rel=\"bookmark\">Este es el impacto en Colombia del alivio de las sanciones de EE.UU. contra Venezuela<\/a>\n\t\t\t\t\t<\/h3>\n\t\t\t\t\n\t\t\t\t\t\t\t\t\t<div class=\"entry-meta wd-entry-meta\">\n\t\t\t\t\t\t\t\t\t<ul class=\"entry-meta-list\">\n\t\t\t\t\t\t\t\t\t<li class=\"modified-date\">\n\t\t\t\t\t\t\t\t<time class=\"updated\" datetime=\"2024-03-26T07:55:37-05:00\">\n\t\t\t26 de marzo de 2024\t\t<\/time>\n\t\t\t\t\t\t\t<\/li>\n\n\t\t\t\t\t\n\t\t\t\t\t\t\t\t\t\t\t<li class=\"meta-author\">\n\t\t\t\t\t\t\t\t\t\t\t\t<span>Por<\/span>\n\t\t\n\t\t\t\t\t<img alt='author-avatar' src='https:\/\/comvenezuela.com\/wp-content\/uploads\/2024\/03\/06-comvenezuela-300x300.png' srcset='https:\/\/comvenezuela.com\/wp-content\/uploads\/2024\/03\/06-comvenezuela-300x300.png 300w, https:\/\/comvenezuela.com\/wp-content\/uploads\/2024\/03\/06-comvenezuela-430x430.png 430w, https:\/\/comvenezuela.com\/wp-content\/uploads\/2024\/03\/06-comvenezuela-150x150.png 150w, https:\/\/comvenezuela.com\/wp-content\/uploads\/2024\/03\/06-comvenezuela.png 512w' class='avatar avatar-32 photo' height='32' width='32' decoding='async'\/>\t\t\n\t\t<a href=\"https:\/\/comvenezuela.com\/author\/nueva-comvenezuela-com\/\" rel=\"author\">\n\t\t\t<span class=\"vcard author author_name\">\n\t\t\t\t<span class=\"fn\">Comvenezuela<\/span>\n\t\t\t<\/span>\n\t\t<\/a>\n\t\t\t\t\t\t\t\t<\/li>\n\t\t\t\t\t\n\t\t\t\t\t\n\t\t\t\t\t\t\t\t\t\t\t\t<\/ul>\n\t\t\t\t\t\t\t<\/div><!-- .entry-meta -->\n\t\t\t\t\t\t\t\t\t\t\t<div class=\"hovered-social-icons wd-tltp wd-tltp-top\">\n\t\t\t\t\t\t\t<div class=\"wd-tooltip-label\">\n\t\t\t\t\t\t\t\t\n\t\t\t<div class=\" wd-social-icons icons-design-default icons-size-small color-scheme-light social-share social-form-circle text-center\">\n\n\t\t\t\t\n\t\t\t\t\t\t\t\t\t<a rel=\"noopener noreferrer nofollow\" href=\"https:\/\/www.facebook.com\/sharer\/sharer.php?u=https:\/\/comvenezuela.com\/este-es-el-impacto-en-colombia-del-alivio-de-las-sanciones-de-ee-uu-contra-venezuela\/\" target=\"_blank\" class=\" wd-social-icon social-facebook\" aria-label=\"Enlace social Facebook\">\n\t\t\t\t\t\t<span class=\"wd-icon\"><\/span>\n\t\t\t\t\t\t\t\t\t\t\t<\/a>\n\t\t\t\t\n\t\t\t\t\t\t\t\t\t<a rel=\"noopener noreferrer nofollow\" href=\"https:\/\/x.com\/share?url=https:\/\/comvenezuela.com\/este-es-el-impacto-en-colombia-del-alivio-de-las-sanciones-de-ee-uu-contra-venezuela\/\" target=\"_blank\" class=\" wd-social-icon social-twitter\" aria-label=\"Enlace de la red social X\">\n\t\t\t\t\t\t<span class=\"wd-icon\"><\/span>\n\t\t\t\t\t\t\t\t\t\t\t<\/a>\n\t\t\t\t\n\t\t\t\t\n\t\t\t\t\n\t\t\t\t\n\t\t\t\t\t\t\t\t\t<a rel=\"noopener noreferrer nofollow\" href=\"https:\/\/pinterest.com\/pin\/create\/button\/?url=https:\/\/comvenezuela.com\/este-es-el-impacto-en-colombia-del-alivio-de-las-sanciones-de-ee-uu-contra-venezuela\/&media=https:\/\/comvenezuela.com\/wp-content\/uploads\/2024\/01\/12-comvenezuela.jpg&description=Este+es+el+impacto+en+Colombia+del+alivio+de+las+sanciones+de+EE.UU.+contra+Venezuela\" target=\"_blank\" class=\" wd-social-icon social-pinterest\" aria-label=\"Enlace social Pinterest\">\n\t\t\t\t\t\t<span class=\"wd-icon\"><\/span>\n\t\t\t\t\t\t\t\t\t\t\t<\/a>\n\t\t\t\t\n\t\t\t\t\n\t\t\t\t\t\t\t\t\t<a rel=\"noopener noreferrer nofollow\" href=\"https:\/\/www.linkedin.com\/shareArticle?mini=true&url=https:\/\/comvenezuela.com\/este-es-el-impacto-en-colombia-del-alivio-de-las-sanciones-de-ee-uu-contra-venezuela\/\" target=\"_blank\" class=\" wd-social-icon social-linkedin\" aria-label=\"Enlace social Linkedin\">\n\t\t\t\t\t\t<span class=\"wd-icon\"><\/span>\n\t\t\t\t\t\t\t\t\t\t\t<\/a>\n\t\t\t\t\n\t\t\t\t\n\t\t\t\t\n\t\t\t\t\n\t\t\t\t\n\t\t\t\t\n\t\t\t\t\n\t\t\t\t\n\t\t\t\t\n\t\t\t\t\n\t\t\t\t\t\t\t\t\n\t\t\t\t\t\t\t\t\n\t\t\t\t\n\t\t\t\t\n\t\t\t\t\t\t\t\t\t<a rel=\"noopener noreferrer nofollow\" href=\"https:\/\/telegram.me\/share\/url?url=https:\/\/comvenezuela.com\/este-es-el-impacto-en-colombia-del-alivio-de-las-sanciones-de-ee-uu-contra-venezuela\/\" target=\"_blank\" class=\" wd-social-icon social-tg\" aria-label=\"Enlace social Telegram\">\n\t\t\t\t\t\t<span class=\"wd-icon\"><\/span>\n\t\t\t\t\t\t\t\t\t\t\t<\/a>\n\t\t\t\t\t\t\t\t\n\t\t\t\t\n\t\t\t<\/div>\n\n\t\t\t\t\t\t\t\t\t<\/div>\n\t\t\t\t\t\t<\/div>\n\t\t\t\t\t\t\t\t\t\t\t\t\n\t\t\t\t\t\t\t\n\t\t\t\t                    <div class=\"entry-content wd-entry-content\">\n\t\t\t\t\t\tPor: ROBERTO CASAS LUGO\nFecha: 31 de Octubre de 2023\nEl Gobierno de Estados Unidos levant\u00f3 por seis meses las sanciones energ\u00e9ticas sob...\n\t\t\t\t\t\t\t\t\t\t\t<\/div><!-- .entry-content -->\n\t\t\t\t\n\t\t\t\t\t\t\t\t\t\t\t\t\t\t<p class=\"read-more-section\">\n\t\t\t\t\t\t<a class=\"btn-read-more more-link\" href=\"https:\/\/comvenezuela.com\/este-es-el-impacto-en-colombia-del-alivio-de-las-sanciones-de-ee-uu-contra-venezuela\/\">Continuar leyendo<\/a>\t\t\t\t\t<\/p>\n\t\t\t\t\t\t\t\t\t\t\t\n\t\t\t\n\t\t\t\t\t<\/div>\n\t<\/div>\n<\/article><!-- #post -->\n\n\n\t\t\t\t\t\t\t\t\t\t\t\n<article id=\"post-16129\" class=\"wd-post blog-design-masonry blog-post-loop blog-style-bg wd-add-shadow wd-col post-16129 post type-post status-publish format-standard has-post-thumbnail hentry category-actualidad-binacional\">\n\t<div class=\"article-inner\">\n\t\t\t\t\t<header class=\"entry-header\">\n\t\t\t\t\t\t\t\t\t<figure id=\"carousel-385\" class=\"entry-thumbnail\">\n\t\t\t\t\t\t\n\t\t\t\t\t\t\t<div class=\"post-img-wrapp\">\n\t\t\t\t\t\t\t\t<a href=\"https:\/\/comvenezuela.com\/2000-2\/\">\n\t\t\t\t\t\t\t\t\t<img width=\"1000\" height=\"650\" src=\"https:\/\/comvenezuela.com\/wp-content\/uploads\/2024\/01\/12-comvenezuela.jpg\" class=\"attachment-large size-large\" alt=\"\" decoding=\"async\" srcset=\"https:\/\/comvenezuela.com\/wp-content\/uploads\/2024\/01\/12-comvenezuela.jpg 1000w, https:\/\/comvenezuela.com\/wp-content\/uploads\/2024\/01\/12-comvenezuela-400x260.jpg 400w, https:\/\/comvenezuela.com\/wp-content\/uploads\/2024\/01\/12-comvenezuela-768x499.jpg 768w, https:\/\/comvenezuela.com\/wp-content\/uploads\/2024\/01\/12-comvenezuela-860x559.jpg 860w, https:\/\/comvenezuela.com\/wp-content\/uploads\/2024\/01\/12-comvenezuela-430x280.jpg 430w, https:\/\/comvenezuela.com\/wp-content\/uploads\/2024\/01\/12-comvenezuela-700x455.jpg 700w, https:\/\/comvenezuela.com\/wp-content\/uploads\/2024\/01\/12-comvenezuela-150x98.jpg 150w\" sizes=\"(max-width: 1000px) 100vw, 1000px\" \/>\t\t\t\t\t\t\t\t<\/a>\n\t\t\t\t\t\t\t<\/div>\n\t\t\t\t\t\t\t<div class=\"post-image-mask\">\n\t\t\t\t\t\t\t\t<span><\/span>\n\t\t\t\t\t\t\t<\/div>\n\n\t\t\t\t\t\t\n\t\t\t\t\t<\/figure>\n\t\t\t\t\n\t\t\t\t\t\t\t\t\t\t\t\t<div class=\"post-date wd-post-date wd-style-with-bg\">\n\t\t\t\t<span class=\"post-date-day\">\n\t\t\t\t\t02\t\t\t\t<\/span>\n\t\t\t\t<span class=\"post-date-month\">\n\t\t\t\t\tNov\t\t\t\t<\/span>\n\t\t\t<\/div>\n\t\t\t\t\t\t\n\t\t\t<\/header><!-- .entry-header -->\n\n\t\t<div class=\"article-body-container\">\n\t\t\t\n\t\t\t\t\t\t\t\t\t<div class=\"meta-categories-wrapp\"><div class=\"meta-post-categories wd-post-cat wd-style-with-bg\"><a href=\"https:\/\/comvenezuela.com\/category\/actualidad-binacional\/\" rel=\"category tag\">Actualidad Binacional<\/a><\/div><\/div>\n\t\t\t\t\n\t\t\t\t\t\t\t\t\t<h3 class=\"wd-entities-title title post-title\">\n\t\t\t\t\t\t<a href=\"https:\/\/comvenezuela.com\/2000-2\/\" rel=\"bookmark\">Ampliaci\u00f3n horarios pasos fronterizos C\u00facuta y apertura puente La Uni\u00f3n<\/a>\n\t\t\t\t\t<\/h3>\n\t\t\t\t\n\t\t\t\t\t\t\t\t\t<div class=\"entry-meta wd-entry-meta\">\n\t\t\t\t\t\t\t\t\t<ul class=\"entry-meta-list\">\n\t\t\t\t\t\t\t\t\t<li class=\"modified-date\">\n\t\t\t\t\t\t\t\t<time class=\"updated\" datetime=\"2024-03-26T07:56:08-05:00\">\n\t\t\t26 de marzo de 2024\t\t<\/time>\n\t\t\t\t\t\t\t<\/li>\n\n\t\t\t\t\t\n\t\t\t\t\t\t\t\t\t\t\t<li class=\"meta-author\">\n\t\t\t\t\t\t\t\t\t\t\t\t<span>Por<\/span>\n\t\t\n\t\t\t\t\t<img alt='author-avatar' src='https:\/\/comvenezuela.com\/wp-content\/uploads\/2024\/03\/06-comvenezuela-300x300.png' srcset='https:\/\/comvenezuela.com\/wp-content\/uploads\/2024\/03\/06-comvenezuela-300x300.png 300w, https:\/\/comvenezuela.com\/wp-content\/uploads\/2024\/03\/06-comvenezuela-430x430.png 430w, https:\/\/comvenezuela.com\/wp-content\/uploads\/2024\/03\/06-comvenezuela-150x150.png 150w, https:\/\/comvenezuela.com\/wp-content\/uploads\/2024\/03\/06-comvenezuela.png 512w' class='avatar avatar-32 photo' height='32' width='32' decoding='async'\/>\t\t\n\t\t<a href=\"https:\/\/comvenezuela.com\/author\/nueva-comvenezuela-com\/\" rel=\"author\">\n\t\t\t<span class=\"vcard author author_name\">\n\t\t\t\t<span class=\"fn\">Comvenezuela<\/span>\n\t\t\t<\/span>\n\t\t<\/a>\n\t\t\t\t\t\t\t\t<\/li>\n\t\t\t\t\t\n\t\t\t\t\t\n\t\t\t\t\t\t\t\t\t\t\t\t<\/ul>\n\t\t\t\t\t\t\t<\/div><!-- .entry-meta -->\n\t\t\t\t\t\t\t\t\t\t\t<div class=\"hovered-social-icons wd-tltp wd-tltp-top\">\n\t\t\t\t\t\t\t<div class=\"wd-tooltip-label\">\n\t\t\t\t\t\t\t\t\n\t\t\t<div class=\" wd-social-icons icons-design-default icons-size-small color-scheme-light social-share social-form-circle text-center\">\n\n\t\t\t\t\n\t\t\t\t\t\t\t\t\t<a rel=\"noopener noreferrer nofollow\" href=\"https:\/\/www.facebook.com\/sharer\/sharer.php?u=https:\/\/comvenezuela.com\/2000-2\/\" target=\"_blank\" class=\" wd-social-icon social-facebook\" aria-label=\"Enlace social Facebook\">\n\t\t\t\t\t\t<span class=\"wd-icon\"><\/span>\n\t\t\t\t\t\t\t\t\t\t\t<\/a>\n\t\t\t\t\n\t\t\t\t\t\t\t\t\t<a rel=\"noopener noreferrer nofollow\" href=\"https:\/\/x.com\/share?url=https:\/\/comvenezuela.com\/2000-2\/\" target=\"_blank\" class=\" wd-social-icon social-twitter\" aria-label=\"Enlace de la red social X\">\n\t\t\t\t\t\t<span class=\"wd-icon\"><\/span>\n\t\t\t\t\t\t\t\t\t\t\t<\/a>\n\t\t\t\t\n\t\t\t\t\n\t\t\t\t\n\t\t\t\t\n\t\t\t\t\t\t\t\t\t<a rel=\"noopener noreferrer nofollow\" href=\"https:\/\/pinterest.com\/pin\/create\/button\/?url=https:\/\/comvenezuela.com\/2000-2\/&media=https:\/\/comvenezuela.com\/wp-content\/uploads\/2024\/01\/12-comvenezuela.jpg&description=Ampliaci%C3%B3n+horarios+pasos+fronterizos+C%C3%BAcuta+y+apertura+puente+La+Uni%C3%B3n\" target=\"_blank\" class=\" wd-social-icon social-pinterest\" aria-label=\"Enlace social Pinterest\">\n\t\t\t\t\t\t<span class=\"wd-icon\"><\/span>\n\t\t\t\t\t\t\t\t\t\t\t<\/a>\n\t\t\t\t\n\t\t\t\t\n\t\t\t\t\t\t\t\t\t<a rel=\"noopener noreferrer nofollow\" href=\"https:\/\/www.linkedin.com\/shareArticle?mini=true&url=https:\/\/comvenezuela.com\/2000-2\/\" target=\"_blank\" class=\" wd-social-icon social-linkedin\" aria-label=\"Enlace social Linkedin\">\n\t\t\t\t\t\t<span class=\"wd-icon\"><\/span>\n\t\t\t\t\t\t\t\t\t\t\t<\/a>\n\t\t\t\t\n\t\t\t\t\n\t\t\t\t\n\t\t\t\t\n\t\t\t\t\n\t\t\t\t\n\t\t\t\t\n\t\t\t\t\n\t\t\t\t\n\t\t\t\t\n\t\t\t\t\t\t\t\t\n\t\t\t\t\t\t\t\t\n\t\t\t\t\n\t\t\t\t\n\t\t\t\t\t\t\t\t\t<a rel=\"noopener noreferrer nofollow\" href=\"https:\/\/telegram.me\/share\/url?url=https:\/\/comvenezuela.com\/2000-2\/\" target=\"_blank\" class=\" wd-social-icon social-tg\" aria-label=\"Enlace social Telegram\">\n\t\t\t\t\t\t<span class=\"wd-icon\"><\/span>\n\t\t\t\t\t\t\t\t\t\t\t<\/a>\n\t\t\t\t\t\t\t\t\n\t\t\t\t\n\t\t\t<\/div>\n\n\t\t\t\t\t\t\t\t\t<\/div>\n\t\t\t\t\t\t<\/div>\n\t\t\t\t\t\t\t\t\t\t\t\t\n\t\t\t\t\t\t\t\n\t\t\t\t                    <div class=\"entry-content wd-entry-content\">\n\t\t\t\t\t\tEstimados empresarios,\u00a0\nA continuaci\u00f3n, informamos sobre los desarrollos recientes en lo que respecta a la circulaci\u00f3n de veh\u00edculos par...\n\t\t\t\t\t\t\t\t\t\t\t<\/div><!-- .entry-content -->\n\t\t\t\t\n\t\t\t\t\t\t\t\t\t\t\t\t\t\t<p class=\"read-more-section\">\n\t\t\t\t\t\t<a class=\"btn-read-more more-link\" href=\"https:\/\/comvenezuela.com\/2000-2\/\">Continuar leyendo<\/a>\t\t\t\t\t<\/p>\n\t\t\t\t\t\t\t\t\t\t\t\n\t\t\t\n\t\t\t\t\t<\/div>\n\t<\/div>\n<\/article><!-- #post -->\n\n\n\t\t\t\t\t\t\t\t\t\t\t\n<article id=\"post-16134\" class=\"wd-post blog-design-masonry blog-post-loop blog-style-bg wd-add-shadow wd-col post-16134 post type-post status-publish format-standard has-post-thumbnail hentry category-actualidad-binacional\">\n\t<div class=\"article-inner\">\n\t\t\t\t\t<header class=\"entry-header\">\n\t\t\t\t\t\t\t\t\t<figure id=\"carousel-426\" class=\"entry-thumbnail\">\n\t\t\t\t\t\t\n\t\t\t\t\t\t\t<div class=\"post-img-wrapp\">\n\t\t\t\t\t\t\t\t<a href=\"https:\/\/comvenezuela.com\/1877-2\/\">\n\t\t\t\t\t\t\t\t\t<img width=\"1000\" height=\"650\" src=\"https:\/\/comvenezuela.com\/wp-content\/uploads\/2024\/01\/12-comvenezuela.jpg\" class=\"attachment-large size-large\" alt=\"\" decoding=\"async\" srcset=\"https:\/\/comvenezuela.com\/wp-content\/uploads\/2024\/01\/12-comvenezuela.jpg 1000w, https:\/\/comvenezuela.com\/wp-content\/uploads\/2024\/01\/12-comvenezuela-400x260.jpg 400w, https:\/\/comvenezuela.com\/wp-content\/uploads\/2024\/01\/12-comvenezuela-768x499.jpg 768w, https:\/\/comvenezuela.com\/wp-content\/uploads\/2024\/01\/12-comvenezuela-860x559.jpg 860w, https:\/\/comvenezuela.com\/wp-content\/uploads\/2024\/01\/12-comvenezuela-430x280.jpg 430w, https:\/\/comvenezuela.com\/wp-content\/uploads\/2024\/01\/12-comvenezuela-700x455.jpg 700w, https:\/\/comvenezuela.com\/wp-content\/uploads\/2024\/01\/12-comvenezuela-150x98.jpg 150w\" sizes=\"(max-width: 1000px) 100vw, 1000px\" \/>\t\t\t\t\t\t\t\t<\/a>\n\t\t\t\t\t\t\t<\/div>\n\t\t\t\t\t\t\t<div class=\"post-image-mask\">\n\t\t\t\t\t\t\t\t<span><\/span>\n\t\t\t\t\t\t\t<\/div>\n\n\t\t\t\t\t\t\n\t\t\t\t\t<\/figure>\n\t\t\t\t\n\t\t\t\t\t\t\t\t\t\t\t\t<div class=\"post-date wd-post-date wd-style-with-bg\">\n\t\t\t\t<span class=\"post-date-day\">\n\t\t\t\t\t06\t\t\t\t<\/span>\n\t\t\t\t<span class=\"post-date-month\">\n\t\t\t\t\tOct\t\t\t\t<\/span>\n\t\t\t<\/div>\n\t\t\t\t\t\t\n\t\t\t<\/header><!-- .entry-header -->\n\n\t\t<div class=\"article-body-container\">\n\t\t\t\n\t\t\t\t\t\t\t\t\t<div class=\"meta-categories-wrapp\"><div class=\"meta-post-categories wd-post-cat wd-style-with-bg\"><a href=\"https:\/\/comvenezuela.com\/category\/actualidad-binacional\/\" rel=\"category tag\">Actualidad Binacional<\/a><\/div><\/div>\n\t\t\t\t\n\t\t\t\t\t\t\t\t\t<h3 class=\"wd-entities-title title post-title\">\n\t\t\t\t\t\t<a href=\"https:\/\/comvenezuela.com\/1877-2\/\" rel=\"bookmark\">Con m\u00e1s de 900 empresarios colombianos y venezolanos concluy\u00f3 con \u00e9xito la Macrorrueda Binacional Venezuela &#8211; Colombia 2023<\/a>\n\t\t\t\t\t<\/h3>\n\t\t\t\t\n\t\t\t\t\t\t\t\t\t<div class=\"entry-meta wd-entry-meta\">\n\t\t\t\t\t\t\t\t\t<ul class=\"entry-meta-list\">\n\t\t\t\t\t\t\t\t\t<li class=\"modified-date\">\n\t\t\t\t\t\t\t\t<time class=\"updated\" datetime=\"2024-03-26T07:56:02-05:00\">\n\t\t\t26 de marzo de 2024\t\t<\/time>\n\t\t\t\t\t\t\t<\/li>\n\n\t\t\t\t\t\n\t\t\t\t\t\t\t\t\t\t\t<li class=\"meta-author\">\n\t\t\t\t\t\t\t\t\t\t\t\t<span>Por<\/span>\n\t\t\n\t\t\t\t\t<img alt='author-avatar' src='https:\/\/comvenezuela.com\/wp-content\/uploads\/2024\/03\/06-comvenezuela-300x300.png' srcset='https:\/\/comvenezuela.com\/wp-content\/uploads\/2024\/03\/06-comvenezuela-300x300.png 300w, https:\/\/comvenezuela.com\/wp-content\/uploads\/2024\/03\/06-comvenezuela-430x430.png 430w, https:\/\/comvenezuela.com\/wp-content\/uploads\/2024\/03\/06-comvenezuela-150x150.png 150w, https:\/\/comvenezuela.com\/wp-content\/uploads\/2024\/03\/06-comvenezuela.png 512w' class='avatar avatar-32 photo' height='32' width='32' decoding='async'\/>\t\t\n\t\t<a href=\"https:\/\/comvenezuela.com\/author\/nueva-comvenezuela-com\/\" rel=\"author\">\n\t\t\t<span class=\"vcard author author_name\">\n\t\t\t\t<span class=\"fn\">Comvenezuela<\/span>\n\t\t\t<\/span>\n\t\t<\/a>\n\t\t\t\t\t\t\t\t<\/li>\n\t\t\t\t\t\n\t\t\t\t\t\n\t\t\t\t\t\t\t\t\t\t\t\t<\/ul>\n\t\t\t\t\t\t\t<\/div><!-- .entry-meta -->\n\t\t\t\t\t\t\t\t\t\t\t<div class=\"hovered-social-icons wd-tltp wd-tltp-top\">\n\t\t\t\t\t\t\t<div class=\"wd-tooltip-label\">\n\t\t\t\t\t\t\t\t\n\t\t\t<div class=\" wd-social-icons icons-design-default icons-size-small color-scheme-light social-share social-form-circle text-center\">\n\n\t\t\t\t\n\t\t\t\t\t\t\t\t\t<a rel=\"noopener noreferrer nofollow\" href=\"https:\/\/www.facebook.com\/sharer\/sharer.php?u=https:\/\/comvenezuela.com\/1877-2\/\" target=\"_blank\" class=\" wd-social-icon social-facebook\" aria-label=\"Enlace social Facebook\">\n\t\t\t\t\t\t<span class=\"wd-icon\"><\/span>\n\t\t\t\t\t\t\t\t\t\t\t<\/a>\n\t\t\t\t\n\t\t\t\t\t\t\t\t\t<a rel=\"noopener noreferrer nofollow\" href=\"https:\/\/x.com\/share?url=https:\/\/comvenezuela.com\/1877-2\/\" target=\"_blank\" class=\" wd-social-icon social-twitter\" aria-label=\"Enlace de la red social X\">\n\t\t\t\t\t\t<span class=\"wd-icon\"><\/span>\n\t\t\t\t\t\t\t\t\t\t\t<\/a>\n\t\t\t\t\n\t\t\t\t\n\t\t\t\t\n\t\t\t\t\n\t\t\t\t\t\t\t\t\t<a rel=\"noopener noreferrer nofollow\" href=\"https:\/\/pinterest.com\/pin\/create\/button\/?url=https:\/\/comvenezuela.com\/1877-2\/&media=https:\/\/comvenezuela.com\/wp-content\/uploads\/2024\/01\/12-comvenezuela.jpg&description=Con+m%C3%A1s+de+900+empresarios+colombianos+y+venezolanos+concluy%C3%B3+con+%C3%A9xito+la+Macrorrueda+Binacional+Venezuela+%26%238211%3B+Colombia+2023\" target=\"_blank\" class=\" wd-social-icon social-pinterest\" aria-label=\"Enlace social Pinterest\">\n\t\t\t\t\t\t<span class=\"wd-icon\"><\/span>\n\t\t\t\t\t\t\t\t\t\t\t<\/a>\n\t\t\t\t\n\t\t\t\t\n\t\t\t\t\t\t\t\t\t<a rel=\"noopener noreferrer nofollow\" href=\"https:\/\/www.linkedin.com\/shareArticle?mini=true&url=https:\/\/comvenezuela.com\/1877-2\/\" target=\"_blank\" class=\" wd-social-icon social-linkedin\" aria-label=\"Enlace social Linkedin\">\n\t\t\t\t\t\t<span class=\"wd-icon\"><\/span>\n\t\t\t\t\t\t\t\t\t\t\t<\/a>\n\t\t\t\t\n\t\t\t\t\n\t\t\t\t\n\t\t\t\t\n\t\t\t\t\n\t\t\t\t\n\t\t\t\t\n\t\t\t\t\n\t\t\t\t\n\t\t\t\t\n\t\t\t\t\t\t\t\t\n\t\t\t\t\t\t\t\t\n\t\t\t\t\n\t\t\t\t\n\t\t\t\t\t\t\t\t\t<a rel=\"noopener noreferrer nofollow\" href=\"https:\/\/telegram.me\/share\/url?url=https:\/\/comvenezuela.com\/1877-2\/\" target=\"_blank\" class=\" wd-social-icon social-tg\" aria-label=\"Enlace social Telegram\">\n\t\t\t\t\t\t<span class=\"wd-icon\"><\/span>\n\t\t\t\t\t\t\t\t\t\t\t<\/a>\n\t\t\t\t\t\t\t\t\n\t\t\t\t\n\t\t\t<\/div>\n\n\t\t\t\t\t\t\t\t\t<\/div>\n\t\t\t\t\t\t<\/div>\n\t\t\t\t\t\t\t\t\t\t\t\t\n\t\t\t\t\t\t\t\n\t\t\t\t                    <div class=\"entry-content wd-entry-content\">\n\t\t\t\t\t\tPor: Mincit\nFecha: 02 de octubre de 2023\nSeg\u00fan cifras del Viceministerio de Comercio de Venezuela, el encuentro comercial cont\u00f3 con la ...\n\t\t\t\t\t\t\t\t\t\t\t<\/div><!-- .entry-content -->\n\t\t\t\t\n\t\t\t\t\t\t\t\t\t\t\t\t\t\t<p class=\"read-more-section\">\n\t\t\t\t\t\t<a class=\"btn-read-more more-link\" href=\"https:\/\/comvenezuela.com\/1877-2\/\">Continuar leyendo<\/a>\t\t\t\t\t<\/p>\n\t\t\t\t\t\t\t\t\t\t\t\n\t\t\t\n\t\t\t\t\t<\/div>\n\t<\/div>\n<\/article><!-- #post -->\n\n\n\t\t\t\t\t\t\t\t\t\t\t\n<article id=\"post-16135\" class=\"wd-post blog-design-masonry blog-post-loop blog-style-bg wd-add-shadow wd-col post-16135 post type-post status-publish format-standard has-post-thumbnail hentry category-actualidad-binacional\">\n\t<div class=\"article-inner\">\n\t\t\t\t\t<header class=\"entry-header\">\n\t\t\t\t\t\t\t\t\t<figure id=\"carousel-652\" class=\"entry-thumbnail\">\n\t\t\t\t\t\t\n\t\t\t\t\t\t\t<div class=\"post-img-wrapp\">\n\t\t\t\t\t\t\t\t<a href=\"https:\/\/comvenezuela.com\/colombia-y-venezuela-reabriran-puente-internacional-la-union-en-norte-de-santander\/\">\n\t\t\t\t\t\t\t\t\t<img width=\"1000\" height=\"650\" src=\"https:\/\/comvenezuela.com\/wp-content\/uploads\/2024\/01\/12-comvenezuela.jpg\" class=\"attachment-large size-large\" alt=\"\" decoding=\"async\" srcset=\"https:\/\/comvenezuela.com\/wp-content\/uploads\/2024\/01\/12-comvenezuela.jpg 1000w, https:\/\/comvenezuela.com\/wp-content\/uploads\/2024\/01\/12-comvenezuela-400x260.jpg 400w, https:\/\/comvenezuela.com\/wp-content\/uploads\/2024\/01\/12-comvenezuela-768x499.jpg 768w, https:\/\/comvenezuela.com\/wp-content\/uploads\/2024\/01\/12-comvenezuela-860x559.jpg 860w, https:\/\/comvenezuela.com\/wp-content\/uploads\/2024\/01\/12-comvenezuela-430x280.jpg 430w, https:\/\/comvenezuela.com\/wp-content\/uploads\/2024\/01\/12-comvenezuela-700x455.jpg 700w, https:\/\/comvenezuela.com\/wp-content\/uploads\/2024\/01\/12-comvenezuela-150x98.jpg 150w\" sizes=\"(max-width: 1000px) 100vw, 1000px\" \/>\t\t\t\t\t\t\t\t<\/a>\n\t\t\t\t\t\t\t<\/div>\n\t\t\t\t\t\t\t<div class=\"post-image-mask\">\n\t\t\t\t\t\t\t\t<span><\/span>\n\t\t\t\t\t\t\t<\/div>\n\n\t\t\t\t\t\t\n\t\t\t\t\t<\/figure>\n\t\t\t\t\n\t\t\t\t\t\t\t\t\t\t\t\t<div class=\"post-date wd-post-date wd-style-with-bg\">\n\t\t\t\t<span class=\"post-date-day\">\n\t\t\t\t\t29\t\t\t\t<\/span>\n\t\t\t\t<span class=\"post-date-month\">\n\t\t\t\t\tSep\t\t\t\t<\/span>\n\t\t\t<\/div>\n\t\t\t\t\t\t\n\t\t\t<\/header><!-- .entry-header -->\n\n\t\t<div class=\"article-body-container\">\n\t\t\t\n\t\t\t\t\t\t\t\t\t<div class=\"meta-categories-wrapp\"><div class=\"meta-post-categories wd-post-cat wd-style-with-bg\"><a href=\"https:\/\/comvenezuela.com\/category\/actualidad-binacional\/\" rel=\"category tag\">Actualidad Binacional<\/a><\/div><\/div>\n\t\t\t\t\n\t\t\t\t\t\t\t\t\t<h3 class=\"wd-entities-title title post-title\">\n\t\t\t\t\t\t<a href=\"https:\/\/comvenezuela.com\/colombia-y-venezuela-reabriran-puente-internacional-la-union-en-norte-de-santander\/\" rel=\"bookmark\">Al celebrar un a\u00f1o del restablecimiento de sus relaciones, gobiernos de Colombia y Venezuela acuerdan abrir Puente Internacional La Uni\u00f3n<\/a>\n\t\t\t\t\t<\/h3>\n\t\t\t\t\n\t\t\t\t\t\t\t\t\t<div class=\"entry-meta wd-entry-meta\">\n\t\t\t\t\t\t\t\t\t<ul class=\"entry-meta-list\">\n\t\t\t\t\t\t\t\t\t<li class=\"modified-date\">\n\t\t\t\t\t\t\t\t<time class=\"updated\" datetime=\"2024-03-26T07:56:33-05:00\">\n\t\t\t26 de marzo de 2024\t\t<\/time>\n\t\t\t\t\t\t\t<\/li>\n\n\t\t\t\t\t\n\t\t\t\t\t\t\t\t\t\t\t<li class=\"meta-author\">\n\t\t\t\t\t\t\t\t\t\t\t\t<span>Por<\/span>\n\t\t\n\t\t\t\t\t<img alt='author-avatar' src='https:\/\/comvenezuela.com\/wp-content\/uploads\/2024\/03\/06-comvenezuela-300x300.png' srcset='https:\/\/comvenezuela.com\/wp-content\/uploads\/2024\/03\/06-comvenezuela-300x300.png 300w, https:\/\/comvenezuela.com\/wp-content\/uploads\/2024\/03\/06-comvenezuela-430x430.png 430w, https:\/\/comvenezuela.com\/wp-content\/uploads\/2024\/03\/06-comvenezuela-150x150.png 150w, https:\/\/comvenezuela.com\/wp-content\/uploads\/2024\/03\/06-comvenezuela.png 512w' class='avatar avatar-32 photo' height='32' width='32' decoding='async'\/>\t\t\n\t\t<a href=\"https:\/\/comvenezuela.com\/author\/nueva-comvenezuela-com\/\" rel=\"author\">\n\t\t\t<span class=\"vcard author author_name\">\n\t\t\t\t<span class=\"fn\">Comvenezuela<\/span>\n\t\t\t<\/span>\n\t\t<\/a>\n\t\t\t\t\t\t\t\t<\/li>\n\t\t\t\t\t\n\t\t\t\t\t\n\t\t\t\t\t\t\t\t\t\t\t\t<\/ul>\n\t\t\t\t\t\t\t<\/div><!-- .entry-meta -->\n\t\t\t\t\t\t\t\t\t\t\t<div class=\"hovered-social-icons wd-tltp wd-tltp-top\">\n\t\t\t\t\t\t\t<div class=\"wd-tooltip-label\">\n\t\t\t\t\t\t\t\t\n\t\t\t<div class=\" wd-social-icons icons-design-default icons-size-small color-scheme-light social-share social-form-circle text-center\">\n\n\t\t\t\t\n\t\t\t\t\t\t\t\t\t<a rel=\"noopener noreferrer nofollow\" href=\"https:\/\/www.facebook.com\/sharer\/sharer.php?u=https:\/\/comvenezuela.com\/colombia-y-venezuela-reabriran-puente-internacional-la-union-en-norte-de-santander\/\" target=\"_blank\" class=\" wd-social-icon social-facebook\" aria-label=\"Enlace social Facebook\">\n\t\t\t\t\t\t<span class=\"wd-icon\"><\/span>\n\t\t\t\t\t\t\t\t\t\t\t<\/a>\n\t\t\t\t\n\t\t\t\t\t\t\t\t\t<a rel=\"noopener noreferrer nofollow\" href=\"https:\/\/x.com\/share?url=https:\/\/comvenezuela.com\/colombia-y-venezuela-reabriran-puente-internacional-la-union-en-norte-de-santander\/\" target=\"_blank\" class=\" wd-social-icon social-twitter\" aria-label=\"Enlace de la red social X\">\n\t\t\t\t\t\t<span class=\"wd-icon\"><\/span>\n\t\t\t\t\t\t\t\t\t\t\t<\/a>\n\t\t\t\t\n\t\t\t\t\n\t\t\t\t\n\t\t\t\t\n\t\t\t\t\t\t\t\t\t<a rel=\"noopener noreferrer nofollow\" href=\"https:\/\/pinterest.com\/pin\/create\/button\/?url=https:\/\/comvenezuela.com\/colombia-y-venezuela-reabriran-puente-internacional-la-union-en-norte-de-santander\/&media=https:\/\/comvenezuela.com\/wp-content\/uploads\/2024\/01\/12-comvenezuela.jpg&description=Al+celebrar+un+a%C3%B1o+del+restablecimiento+de+sus+relaciones%2C+gobiernos+de+Colombia+y+Venezuela+acuerdan+abrir+Puente+Internacional+La+Uni%C3%B3n\" target=\"_blank\" class=\" wd-social-icon social-pinterest\" aria-label=\"Enlace social Pinterest\">\n\t\t\t\t\t\t<span class=\"wd-icon\"><\/span>\n\t\t\t\t\t\t\t\t\t\t\t<\/a>\n\t\t\t\t\n\t\t\t\t\n\t\t\t\t\t\t\t\t\t<a rel=\"noopener noreferrer nofollow\" href=\"https:\/\/www.linkedin.com\/shareArticle?mini=true&url=https:\/\/comvenezuela.com\/colombia-y-venezuela-reabriran-puente-internacional-la-union-en-norte-de-santander\/\" target=\"_blank\" class=\" wd-social-icon social-linkedin\" aria-label=\"Enlace social Linkedin\">\n\t\t\t\t\t\t<span class=\"wd-icon\"><\/span>\n\t\t\t\t\t\t\t\t\t\t\t<\/a>\n\t\t\t\t\n\t\t\t\t\n\t\t\t\t\n\t\t\t\t\n\t\t\t\t\n\t\t\t\t\n\t\t\t\t\n\t\t\t\t\n\t\t\t\t\n\t\t\t\t\n\t\t\t\t\t\t\t\t\n\t\t\t\t\t\t\t\t\n\t\t\t\t\n\t\t\t\t\n\t\t\t\t\t\t\t\t\t<a rel=\"noopener noreferrer nofollow\" href=\"https:\/\/telegram.me\/share\/url?url=https:\/\/comvenezuela.com\/colombia-y-venezuela-reabriran-puente-internacional-la-union-en-norte-de-santander\/\" target=\"_blank\" class=\" wd-social-icon social-tg\" aria-label=\"Enlace social Telegram\">\n\t\t\t\t\t\t<span class=\"wd-icon\"><\/span>\n\t\t\t\t\t\t\t\t\t\t\t<\/a>\n\t\t\t\t\t\t\t\t\n\t\t\t\t\n\t\t\t<\/div>\n\n\t\t\t\t\t\t\t\t\t<\/div>\n\t\t\t\t\t\t<\/div>\n\t\t\t\t\t\t\t\t\t\t\t\t\n\t\t\t\t\t\t\t\n\t\t\t\t                    <div class=\"entry-content wd-entry-content\">\n\t\t\t\t\t\tPor: Mincit\nFecha: 27 de septiembre de 2023\nEl Puente Internacional La Uni\u00f3n, que conecta a los municipios de Puerto Santander en Norte...\n\t\t\t\t\t\t\t\t\t\t\t<\/div><!-- .entry-content -->\n\t\t\t\t\n\t\t\t\t\t\t\t\t\t\t\t\t\t\t<p class=\"read-more-section\">\n\t\t\t\t\t\t<a class=\"btn-read-more more-link\" href=\"https:\/\/comvenezuela.com\/colombia-y-venezuela-reabriran-puente-internacional-la-union-en-norte-de-santander\/\">Continuar leyendo<\/a>\t\t\t\t\t<\/p>\n\t\t\t\t\t\t\t\t\t\t\t\n\t\t\t\n\t\t\t\t\t<\/div>\n\t<\/div>\n<\/article><!-- #post -->\n\n\n\t\t\t\t\t\t\t\t\t\t\t\n<article id=\"post-16136\" class=\"wd-post blog-design-masonry blog-post-loop blog-style-bg wd-add-shadow wd-col post-16136 post type-post status-publish format-standard has-post-thumbnail hentry category-actualidad-binacional\">\n\t<div class=\"article-inner\">\n\t\t\t\t\t<header class=\"entry-header\">\n\t\t\t\t\t\t\t\t\t<figure id=\"carousel-714\" class=\"entry-thumbnail\">\n\t\t\t\t\t\t\n\t\t\t\t\t\t\t<div class=\"post-img-wrapp\">\n\t\t\t\t\t\t\t\t<a href=\"https:\/\/comvenezuela.com\/la-camara-se-toma-los-medios\/\">\n\t\t\t\t\t\t\t\t\t<img width=\"1000\" height=\"650\" src=\"https:\/\/comvenezuela.com\/wp-content\/uploads\/2024\/01\/12-comvenezuela.jpg\" class=\"attachment-large size-large\" alt=\"\" decoding=\"async\" srcset=\"https:\/\/comvenezuela.com\/wp-content\/uploads\/2024\/01\/12-comvenezuela.jpg 1000w, https:\/\/comvenezuela.com\/wp-content\/uploads\/2024\/01\/12-comvenezuela-400x260.jpg 400w, https:\/\/comvenezuela.com\/wp-content\/uploads\/2024\/01\/12-comvenezuela-768x499.jpg 768w, https:\/\/comvenezuela.com\/wp-content\/uploads\/2024\/01\/12-comvenezuela-860x559.jpg 860w, https:\/\/comvenezuela.com\/wp-content\/uploads\/2024\/01\/12-comvenezuela-430x280.jpg 430w, https:\/\/comvenezuela.com\/wp-content\/uploads\/2024\/01\/12-comvenezuela-700x455.jpg 700w, https:\/\/comvenezuela.com\/wp-content\/uploads\/2024\/01\/12-comvenezuela-150x98.jpg 150w\" sizes=\"(max-width: 1000px) 100vw, 1000px\" \/>\t\t\t\t\t\t\t\t<\/a>\n\t\t\t\t\t\t\t<\/div>\n\t\t\t\t\t\t\t<div class=\"post-image-mask\">\n\t\t\t\t\t\t\t\t<span><\/span>\n\t\t\t\t\t\t\t<\/div>\n\n\t\t\t\t\t\t\n\t\t\t\t\t<\/figure>\n\t\t\t\t\n\t\t\t\t\t\t\t\t\t\t\t\t<div class=\"post-date wd-post-date wd-style-with-bg\">\n\t\t\t\t<span class=\"post-date-day\">\n\t\t\t\t\t26\t\t\t\t<\/span>\n\t\t\t\t<span class=\"post-date-month\">\n\t\t\t\t\tSep\t\t\t\t<\/span>\n\t\t\t<\/div>\n\t\t\t\t\t\t\n\t\t\t<\/header><!-- .entry-header -->\n\n\t\t<div class=\"article-body-container\">\n\t\t\t\n\t\t\t\t\t\t\t\t\t<div class=\"meta-categories-wrapp\"><div class=\"meta-post-categories wd-post-cat wd-style-with-bg\"><a href=\"https:\/\/comvenezuela.com\/category\/actualidad-binacional\/\" rel=\"category tag\">Actualidad Binacional<\/a><\/div><\/div>\n\t\t\t\t\n\t\t\t\t\t\t\t\t\t<h3 class=\"wd-entities-title title post-title\">\n\t\t\t\t\t\t<a href=\"https:\/\/comvenezuela.com\/la-camara-se-toma-los-medios\/\" rel=\"bookmark\">La c\u00e1mara colombo venezolana en los medios<\/a>\n\t\t\t\t\t<\/h3>\n\t\t\t\t\n\t\t\t\t\t\t\t\t\t<div class=\"entry-meta wd-entry-meta\">\n\t\t\t\t\t\t\t\t\t<ul class=\"entry-meta-list\">\n\t\t\t\t\t\t\t\t\t<li class=\"modified-date\">\n\t\t\t\t\t\t\t\t<time class=\"updated\" datetime=\"2024-03-26T07:56:59-05:00\">\n\t\t\t26 de marzo de 2024\t\t<\/time>\n\t\t\t\t\t\t\t<\/li>\n\n\t\t\t\t\t\n\t\t\t\t\t\t\t\t\t\t\t<li class=\"meta-author\">\n\t\t\t\t\t\t\t\t\t\t\t\t<span>Por<\/span>\n\t\t\n\t\t\t\t\t<img alt='author-avatar' src='https:\/\/comvenezuela.com\/wp-content\/uploads\/2024\/03\/06-comvenezuela-300x300.png' srcset='https:\/\/comvenezuela.com\/wp-content\/uploads\/2024\/03\/06-comvenezuela-300x300.png 300w, https:\/\/comvenezuela.com\/wp-content\/uploads\/2024\/03\/06-comvenezuela-430x430.png 430w, https:\/\/comvenezuela.com\/wp-content\/uploads\/2024\/03\/06-comvenezuela-150x150.png 150w, https:\/\/comvenezuela.com\/wp-content\/uploads\/2024\/03\/06-comvenezuela.png 512w' class='avatar avatar-32 photo' height='32' width='32' decoding='async'\/>\t\t\n\t\t<a href=\"https:\/\/comvenezuela.com\/author\/nueva-comvenezuela-com\/\" rel=\"author\">\n\t\t\t<span class=\"vcard author author_name\">\n\t\t\t\t<span class=\"fn\">Comvenezuela<\/span>\n\t\t\t<\/span>\n\t\t<\/a>\n\t\t\t\t\t\t\t\t<\/li>\n\t\t\t\t\t\n\t\t\t\t\t\n\t\t\t\t\t\t\t\t\t\t\t\t<\/ul>\n\t\t\t\t\t\t\t<\/div><!-- .entry-meta -->\n\t\t\t\t\t\t\t\t\t\t\t<div class=\"hovered-social-icons wd-tltp wd-tltp-top\">\n\t\t\t\t\t\t\t<div class=\"wd-tooltip-label\">\n\t\t\t\t\t\t\t\t\n\t\t\t<div class=\" wd-social-icons icons-design-default icons-size-small color-scheme-light social-share social-form-circle text-center\">\n\n\t\t\t\t\n\t\t\t\t\t\t\t\t\t<a rel=\"noopener noreferrer nofollow\" href=\"https:\/\/www.facebook.com\/sharer\/sharer.php?u=https:\/\/comvenezuela.com\/la-camara-se-toma-los-medios\/\" target=\"_blank\" class=\" wd-social-icon social-facebook\" aria-label=\"Enlace social Facebook\">\n\t\t\t\t\t\t<span class=\"wd-icon\"><\/span>\n\t\t\t\t\t\t\t\t\t\t\t<\/a>\n\t\t\t\t\n\t\t\t\t\t\t\t\t\t<a rel=\"noopener noreferrer nofollow\" href=\"https:\/\/x.com\/share?url=https:\/\/comvenezuela.com\/la-camara-se-toma-los-medios\/\" target=\"_blank\" class=\" wd-social-icon social-twitter\" aria-label=\"Enlace de la red social X\">\n\t\t\t\t\t\t<span class=\"wd-icon\"><\/span>\n\t\t\t\t\t\t\t\t\t\t\t<\/a>\n\t\t\t\t\n\t\t\t\t\n\t\t\t\t\n\t\t\t\t\n\t\t\t\t\t\t\t\t\t<a rel=\"noopener noreferrer nofollow\" href=\"https:\/\/pinterest.com\/pin\/create\/button\/?url=https:\/\/comvenezuela.com\/la-camara-se-toma-los-medios\/&media=https:\/\/comvenezuela.com\/wp-content\/uploads\/2024\/01\/12-comvenezuela.jpg&description=La+c%C3%A1mara+colombo+venezolana+en+los+medios\" target=\"_blank\" class=\" wd-social-icon social-pinterest\" aria-label=\"Enlace social Pinterest\">\n\t\t\t\t\t\t<span class=\"wd-icon\"><\/span>\n\t\t\t\t\t\t\t\t\t\t\t<\/a>\n\t\t\t\t\n\t\t\t\t\n\t\t\t\t\t\t\t\t\t<a rel=\"noopener noreferrer nofollow\" href=\"https:\/\/www.linkedin.com\/shareArticle?mini=true&url=https:\/\/comvenezuela.com\/la-camara-se-toma-los-medios\/\" target=\"_blank\" class=\" wd-social-icon social-linkedin\" aria-label=\"Enlace social Linkedin\">\n\t\t\t\t\t\t<span class=\"wd-icon\"><\/span>\n\t\t\t\t\t\t\t\t\t\t\t<\/a>\n\t\t\t\t\n\t\t\t\t\n\t\t\t\t\n\t\t\t\t\n\t\t\t\t\n\t\t\t\t\n\t\t\t\t\n\t\t\t\t\n\t\t\t\t\n\t\t\t\t\n\t\t\t\t\t\t\t\t\n\t\t\t\t\t\t\t\t\n\t\t\t\t\n\t\t\t\t\n\t\t\t\t\t\t\t\t\t<a rel=\"noopener noreferrer nofollow\" href=\"https:\/\/telegram.me\/share\/url?url=https:\/\/comvenezuela.com\/la-camara-se-toma-los-medios\/\" target=\"_blank\" class=\" wd-social-icon social-tg\" aria-label=\"Enlace social Telegram\">\n\t\t\t\t\t\t<span class=\"wd-icon\"><\/span>\n\t\t\t\t\t\t\t\t\t\t\t<\/a>\n\t\t\t\t\t\t\t\t\n\t\t\t\t\n\t\t\t<\/div>\n\n\t\t\t\t\t\t\t\t\t<\/div>\n\t\t\t\t\t\t<\/div>\n\t\t\t\t\t\t\t\t\t\t\t\t\n\t\t\t\t\t\t\t\n\t\t\t\t                    <div class=\"entry-content wd-entry-content\">\n\t\t\t\t\t\t\"Tras un a\u00f1o de la reapertura de la frontera entre Colombia y Venezuela, la C\u00e1mara Colombo Venezolana realiz\u00f3 balance de la relaci\u00f3n y ...\n\t\t\t\t\t\t\t\t\t\t\t<\/div><!-- .entry-content -->\n\t\t\t\t\n\t\t\t\t\t\t\t\t\t\t\t\t\t\t<p class=\"read-more-section\">\n\t\t\t\t\t\t<a class=\"btn-read-more more-link\" href=\"https:\/\/comvenezuela.com\/la-camara-se-toma-los-medios\/\">Continuar leyendo<\/a>\t\t\t\t\t<\/p>\n\t\t\t\t\t\t\t\t\t\t\t\n\t\t\t\n\t\t\t\t\t<\/div>\n\t<\/div>\n<\/article><!-- #post -->\n\n\n\t\t\t\t\t\t\t\t\t\t\t\n<article id=\"post-16137\" class=\"wd-post blog-design-masonry blog-post-loop blog-style-bg wd-add-shadow wd-col post-16137 post type-post status-publish format-standard has-post-thumbnail hentry category-actualidad-binacional\">\n\t<div class=\"article-inner\">\n\t\t\t\t\t<header class=\"entry-header\">\n\t\t\t\t\t\t\t\t\t<figure id=\"carousel-451\" class=\"entry-thumbnail\">\n\t\t\t\t\t\t\n\t\t\t\t\t\t\t<div class=\"post-img-wrapp\">\n\t\t\t\t\t\t\t\t<a href=\"https:\/\/comvenezuela.com\/acuerdo-de-transporte-internacional-de-carga-y-pasajeros-por-carretera-ley-2301-de-2023\/\">\n\t\t\t\t\t\t\t\t\t<img width=\"1000\" height=\"650\" src=\"https:\/\/comvenezuela.com\/wp-content\/uploads\/2024\/01\/12-comvenezuela.jpg\" class=\"attachment-large size-large\" alt=\"\" decoding=\"async\" srcset=\"https:\/\/comvenezuela.com\/wp-content\/uploads\/2024\/01\/12-comvenezuela.jpg 1000w, https:\/\/comvenezuela.com\/wp-content\/uploads\/2024\/01\/12-comvenezuela-400x260.jpg 400w, https:\/\/comvenezuela.com\/wp-content\/uploads\/2024\/01\/12-comvenezuela-768x499.jpg 768w, https:\/\/comvenezuela.com\/wp-content\/uploads\/2024\/01\/12-comvenezuela-860x559.jpg 860w, https:\/\/comvenezuela.com\/wp-content\/uploads\/2024\/01\/12-comvenezuela-430x280.jpg 430w, https:\/\/comvenezuela.com\/wp-content\/uploads\/2024\/01\/12-comvenezuela-700x455.jpg 700w, https:\/\/comvenezuela.com\/wp-content\/uploads\/2024\/01\/12-comvenezuela-150x98.jpg 150w\" sizes=\"(max-width: 1000px) 100vw, 1000px\" \/>\t\t\t\t\t\t\t\t<\/a>\n\t\t\t\t\t\t\t<\/div>\n\t\t\t\t\t\t\t<div class=\"post-image-mask\">\n\t\t\t\t\t\t\t\t<span><\/span>\n\t\t\t\t\t\t\t<\/div>\n\n\t\t\t\t\t\t\n\t\t\t\t\t<\/figure>\n\t\t\t\t\n\t\t\t\t\t\t\t\t\t\t\t\t<div class=\"post-date wd-post-date wd-style-with-bg\">\n\t\t\t\t<span class=\"post-date-day\">\n\t\t\t\t\t20\t\t\t\t<\/span>\n\t\t\t\t<span class=\"post-date-month\">\n\t\t\t\t\tSep\t\t\t\t<\/span>\n\t\t\t<\/div>\n\t\t\t\t\t\t\n\t\t\t<\/header><!-- .entry-header -->\n\n\t\t<div class=\"article-body-container\">\n\t\t\t\n\t\t\t\t\t\t\t\t\t<div class=\"meta-categories-wrapp\"><div class=\"meta-post-categories wd-post-cat wd-style-with-bg\"><a href=\"https:\/\/comvenezuela.com\/category\/actualidad-binacional\/\" rel=\"category tag\">Actualidad Binacional<\/a><\/div><\/div>\n\t\t\t\t\n\t\t\t\t\t\t\t\t\t<h3 class=\"wd-entities-title title post-title\">\n\t\t\t\t\t\t<a href=\"https:\/\/comvenezuela.com\/acuerdo-de-transporte-internacional-de-carga-y-pasajeros-por-carretera-ley-2301-de-2023\/\" rel=\"bookmark\">Acuerdo de transporte internacional de Carga y pasajeros por carretera (Ley 2301 de 2023)<\/a>\n\t\t\t\t\t<\/h3>\n\t\t\t\t\n\t\t\t\t\t\t\t\t\t<div class=\"entry-meta wd-entry-meta\">\n\t\t\t\t\t\t\t\t\t<ul class=\"entry-meta-list\">\n\t\t\t\t\t\t\t\t\t<li class=\"modified-date\">\n\t\t\t\t\t\t\t\t<time class=\"updated\" datetime=\"2024-03-26T07:57:04-05:00\">\n\t\t\t26 de marzo de 2024\t\t<\/time>\n\t\t\t\t\t\t\t<\/li>\n\n\t\t\t\t\t\n\t\t\t\t\t\t\t\t\t\t\t<li class=\"meta-author\">\n\t\t\t\t\t\t\t\t\t\t\t\t<span>Por<\/span>\n\t\t\n\t\t\t\t\t<img alt='author-avatar' src='https:\/\/comvenezuela.com\/wp-content\/uploads\/2024\/03\/06-comvenezuela-300x300.png' srcset='https:\/\/comvenezuela.com\/wp-content\/uploads\/2024\/03\/06-comvenezuela-300x300.png 300w, https:\/\/comvenezuela.com\/wp-content\/uploads\/2024\/03\/06-comvenezuela-430x430.png 430w, https:\/\/comvenezuela.com\/wp-content\/uploads\/2024\/03\/06-comvenezuela-150x150.png 150w, https:\/\/comvenezuela.com\/wp-content\/uploads\/2024\/03\/06-comvenezuela.png 512w' class='avatar avatar-32 photo' height='32' width='32' decoding='async'\/>\t\t\n\t\t<a href=\"https:\/\/comvenezuela.com\/author\/nueva-comvenezuela-com\/\" rel=\"author\">\n\t\t\t<span class=\"vcard author author_name\">\n\t\t\t\t<span class=\"fn\">Comvenezuela<\/span>\n\t\t\t<\/span>\n\t\t<\/a>\n\t\t\t\t\t\t\t\t<\/li>\n\t\t\t\t\t\n\t\t\t\t\t\n\t\t\t\t\t\t\t\t\t\t\t\t<\/ul>\n\t\t\t\t\t\t\t<\/div><!-- .entry-meta -->\n\t\t\t\t\t\t\t\t\t\t\t<div class=\"hovered-social-icons wd-tltp wd-tltp-top\">\n\t\t\t\t\t\t\t<div class=\"wd-tooltip-label\">\n\t\t\t\t\t\t\t\t\n\t\t\t<div class=\" wd-social-icons icons-design-default icons-size-small color-scheme-light social-share social-form-circle text-center\">\n\n\t\t\t\t\n\t\t\t\t\t\t\t\t\t<a rel=\"noopener noreferrer nofollow\" href=\"https:\/\/www.facebook.com\/sharer\/sharer.php?u=https:\/\/comvenezuela.com\/acuerdo-de-transporte-internacional-de-carga-y-pasajeros-por-carretera-ley-2301-de-2023\/\" target=\"_blank\" class=\" wd-social-icon social-facebook\" aria-label=\"Enlace social Facebook\">\n\t\t\t\t\t\t<span class=\"wd-icon\"><\/span>\n\t\t\t\t\t\t\t\t\t\t\t<\/a>\n\t\t\t\t\n\t\t\t\t\t\t\t\t\t<a rel=\"noopener noreferrer nofollow\" href=\"https:\/\/x.com\/share?url=https:\/\/comvenezuela.com\/acuerdo-de-transporte-internacional-de-carga-y-pasajeros-por-carretera-ley-2301-de-2023\/\" target=\"_blank\" class=\" wd-social-icon social-twitter\" aria-label=\"Enlace de la red social X\">\n\t\t\t\t\t\t<span class=\"wd-icon\"><\/span>\n\t\t\t\t\t\t\t\t\t\t\t<\/a>\n\t\t\t\t\n\t\t\t\t\n\t\t\t\t\n\t\t\t\t\n\t\t\t\t\t\t\t\t\t<a rel=\"noopener noreferrer nofollow\" href=\"https:\/\/pinterest.com\/pin\/create\/button\/?url=https:\/\/comvenezuela.com\/acuerdo-de-transporte-internacional-de-carga-y-pasajeros-por-carretera-ley-2301-de-2023\/&media=https:\/\/comvenezuela.com\/wp-content\/uploads\/2024\/01\/12-comvenezuela.jpg&description=Acuerdo+de+transporte+internacional+de+Carga+y+pasajeros+por+carretera+%28Ley+2301+de+2023%29\" target=\"_blank\" class=\" wd-social-icon social-pinterest\" aria-label=\"Enlace social Pinterest\">\n\t\t\t\t\t\t<span class=\"wd-icon\"><\/span>\n\t\t\t\t\t\t\t\t\t\t\t<\/a>\n\t\t\t\t\n\t\t\t\t\n\t\t\t\t\t\t\t\t\t<a rel=\"noopener noreferrer nofollow\" href=\"https:\/\/www.linkedin.com\/shareArticle?mini=true&url=https:\/\/comvenezuela.com\/acuerdo-de-transporte-internacional-de-carga-y-pasajeros-por-carretera-ley-2301-de-2023\/\" target=\"_blank\" class=\" wd-social-icon social-linkedin\" aria-label=\"Enlace social Linkedin\">\n\t\t\t\t\t\t<span class=\"wd-icon\"><\/span>\n\t\t\t\t\t\t\t\t\t\t\t<\/a>\n\t\t\t\t\n\t\t\t\t\n\t\t\t\t\n\t\t\t\t\n\t\t\t\t\n\t\t\t\t\n\t\t\t\t\n\t\t\t\t\n\t\t\t\t\n\t\t\t\t\n\t\t\t\t\t\t\t\t\n\t\t\t\t\t\t\t\t\n\t\t\t\t\n\t\t\t\t\n\t\t\t\t\t\t\t\t\t<a rel=\"noopener noreferrer nofollow\" href=\"https:\/\/telegram.me\/share\/url?url=https:\/\/comvenezuela.com\/acuerdo-de-transporte-internacional-de-carga-y-pasajeros-por-carretera-ley-2301-de-2023\/\" target=\"_blank\" class=\" wd-social-icon social-tg\" aria-label=\"Enlace social Telegram\">\n\t\t\t\t\t\t<span class=\"wd-icon\"><\/span>\n\t\t\t\t\t\t\t\t\t\t\t<\/a>\n\t\t\t\t\t\t\t\t\n\t\t\t\t\n\t\t\t<\/div>\n\n\t\t\t\t\t\t\t\t\t<\/div>\n\t\t\t\t\t\t<\/div>\n\t\t\t\t\t\t\t\t\t\t\t\t\n\t\t\t\t\t\t\t\n\t\t\t\t                    <div class=\"entry-content wd-entry-content\">\n\t\t\t\t\t\tBajo la Ley 2301 de 2023 se dio la aprobaci\u00f3n del \u201cAcuerdo entre la Rep\u00fablica de Colombia y la Rep\u00fablica Bolivariana de Venezuela sobre...\n\t\t\t\t\t\t\t\t\t\t\t<\/div><!-- .entry-content -->\n\t\t\t\t\n\t\t\t\t\t\t\t\t\t\t\t\t\t\t<p class=\"read-more-section\">\n\t\t\t\t\t\t<a class=\"btn-read-more more-link\" href=\"https:\/\/comvenezuela.com\/acuerdo-de-transporte-internacional-de-carga-y-pasajeros-por-carretera-ley-2301-de-2023\/\">Continuar leyendo<\/a>\t\t\t\t\t<\/p>\n\t\t\t\t\t\t\t\t\t\t\t\n\t\t\t\n\t\t\t\t\t<\/div>\n\t<\/div>\n<\/article><!-- #post -->\n\n\n\t\t\t\t\t\n\t\t\t\t\t","status":"have-posts","nextPage":"https:\/\/comvenezuela.com\/category\/actualidad-binacional\/page\/3\/?woo_ajax=1","currentPage":"https:\/\/comvenezuela.com\/category\/actualidad-binacional\/page\/2"}