
			
				

					
				

			
		{"items":"\n\t\t\t\t\t\t\t\t\t\t\t\n<article id=\"post-16166\" class=\"wd-post blog-design-masonry blog-post-loop blog-style-bg wd-add-shadow wd-col post-16166 post type-post status-publish format-standard has-post-thumbnail hentry category-actualidad-binacional\">\n\t<div class=\"article-inner\">\n\t\t\t\t\t<header class=\"entry-header\">\n\t\t\t\t\t\t\t\t\t<figure id=\"carousel-949\" class=\"entry-thumbnail\">\n\t\t\t\t\t\t\n\t\t\t\t\t\t\t<div class=\"post-img-wrapp\">\n\t\t\t\t\t\t\t\t<a href=\"https:\/\/comvenezuela.com\/comunicado-a-la-opinion-publica\/\">\n\t\t\t\t\t\t\t\t\t<img width=\"1000\" height=\"650\" src=\"https:\/\/comvenezuela.com\/wp-content\/uploads\/2024\/01\/12-comvenezuela.jpg\" class=\"attachment-large size-large\" alt=\"\" decoding=\"async\" srcset=\"https:\/\/comvenezuela.com\/wp-content\/uploads\/2024\/01\/12-comvenezuela.jpg 1000w, https:\/\/comvenezuela.com\/wp-content\/uploads\/2024\/01\/12-comvenezuela-400x260.jpg 400w, https:\/\/comvenezuela.com\/wp-content\/uploads\/2024\/01\/12-comvenezuela-768x499.jpg 768w, https:\/\/comvenezuela.com\/wp-content\/uploads\/2024\/01\/12-comvenezuela-860x559.jpg 860w, https:\/\/comvenezuela.com\/wp-content\/uploads\/2024\/01\/12-comvenezuela-430x280.jpg 430w, https:\/\/comvenezuela.com\/wp-content\/uploads\/2024\/01\/12-comvenezuela-700x455.jpg 700w, https:\/\/comvenezuela.com\/wp-content\/uploads\/2024\/01\/12-comvenezuela-150x98.jpg 150w\" sizes=\"(max-width: 1000px) 100vw, 1000px\" \/>\t\t\t\t\t\t\t\t<\/a>\n\t\t\t\t\t\t\t<\/div>\n\t\t\t\t\t\t\t<div class=\"post-image-mask\">\n\t\t\t\t\t\t\t\t<span><\/span>\n\t\t\t\t\t\t\t<\/div>\n\n\t\t\t\t\t\t\n\t\t\t\t\t<\/figure>\n\t\t\t\t\n\t\t\t\t\t\t\t\t\t\t\t\t<div class=\"post-date wd-post-date wd-style-with-bg\">\n\t\t\t\t<span class=\"post-date-day\">\n\t\t\t\t\t03\t\t\t\t<\/span>\n\t\t\t\t<span class=\"post-date-month\">\n\t\t\t\t\tAgo\t\t\t\t<\/span>\n\t\t\t<\/div>\n\t\t\t\t\t\t\n\t\t\t<\/header><!-- .entry-header -->\n\n\t\t<div class=\"article-body-container\">\n\t\t\t\n\t\t\t\t\t\t\t\t\t<div class=\"meta-categories-wrapp\"><div class=\"meta-post-categories wd-post-cat wd-style-with-bg\"><a href=\"https:\/\/comvenezuela.com\/category\/actualidad-binacional\/\" rel=\"category tag\">Actualidad Binacional<\/a><\/div><\/div>\n\t\t\t\t\n\t\t\t\t\t\t\t\t\t<h3 class=\"wd-entities-title title post-title\">\n\t\t\t\t\t\t<a href=\"https:\/\/comvenezuela.com\/comunicado-a-la-opinion-publica\/\" rel=\"bookmark\">COMUNICADO A LA OPINI\u00d3N P\u00daBLICA<\/a>\n\t\t\t\t\t<\/h3>\n\t\t\t\t\n\t\t\t\t\t\t\t\t\t<div class=\"entry-meta wd-entry-meta\">\n\t\t\t\t\t\t\t\t\t<ul class=\"entry-meta-list\">\n\t\t\t\t\t\t\t\t\t<li class=\"modified-date\">\n\t\t\t\t\t\t\t\t<time class=\"updated\" datetime=\"2024-03-26T07:58:24-05:00\">\n\t\t\t26 de marzo de 2024\t\t<\/time>\n\t\t\t\t\t\t\t<\/li>\n\n\t\t\t\t\t\n\t\t\t\t\t\t\t\t\t\t\t<li class=\"meta-author\">\n\t\t\t\t\t\t\t\t\t\t\t\t<span>Por<\/span>\n\t\t\n\t\t\t\t\t<img alt='author-avatar' src='https:\/\/comvenezuela.com\/wp-content\/uploads\/2024\/03\/06-comvenezuela-300x300.png' srcset='https:\/\/comvenezuela.com\/wp-content\/uploads\/2024\/03\/06-comvenezuela-300x300.png 300w, https:\/\/comvenezuela.com\/wp-content\/uploads\/2024\/03\/06-comvenezuela-430x430.png 430w, https:\/\/comvenezuela.com\/wp-content\/uploads\/2024\/03\/06-comvenezuela-150x150.png 150w, https:\/\/comvenezuela.com\/wp-content\/uploads\/2024\/03\/06-comvenezuela.png 512w' class='avatar avatar-32 photo' height='32' width='32' decoding='async'\/>\t\t\n\t\t<a href=\"https:\/\/comvenezuela.com\/author\/nueva-comvenezuela-com\/\" rel=\"author\">\n\t\t\t<span class=\"vcard author author_name\">\n\t\t\t\t<span class=\"fn\">Comvenezuela<\/span>\n\t\t\t<\/span>\n\t\t<\/a>\n\t\t\t\t\t\t\t\t<\/li>\n\t\t\t\t\t\n\t\t\t\t\t\n\t\t\t\t\t\t\t\t\t\t\t\t<\/ul>\n\t\t\t\t\t\t\t<\/div><!-- .entry-meta -->\n\t\t\t\t\t\t\t\t\t\t\t<div class=\"hovered-social-icons wd-tltp wd-tltp-top\">\n\t\t\t\t\t\t\t<div class=\"wd-tooltip-label\">\n\t\t\t\t\t\t\t\t\t\t\t<link rel=\"stylesheet\" id=\"wd-social-icons-css\" href=\"https:\/\/comvenezuela.com\/wp-content\/themes\/woodmart\/css\/parts\/el-social-icons.min.css?ver=7.5.1\" type=\"text\/css\" media=\"all\" \/> \t\t\t\n\t\t\t<div class=\" wd-social-icons icons-design-default icons-size-small color-scheme-light social-share social-form-circle text-center\">\n\n\t\t\t\t\n\t\t\t\t\t\t\t\t\t<a rel=\"noopener noreferrer nofollow\" href=\"https:\/\/www.facebook.com\/sharer\/sharer.php?u=https:\/\/comvenezuela.com\/comunicado-a-la-opinion-publica\/\" target=\"_blank\" class=\" wd-social-icon social-facebook\" aria-label=\"Enlace social Facebook\">\n\t\t\t\t\t\t<span class=\"wd-icon\"><\/span>\n\t\t\t\t\t\t\t\t\t\t\t<\/a>\n\t\t\t\t\n\t\t\t\t\t\t\t\t\t<a rel=\"noopener noreferrer nofollow\" href=\"https:\/\/x.com\/share?url=https:\/\/comvenezuela.com\/comunicado-a-la-opinion-publica\/\" target=\"_blank\" class=\" wd-social-icon social-twitter\" aria-label=\"Enlace de la red social X\">\n\t\t\t\t\t\t<span class=\"wd-icon\"><\/span>\n\t\t\t\t\t\t\t\t\t\t\t<\/a>\n\t\t\t\t\n\t\t\t\t\n\t\t\t\t\n\t\t\t\t\n\t\t\t\t\t\t\t\t\t<a rel=\"noopener noreferrer nofollow\" href=\"https:\/\/pinterest.com\/pin\/create\/button\/?url=https:\/\/comvenezuela.com\/comunicado-a-la-opinion-publica\/&media=https:\/\/comvenezuela.com\/wp-content\/uploads\/2024\/01\/12-comvenezuela.jpg&description=COMUNICADO+A+LA+OPINI%C3%93N+P%C3%9ABLICA\" target=\"_blank\" class=\" wd-social-icon social-pinterest\" aria-label=\"Enlace social Pinterest\">\n\t\t\t\t\t\t<span class=\"wd-icon\"><\/span>\n\t\t\t\t\t\t\t\t\t\t\t<\/a>\n\t\t\t\t\n\t\t\t\t\n\t\t\t\t\t\t\t\t\t<a rel=\"noopener noreferrer nofollow\" href=\"https:\/\/www.linkedin.com\/shareArticle?mini=true&url=https:\/\/comvenezuela.com\/comunicado-a-la-opinion-publica\/\" target=\"_blank\" class=\" wd-social-icon social-linkedin\" aria-label=\"Enlace social Linkedin\">\n\t\t\t\t\t\t<span class=\"wd-icon\"><\/span>\n\t\t\t\t\t\t\t\t\t\t\t<\/a>\n\t\t\t\t\n\t\t\t\t\n\t\t\t\t\n\t\t\t\t\n\t\t\t\t\n\t\t\t\t\n\t\t\t\t\n\t\t\t\t\n\t\t\t\t\n\t\t\t\t\n\t\t\t\t\t\t\t\t\n\t\t\t\t\t\t\t\t\n\t\t\t\t\n\t\t\t\t\n\t\t\t\t\t\t\t\t\t<a rel=\"noopener noreferrer nofollow\" href=\"https:\/\/telegram.me\/share\/url?url=https:\/\/comvenezuela.com\/comunicado-a-la-opinion-publica\/\" target=\"_blank\" class=\" wd-social-icon social-tg\" aria-label=\"Enlace social Telegram\">\n\t\t\t\t\t\t<span class=\"wd-icon\"><\/span>\n\t\t\t\t\t\t\t\t\t\t\t<\/a>\n\t\t\t\t\t\t\t\t\n\t\t\t\t\n\t\t\t<\/div>\n\n\t\t\t\t\t\t\t\t\t<\/div>\n\t\t\t\t\t\t<\/div>\n\t\t\t\t\t\t\t\t\t\t\t\t\n\t\t\t\t\t\t\t\n\t\t\t\t                    <div class=\"entry-content wd-entry-content\">\n\t\t\t\t\t\tBogot\u00e1 D.C., agosto 3 de 2023.\n La Junta Directiva de la C\u00e1mara Colombo Venezolana en cabeza del Dr. Ricardo Gonz\u00e1lez, se permite infor...\n\t\t\t\t\t\t\t\t\t\t\t<\/div><!-- .entry-content -->\n\t\t\t\t\n\t\t\t\t\t\t\t\t\t\t\t\t\t\t<p class=\"read-more-section\">\n\t\t\t\t\t\t<a class=\"btn-read-more more-link\" href=\"https:\/\/comvenezuela.com\/comunicado-a-la-opinion-publica\/\">Continuar leyendo<\/a>\t\t\t\t\t<\/p>\n\t\t\t\t\t\t\t\t\t\t\t\n\t\t\t\n\t\t\t\t\t<\/div>\n\t<\/div>\n<\/article><!-- #post -->\n\n\n\t\t\t\t\t\t\t\t\t\t\t\n<article id=\"post-16167\" class=\"wd-post blog-design-masonry blog-post-loop blog-style-bg wd-add-shadow wd-col post-16167 post type-post status-publish format-standard has-post-thumbnail hentry category-actualidad-binacional\">\n\t<div class=\"article-inner\">\n\t\t\t\t\t<header class=\"entry-header\">\n\t\t\t\t\t\t\t\t\t<figure id=\"carousel-769\" class=\"entry-thumbnail\">\n\t\t\t\t\t\t\n\t\t\t\t\t\t\t<div class=\"post-img-wrapp\">\n\t\t\t\t\t\t\t\t<a href=\"https:\/\/comvenezuela.com\/se-reactiva-la-economia-en-la-frontera-con-venezuela-tras-la-reapertura-de-los-puentes-hace-10-meses\/\">\n\t\t\t\t\t\t\t\t\t<img width=\"1000\" height=\"650\" src=\"https:\/\/comvenezuela.com\/wp-content\/uploads\/2024\/01\/12-comvenezuela.jpg\" class=\"attachment-large size-large\" alt=\"\" decoding=\"async\" srcset=\"https:\/\/comvenezuela.com\/wp-content\/uploads\/2024\/01\/12-comvenezuela.jpg 1000w, https:\/\/comvenezuela.com\/wp-content\/uploads\/2024\/01\/12-comvenezuela-400x260.jpg 400w, https:\/\/comvenezuela.com\/wp-content\/uploads\/2024\/01\/12-comvenezuela-768x499.jpg 768w, https:\/\/comvenezuela.com\/wp-content\/uploads\/2024\/01\/12-comvenezuela-860x559.jpg 860w, https:\/\/comvenezuela.com\/wp-content\/uploads\/2024\/01\/12-comvenezuela-430x280.jpg 430w, https:\/\/comvenezuela.com\/wp-content\/uploads\/2024\/01\/12-comvenezuela-700x455.jpg 700w, https:\/\/comvenezuela.com\/wp-content\/uploads\/2024\/01\/12-comvenezuela-150x98.jpg 150w\" sizes=\"(max-width: 1000px) 100vw, 1000px\" \/>\t\t\t\t\t\t\t\t<\/a>\n\t\t\t\t\t\t\t<\/div>\n\t\t\t\t\t\t\t<div class=\"post-image-mask\">\n\t\t\t\t\t\t\t\t<span><\/span>\n\t\t\t\t\t\t\t<\/div>\n\n\t\t\t\t\t\t\n\t\t\t\t\t<\/figure>\n\t\t\t\t\n\t\t\t\t\t\t\t\t\t\t\t\t<div class=\"post-date wd-post-date wd-style-with-bg\">\n\t\t\t\t<span class=\"post-date-day\">\n\t\t\t\t\t02\t\t\t\t<\/span>\n\t\t\t\t<span class=\"post-date-month\">\n\t\t\t\t\tAgo\t\t\t\t<\/span>\n\t\t\t<\/div>\n\t\t\t\t\t\t\n\t\t\t<\/header><!-- .entry-header -->\n\n\t\t<div class=\"article-body-container\">\n\t\t\t\n\t\t\t\t\t\t\t\t\t<div class=\"meta-categories-wrapp\"><div class=\"meta-post-categories wd-post-cat wd-style-with-bg\"><a href=\"https:\/\/comvenezuela.com\/category\/actualidad-binacional\/\" rel=\"category tag\">Actualidad Binacional<\/a><\/div><\/div>\n\t\t\t\t\n\t\t\t\t\t\t\t\t\t<h3 class=\"wd-entities-title title post-title\">\n\t\t\t\t\t\t<a href=\"https:\/\/comvenezuela.com\/se-reactiva-la-economia-en-la-frontera-con-venezuela-tras-la-reapertura-de-los-puentes-hace-10-meses\/\" rel=\"bookmark\">Se reactiva la econom\u00eda en la frontera con Venezuela, tras la reapertura de los puentes hace 10 meses<\/a>\n\t\t\t\t\t<\/h3>\n\t\t\t\t\n\t\t\t\t\t\t\t\t\t<div class=\"entry-meta wd-entry-meta\">\n\t\t\t\t\t\t\t\t\t<ul class=\"entry-meta-list\">\n\t\t\t\t\t\t\t\t\t<li class=\"modified-date\">\n\t\t\t\t\t\t\t\t<time class=\"updated\" datetime=\"2024-03-26T07:58:30-05:00\">\n\t\t\t26 de marzo de 2024\t\t<\/time>\n\t\t\t\t\t\t\t<\/li>\n\n\t\t\t\t\t\n\t\t\t\t\t\t\t\t\t\t\t<li class=\"meta-author\">\n\t\t\t\t\t\t\t\t\t\t\t\t<span>Por<\/span>\n\t\t\n\t\t\t\t\t<img alt='author-avatar' src='https:\/\/comvenezuela.com\/wp-content\/uploads\/2024\/03\/06-comvenezuela-300x300.png' srcset='https:\/\/comvenezuela.com\/wp-content\/uploads\/2024\/03\/06-comvenezuela-300x300.png 300w, https:\/\/comvenezuela.com\/wp-content\/uploads\/2024\/03\/06-comvenezuela-430x430.png 430w, https:\/\/comvenezuela.com\/wp-content\/uploads\/2024\/03\/06-comvenezuela-150x150.png 150w, https:\/\/comvenezuela.com\/wp-content\/uploads\/2024\/03\/06-comvenezuela.png 512w' class='avatar avatar-32 photo' height='32' width='32' decoding='async'\/>\t\t\n\t\t<a href=\"https:\/\/comvenezuela.com\/author\/nueva-comvenezuela-com\/\" rel=\"author\">\n\t\t\t<span class=\"vcard author author_name\">\n\t\t\t\t<span class=\"fn\">Comvenezuela<\/span>\n\t\t\t<\/span>\n\t\t<\/a>\n\t\t\t\t\t\t\t\t<\/li>\n\t\t\t\t\t\n\t\t\t\t\t\n\t\t\t\t\t\t\t\t\t\t\t\t<\/ul>\n\t\t\t\t\t\t\t<\/div><!-- .entry-meta -->\n\t\t\t\t\t\t\t\t\t\t\t<div class=\"hovered-social-icons wd-tltp wd-tltp-top\">\n\t\t\t\t\t\t\t<div class=\"wd-tooltip-label\">\n\t\t\t\t\t\t\t\t\n\t\t\t<div class=\" wd-social-icons icons-design-default icons-size-small color-scheme-light social-share social-form-circle text-center\">\n\n\t\t\t\t\n\t\t\t\t\t\t\t\t\t<a rel=\"noopener noreferrer nofollow\" href=\"https:\/\/www.facebook.com\/sharer\/sharer.php?u=https:\/\/comvenezuela.com\/se-reactiva-la-economia-en-la-frontera-con-venezuela-tras-la-reapertura-de-los-puentes-hace-10-meses\/\" target=\"_blank\" class=\" wd-social-icon social-facebook\" aria-label=\"Enlace social Facebook\">\n\t\t\t\t\t\t<span class=\"wd-icon\"><\/span>\n\t\t\t\t\t\t\t\t\t\t\t<\/a>\n\t\t\t\t\n\t\t\t\t\t\t\t\t\t<a rel=\"noopener noreferrer nofollow\" href=\"https:\/\/x.com\/share?url=https:\/\/comvenezuela.com\/se-reactiva-la-economia-en-la-frontera-con-venezuela-tras-la-reapertura-de-los-puentes-hace-10-meses\/\" target=\"_blank\" class=\" wd-social-icon social-twitter\" aria-label=\"Enlace de la red social X\">\n\t\t\t\t\t\t<span class=\"wd-icon\"><\/span>\n\t\t\t\t\t\t\t\t\t\t\t<\/a>\n\t\t\t\t\n\t\t\t\t\n\t\t\t\t\n\t\t\t\t\n\t\t\t\t\t\t\t\t\t<a rel=\"noopener noreferrer nofollow\" href=\"https:\/\/pinterest.com\/pin\/create\/button\/?url=https:\/\/comvenezuela.com\/se-reactiva-la-economia-en-la-frontera-con-venezuela-tras-la-reapertura-de-los-puentes-hace-10-meses\/&media=https:\/\/comvenezuela.com\/wp-content\/uploads\/2024\/01\/12-comvenezuela.jpg&description=Se+reactiva+la+econom%C3%ADa+en+la+frontera+con+Venezuela%2C+tras+la+reapertura+de+los+puentes+hace+10+meses\" target=\"_blank\" class=\" wd-social-icon social-pinterest\" aria-label=\"Enlace social Pinterest\">\n\t\t\t\t\t\t<span class=\"wd-icon\"><\/span>\n\t\t\t\t\t\t\t\t\t\t\t<\/a>\n\t\t\t\t\n\t\t\t\t\n\t\t\t\t\t\t\t\t\t<a rel=\"noopener noreferrer nofollow\" href=\"https:\/\/www.linkedin.com\/shareArticle?mini=true&url=https:\/\/comvenezuela.com\/se-reactiva-la-economia-en-la-frontera-con-venezuela-tras-la-reapertura-de-los-puentes-hace-10-meses\/\" target=\"_blank\" class=\" wd-social-icon social-linkedin\" aria-label=\"Enlace social Linkedin\">\n\t\t\t\t\t\t<span class=\"wd-icon\"><\/span>\n\t\t\t\t\t\t\t\t\t\t\t<\/a>\n\t\t\t\t\n\t\t\t\t\n\t\t\t\t\n\t\t\t\t\n\t\t\t\t\n\t\t\t\t\n\t\t\t\t\n\t\t\t\t\n\t\t\t\t\n\t\t\t\t\n\t\t\t\t\t\t\t\t\n\t\t\t\t\t\t\t\t\n\t\t\t\t\n\t\t\t\t\n\t\t\t\t\t\t\t\t\t<a rel=\"noopener noreferrer nofollow\" href=\"https:\/\/telegram.me\/share\/url?url=https:\/\/comvenezuela.com\/se-reactiva-la-economia-en-la-frontera-con-venezuela-tras-la-reapertura-de-los-puentes-hace-10-meses\/\" target=\"_blank\" class=\" wd-social-icon social-tg\" aria-label=\"Enlace social Telegram\">\n\t\t\t\t\t\t<span class=\"wd-icon\"><\/span>\n\t\t\t\t\t\t\t\t\t\t\t<\/a>\n\t\t\t\t\t\t\t\t\n\t\t\t\t\n\t\t\t<\/div>\n\n\t\t\t\t\t\t\t\t\t<\/div>\n\t\t\t\t\t\t<\/div>\n\t\t\t\t\t\t\t\t\t\t\t\t\n\t\t\t\t\t\t\t\n\t\t\t\t                    <div class=\"entry-content wd-entry-content\">\n\t\t\t\t\t\tPor: Nelly Vecino Pico\nFecha: 2 de agosto\nDespu\u00e9s de 10 meses de permitir el paso de carga entre ambos pa\u00edses, el intercambio de bienes...\n\t\t\t\t\t\t\t\t\t\t\t<\/div><!-- .entry-content -->\n\t\t\t\t\n\t\t\t\t\t\t\t\t\t\t\t\t\t\t<p class=\"read-more-section\">\n\t\t\t\t\t\t<a class=\"btn-read-more more-link\" href=\"https:\/\/comvenezuela.com\/se-reactiva-la-economia-en-la-frontera-con-venezuela-tras-la-reapertura-de-los-puentes-hace-10-meses\/\">Continuar leyendo<\/a>\t\t\t\t\t<\/p>\n\t\t\t\t\t\t\t\t\t\t\t\n\t\t\t\n\t\t\t\t\t<\/div>\n\t<\/div>\n<\/article><!-- #post -->\n\n\n\t\t\t\t\t\t\t\t\t\t\t\n<article id=\"post-16168\" class=\"wd-post blog-design-masonry blog-post-loop blog-style-bg wd-add-shadow wd-col post-16168 post type-post status-publish format-standard has-post-thumbnail hentry category-actualidad-binacional\">\n\t<div class=\"article-inner\">\n\t\t\t\t\t<header class=\"entry-header\">\n\t\t\t\t\t\t\t\t\t<figure id=\"carousel-435\" class=\"entry-thumbnail\">\n\t\t\t\t\t\t\n\t\t\t\t\t\t\t<div class=\"post-img-wrapp\">\n\t\t\t\t\t\t\t\t<a href=\"https:\/\/comvenezuela.com\/la-apertura-de-la-frontera-entre-colombia-y-venezuela-es-un-exito-destaca-el-ministro-de-comercio-industria-y-turismo-german-umana\/\">\n\t\t\t\t\t\t\t\t\t<img width=\"1000\" height=\"650\" src=\"https:\/\/comvenezuela.com\/wp-content\/uploads\/2024\/01\/12-comvenezuela.jpg\" class=\"attachment-large size-large\" alt=\"\" decoding=\"async\" srcset=\"https:\/\/comvenezuela.com\/wp-content\/uploads\/2024\/01\/12-comvenezuela.jpg 1000w, https:\/\/comvenezuela.com\/wp-content\/uploads\/2024\/01\/12-comvenezuela-400x260.jpg 400w, https:\/\/comvenezuela.com\/wp-content\/uploads\/2024\/01\/12-comvenezuela-768x499.jpg 768w, https:\/\/comvenezuela.com\/wp-content\/uploads\/2024\/01\/12-comvenezuela-860x559.jpg 860w, https:\/\/comvenezuela.com\/wp-content\/uploads\/2024\/01\/12-comvenezuela-430x280.jpg 430w, https:\/\/comvenezuela.com\/wp-content\/uploads\/2024\/01\/12-comvenezuela-700x455.jpg 700w, https:\/\/comvenezuela.com\/wp-content\/uploads\/2024\/01\/12-comvenezuela-150x98.jpg 150w\" sizes=\"(max-width: 1000px) 100vw, 1000px\" \/>\t\t\t\t\t\t\t\t<\/a>\n\t\t\t\t\t\t\t<\/div>\n\t\t\t\t\t\t\t<div class=\"post-image-mask\">\n\t\t\t\t\t\t\t\t<span><\/span>\n\t\t\t\t\t\t\t<\/div>\n\n\t\t\t\t\t\t\n\t\t\t\t\t<\/figure>\n\t\t\t\t\n\t\t\t\t\t\t\t\t\t\t\t\t<div class=\"post-date wd-post-date wd-style-with-bg\">\n\t\t\t\t<span class=\"post-date-day\">\n\t\t\t\t\t27\t\t\t\t<\/span>\n\t\t\t\t<span class=\"post-date-month\">\n\t\t\t\t\tJul\t\t\t\t<\/span>\n\t\t\t<\/div>\n\t\t\t\t\t\t\n\t\t\t<\/header><!-- .entry-header -->\n\n\t\t<div class=\"article-body-container\">\n\t\t\t\n\t\t\t\t\t\t\t\t\t<div class=\"meta-categories-wrapp\"><div class=\"meta-post-categories wd-post-cat wd-style-with-bg\"><a href=\"https:\/\/comvenezuela.com\/category\/actualidad-binacional\/\" rel=\"category tag\">Actualidad Binacional<\/a><\/div><\/div>\n\t\t\t\t\n\t\t\t\t\t\t\t\t\t<h3 class=\"wd-entities-title title post-title\">\n\t\t\t\t\t\t<a href=\"https:\/\/comvenezuela.com\/la-apertura-de-la-frontera-entre-colombia-y-venezuela-es-un-exito-destaca-el-ministro-de-comercio-industria-y-turismo-german-umana\/\" rel=\"bookmark\">\u00abLa apertura de la frontera entre Colombia y Venezuela es un \u00e9xito\u00bb, destaca el ministro de Comercio, Industria y Turismo, Germ\u00e1n Uma\u00f1a<\/a>\n\t\t\t\t\t<\/h3>\n\t\t\t\t\n\t\t\t\t\t\t\t\t\t<div class=\"entry-meta wd-entry-meta\">\n\t\t\t\t\t\t\t\t\t<ul class=\"entry-meta-list\">\n\t\t\t\t\t\t\t\t\t<li class=\"modified-date\">\n\t\t\t\t\t\t\t\t<time class=\"updated\" datetime=\"2024-03-26T07:58:34-05:00\">\n\t\t\t26 de marzo de 2024\t\t<\/time>\n\t\t\t\t\t\t\t<\/li>\n\n\t\t\t\t\t\n\t\t\t\t\t\t\t\t\t\t\t<li class=\"meta-author\">\n\t\t\t\t\t\t\t\t\t\t\t\t<span>Por<\/span>\n\t\t\n\t\t\t\t\t<img alt='author-avatar' src='https:\/\/comvenezuela.com\/wp-content\/uploads\/2024\/03\/06-comvenezuela-300x300.png' srcset='https:\/\/comvenezuela.com\/wp-content\/uploads\/2024\/03\/06-comvenezuela-300x300.png 300w, https:\/\/comvenezuela.com\/wp-content\/uploads\/2024\/03\/06-comvenezuela-430x430.png 430w, https:\/\/comvenezuela.com\/wp-content\/uploads\/2024\/03\/06-comvenezuela-150x150.png 150w, https:\/\/comvenezuela.com\/wp-content\/uploads\/2024\/03\/06-comvenezuela.png 512w' class='avatar avatar-32 photo' height='32' width='32' decoding='async'\/>\t\t\n\t\t<a href=\"https:\/\/comvenezuela.com\/author\/nueva-comvenezuela-com\/\" rel=\"author\">\n\t\t\t<span class=\"vcard author author_name\">\n\t\t\t\t<span class=\"fn\">Comvenezuela<\/span>\n\t\t\t<\/span>\n\t\t<\/a>\n\t\t\t\t\t\t\t\t<\/li>\n\t\t\t\t\t\n\t\t\t\t\t\n\t\t\t\t\t\t\t\t\t\t\t\t<\/ul>\n\t\t\t\t\t\t\t<\/div><!-- .entry-meta -->\n\t\t\t\t\t\t\t\t\t\t\t<div class=\"hovered-social-icons wd-tltp wd-tltp-top\">\n\t\t\t\t\t\t\t<div class=\"wd-tooltip-label\">\n\t\t\t\t\t\t\t\t\n\t\t\t<div class=\" wd-social-icons icons-design-default icons-size-small color-scheme-light social-share social-form-circle text-center\">\n\n\t\t\t\t\n\t\t\t\t\t\t\t\t\t<a rel=\"noopener noreferrer nofollow\" href=\"https:\/\/www.facebook.com\/sharer\/sharer.php?u=https:\/\/comvenezuela.com\/la-apertura-de-la-frontera-entre-colombia-y-venezuela-es-un-exito-destaca-el-ministro-de-comercio-industria-y-turismo-german-umana\/\" target=\"_blank\" class=\" wd-social-icon social-facebook\" aria-label=\"Enlace social Facebook\">\n\t\t\t\t\t\t<span class=\"wd-icon\"><\/span>\n\t\t\t\t\t\t\t\t\t\t\t<\/a>\n\t\t\t\t\n\t\t\t\t\t\t\t\t\t<a rel=\"noopener noreferrer nofollow\" href=\"https:\/\/x.com\/share?url=https:\/\/comvenezuela.com\/la-apertura-de-la-frontera-entre-colombia-y-venezuela-es-un-exito-destaca-el-ministro-de-comercio-industria-y-turismo-german-umana\/\" target=\"_blank\" class=\" wd-social-icon social-twitter\" aria-label=\"Enlace de la red social X\">\n\t\t\t\t\t\t<span class=\"wd-icon\"><\/span>\n\t\t\t\t\t\t\t\t\t\t\t<\/a>\n\t\t\t\t\n\t\t\t\t\n\t\t\t\t\n\t\t\t\t\n\t\t\t\t\t\t\t\t\t<a rel=\"noopener noreferrer nofollow\" href=\"https:\/\/pinterest.com\/pin\/create\/button\/?url=https:\/\/comvenezuela.com\/la-apertura-de-la-frontera-entre-colombia-y-venezuela-es-un-exito-destaca-el-ministro-de-comercio-industria-y-turismo-german-umana\/&media=https:\/\/comvenezuela.com\/wp-content\/uploads\/2024\/01\/12-comvenezuela.jpg&description=%C2%ABLa+apertura+de+la+frontera+entre+Colombia+y+Venezuela+es+un+%C3%A9xito%C2%BB%2C+destaca+el+ministro+de+Comercio%2C+Industria+y+Turismo%2C+Germ%C3%A1n+Uma%C3%B1a\" target=\"_blank\" class=\" wd-social-icon social-pinterest\" aria-label=\"Enlace social Pinterest\">\n\t\t\t\t\t\t<span class=\"wd-icon\"><\/span>\n\t\t\t\t\t\t\t\t\t\t\t<\/a>\n\t\t\t\t\n\t\t\t\t\n\t\t\t\t\t\t\t\t\t<a rel=\"noopener noreferrer nofollow\" href=\"https:\/\/www.linkedin.com\/shareArticle?mini=true&url=https:\/\/comvenezuela.com\/la-apertura-de-la-frontera-entre-colombia-y-venezuela-es-un-exito-destaca-el-ministro-de-comercio-industria-y-turismo-german-umana\/\" target=\"_blank\" class=\" wd-social-icon social-linkedin\" aria-label=\"Enlace social Linkedin\">\n\t\t\t\t\t\t<span class=\"wd-icon\"><\/span>\n\t\t\t\t\t\t\t\t\t\t\t<\/a>\n\t\t\t\t\n\t\t\t\t\n\t\t\t\t\n\t\t\t\t\n\t\t\t\t\n\t\t\t\t\n\t\t\t\t\n\t\t\t\t\n\t\t\t\t\n\t\t\t\t\n\t\t\t\t\t\t\t\t\n\t\t\t\t\t\t\t\t\n\t\t\t\t\n\t\t\t\t\n\t\t\t\t\t\t\t\t\t<a rel=\"noopener noreferrer nofollow\" href=\"https:\/\/telegram.me\/share\/url?url=https:\/\/comvenezuela.com\/la-apertura-de-la-frontera-entre-colombia-y-venezuela-es-un-exito-destaca-el-ministro-de-comercio-industria-y-turismo-german-umana\/\" target=\"_blank\" class=\" wd-social-icon social-tg\" aria-label=\"Enlace social Telegram\">\n\t\t\t\t\t\t<span class=\"wd-icon\"><\/span>\n\t\t\t\t\t\t\t\t\t\t\t<\/a>\n\t\t\t\t\t\t\t\t\n\t\t\t\t\n\t\t\t<\/div>\n\n\t\t\t\t\t\t\t\t\t<\/div>\n\t\t\t\t\t\t<\/div>\n\t\t\t\t\t\t\t\t\t\t\t\t\n\t\t\t\t\t\t\t\n\t\t\t\t                    <div class=\"entry-content wd-entry-content\">\n\t\t\t\t\t\tPor: MINCIT\nFecha: 27 de julio \nLa reapertura de la frontera para carga entre Colombia y Venezuela por Norte de Santander ha sido un \u00e9x...\n\t\t\t\t\t\t\t\t\t\t\t<\/div><!-- .entry-content -->\n\t\t\t\t\n\t\t\t\t\t\t\t\t\t\t\t\t\t\t<p class=\"read-more-section\">\n\t\t\t\t\t\t<a class=\"btn-read-more more-link\" href=\"https:\/\/comvenezuela.com\/la-apertura-de-la-frontera-entre-colombia-y-venezuela-es-un-exito-destaca-el-ministro-de-comercio-industria-y-turismo-german-umana\/\">Continuar leyendo<\/a>\t\t\t\t\t<\/p>\n\t\t\t\t\t\t\t\t\t\t\t\n\t\t\t\n\t\t\t\t\t<\/div>\n\t<\/div>\n<\/article><!-- #post -->\n\n\n\t\t\t\t\t\t\t\t\t\t\t\n<article id=\"post-16169\" class=\"wd-post blog-design-masonry blog-post-loop blog-style-bg wd-add-shadow wd-col post-16169 post type-post status-publish format-standard has-post-thumbnail hentry category-actualidad-binacional\">\n\t<div class=\"article-inner\">\n\t\t\t\t\t<header class=\"entry-header\">\n\t\t\t\t\t\t\t\t\t<figure id=\"carousel-102\" class=\"entry-thumbnail\">\n\t\t\t\t\t\t\n\t\t\t\t\t\t\t<div class=\"post-img-wrapp\">\n\t\t\t\t\t\t\t\t<a href=\"https:\/\/comvenezuela.com\/reapertura-de-frontera-impulso-el-comercio-entre-colombia-y-venezuela\/\">\n\t\t\t\t\t\t\t\t\t<img width=\"1000\" height=\"650\" src=\"https:\/\/comvenezuela.com\/wp-content\/uploads\/2024\/01\/12-comvenezuela.jpg\" class=\"attachment-large size-large\" alt=\"\" decoding=\"async\" srcset=\"https:\/\/comvenezuela.com\/wp-content\/uploads\/2024\/01\/12-comvenezuela.jpg 1000w, https:\/\/comvenezuela.com\/wp-content\/uploads\/2024\/01\/12-comvenezuela-400x260.jpg 400w, https:\/\/comvenezuela.com\/wp-content\/uploads\/2024\/01\/12-comvenezuela-768x499.jpg 768w, https:\/\/comvenezuela.com\/wp-content\/uploads\/2024\/01\/12-comvenezuela-860x559.jpg 860w, https:\/\/comvenezuela.com\/wp-content\/uploads\/2024\/01\/12-comvenezuela-430x280.jpg 430w, https:\/\/comvenezuela.com\/wp-content\/uploads\/2024\/01\/12-comvenezuela-700x455.jpg 700w, https:\/\/comvenezuela.com\/wp-content\/uploads\/2024\/01\/12-comvenezuela-150x98.jpg 150w\" sizes=\"(max-width: 1000px) 100vw, 1000px\" \/>\t\t\t\t\t\t\t\t<\/a>\n\t\t\t\t\t\t\t<\/div>\n\t\t\t\t\t\t\t<div class=\"post-image-mask\">\n\t\t\t\t\t\t\t\t<span><\/span>\n\t\t\t\t\t\t\t<\/div>\n\n\t\t\t\t\t\t\n\t\t\t\t\t<\/figure>\n\t\t\t\t\n\t\t\t\t\t\t\t\t\t\t\t\t<div class=\"post-date wd-post-date wd-style-with-bg\">\n\t\t\t\t<span class=\"post-date-day\">\n\t\t\t\t\t27\t\t\t\t<\/span>\n\t\t\t\t<span class=\"post-date-month\">\n\t\t\t\t\tJul\t\t\t\t<\/span>\n\t\t\t<\/div>\n\t\t\t\t\t\t\n\t\t\t<\/header><!-- .entry-header -->\n\n\t\t<div class=\"article-body-container\">\n\t\t\t\n\t\t\t\t\t\t\t\t\t<div class=\"meta-categories-wrapp\"><div class=\"meta-post-categories wd-post-cat wd-style-with-bg\"><a href=\"https:\/\/comvenezuela.com\/category\/actualidad-binacional\/\" rel=\"category tag\">Actualidad Binacional<\/a><\/div><\/div>\n\t\t\t\t\n\t\t\t\t\t\t\t\t\t<h3 class=\"wd-entities-title title post-title\">\n\t\t\t\t\t\t<a href=\"https:\/\/comvenezuela.com\/reapertura-de-frontera-impulso-el-comercio-entre-colombia-y-venezuela\/\" rel=\"bookmark\">Reapertura de frontera impuls\u00f3 el comercio entre Colombia y Venezuela<\/a>\n\t\t\t\t\t<\/h3>\n\t\t\t\t\n\t\t\t\t\t\t\t\t\t<div class=\"entry-meta wd-entry-meta\">\n\t\t\t\t\t\t\t\t\t<ul class=\"entry-meta-list\">\n\t\t\t\t\t\t\t\t\t<li class=\"modified-date\">\n\t\t\t\t\t\t\t\t<time class=\"updated\" datetime=\"2024-03-26T07:58:39-05:00\">\n\t\t\t26 de marzo de 2024\t\t<\/time>\n\t\t\t\t\t\t\t<\/li>\n\n\t\t\t\t\t\n\t\t\t\t\t\t\t\t\t\t\t<li class=\"meta-author\">\n\t\t\t\t\t\t\t\t\t\t\t\t<span>Por<\/span>\n\t\t\n\t\t\t\t\t<img alt='author-avatar' src='https:\/\/comvenezuela.com\/wp-content\/uploads\/2024\/03\/06-comvenezuela-300x300.png' srcset='https:\/\/comvenezuela.com\/wp-content\/uploads\/2024\/03\/06-comvenezuela-300x300.png 300w, https:\/\/comvenezuela.com\/wp-content\/uploads\/2024\/03\/06-comvenezuela-430x430.png 430w, https:\/\/comvenezuela.com\/wp-content\/uploads\/2024\/03\/06-comvenezuela-150x150.png 150w, https:\/\/comvenezuela.com\/wp-content\/uploads\/2024\/03\/06-comvenezuela.png 512w' class='avatar avatar-32 photo' height='32' width='32' decoding='async'\/>\t\t\n\t\t<a href=\"https:\/\/comvenezuela.com\/author\/nueva-comvenezuela-com\/\" rel=\"author\">\n\t\t\t<span class=\"vcard author author_name\">\n\t\t\t\t<span class=\"fn\">Comvenezuela<\/span>\n\t\t\t<\/span>\n\t\t<\/a>\n\t\t\t\t\t\t\t\t<\/li>\n\t\t\t\t\t\n\t\t\t\t\t\n\t\t\t\t\t\t\t\t\t\t\t\t<\/ul>\n\t\t\t\t\t\t\t<\/div><!-- .entry-meta -->\n\t\t\t\t\t\t\t\t\t\t\t<div class=\"hovered-social-icons wd-tltp wd-tltp-top\">\n\t\t\t\t\t\t\t<div class=\"wd-tooltip-label\">\n\t\t\t\t\t\t\t\t\n\t\t\t<div class=\" wd-social-icons icons-design-default icons-size-small color-scheme-light social-share social-form-circle text-center\">\n\n\t\t\t\t\n\t\t\t\t\t\t\t\t\t<a rel=\"noopener noreferrer nofollow\" href=\"https:\/\/www.facebook.com\/sharer\/sharer.php?u=https:\/\/comvenezuela.com\/reapertura-de-frontera-impulso-el-comercio-entre-colombia-y-venezuela\/\" target=\"_blank\" class=\" wd-social-icon social-facebook\" aria-label=\"Enlace social Facebook\">\n\t\t\t\t\t\t<span class=\"wd-icon\"><\/span>\n\t\t\t\t\t\t\t\t\t\t\t<\/a>\n\t\t\t\t\n\t\t\t\t\t\t\t\t\t<a rel=\"noopener noreferrer nofollow\" href=\"https:\/\/x.com\/share?url=https:\/\/comvenezuela.com\/reapertura-de-frontera-impulso-el-comercio-entre-colombia-y-venezuela\/\" target=\"_blank\" class=\" wd-social-icon social-twitter\" aria-label=\"Enlace de la red social X\">\n\t\t\t\t\t\t<span class=\"wd-icon\"><\/span>\n\t\t\t\t\t\t\t\t\t\t\t<\/a>\n\t\t\t\t\n\t\t\t\t\n\t\t\t\t\n\t\t\t\t\n\t\t\t\t\t\t\t\t\t<a rel=\"noopener noreferrer nofollow\" href=\"https:\/\/pinterest.com\/pin\/create\/button\/?url=https:\/\/comvenezuela.com\/reapertura-de-frontera-impulso-el-comercio-entre-colombia-y-venezuela\/&media=https:\/\/comvenezuela.com\/wp-content\/uploads\/2024\/01\/12-comvenezuela.jpg&description=Reapertura+de+frontera+impuls%C3%B3+el+comercio+entre+Colombia+y+Venezuela\" target=\"_blank\" class=\" wd-social-icon social-pinterest\" aria-label=\"Enlace social Pinterest\">\n\t\t\t\t\t\t<span class=\"wd-icon\"><\/span>\n\t\t\t\t\t\t\t\t\t\t\t<\/a>\n\t\t\t\t\n\t\t\t\t\n\t\t\t\t\t\t\t\t\t<a rel=\"noopener noreferrer nofollow\" href=\"https:\/\/www.linkedin.com\/shareArticle?mini=true&url=https:\/\/comvenezuela.com\/reapertura-de-frontera-impulso-el-comercio-entre-colombia-y-venezuela\/\" target=\"_blank\" class=\" wd-social-icon social-linkedin\" aria-label=\"Enlace social Linkedin\">\n\t\t\t\t\t\t<span class=\"wd-icon\"><\/span>\n\t\t\t\t\t\t\t\t\t\t\t<\/a>\n\t\t\t\t\n\t\t\t\t\n\t\t\t\t\n\t\t\t\t\n\t\t\t\t\n\t\t\t\t\n\t\t\t\t\n\t\t\t\t\n\t\t\t\t\n\t\t\t\t\n\t\t\t\t\t\t\t\t\n\t\t\t\t\t\t\t\t\n\t\t\t\t\n\t\t\t\t\n\t\t\t\t\t\t\t\t\t<a rel=\"noopener noreferrer nofollow\" href=\"https:\/\/telegram.me\/share\/url?url=https:\/\/comvenezuela.com\/reapertura-de-frontera-impulso-el-comercio-entre-colombia-y-venezuela\/\" target=\"_blank\" class=\" wd-social-icon social-tg\" aria-label=\"Enlace social Telegram\">\n\t\t\t\t\t\t<span class=\"wd-icon\"><\/span>\n\t\t\t\t\t\t\t\t\t\t\t<\/a>\n\t\t\t\t\t\t\t\t\n\t\t\t\t\n\t\t\t<\/div>\n\n\t\t\t\t\t\t\t\t\t<\/div>\n\t\t\t\t\t\t<\/div>\n\t\t\t\t\t\t\t\t\t\t\t\t\n\t\t\t\t\t\t\t\n\t\t\t\t                    <div class=\"entry-content wd-entry-content\">\n\t\t\t\t\t\tPor: Colprensa\nFecha: 27 de julio de 2023\nLa reapertura de la frontera por Norte de Santander tuvo un impacto significativo en el comer...\n\t\t\t\t\t\t\t\t\t\t\t<\/div><!-- .entry-content -->\n\t\t\t\t\n\t\t\t\t\t\t\t\t\t\t\t\t\t\t<p class=\"read-more-section\">\n\t\t\t\t\t\t<a class=\"btn-read-more more-link\" href=\"https:\/\/comvenezuela.com\/reapertura-de-frontera-impulso-el-comercio-entre-colombia-y-venezuela\/\">Continuar leyendo<\/a>\t\t\t\t\t<\/p>\n\t\t\t\t\t\t\t\t\t\t\t\n\t\t\t\n\t\t\t\t\t<\/div>\n\t<\/div>\n<\/article><!-- #post -->\n\n\n\t\t\t\t\t\t\t\t\t\t\t\n<article id=\"post-16170\" class=\"wd-post blog-design-masonry blog-post-loop blog-style-bg wd-add-shadow wd-col post-16170 post type-post status-publish format-standard has-post-thumbnail hentry category-actualidad-binacional\">\n\t<div class=\"article-inner\">\n\t\t\t\t\t<header class=\"entry-header\">\n\t\t\t\t\t\t\t\t\t<figure id=\"carousel-750\" class=\"entry-thumbnail\">\n\t\t\t\t\t\t\n\t\t\t\t\t\t\t<div class=\"post-img-wrapp\">\n\t\t\t\t\t\t\t\t<a href=\"https:\/\/comvenezuela.com\/cucuta-recibe-de-nuevo-empresarios-de-colombia-y-venezuela\/\">\n\t\t\t\t\t\t\t\t\t<img width=\"1000\" height=\"650\" src=\"https:\/\/comvenezuela.com\/wp-content\/uploads\/2024\/01\/12-comvenezuela.jpg\" class=\"attachment-large size-large\" alt=\"\" decoding=\"async\" srcset=\"https:\/\/comvenezuela.com\/wp-content\/uploads\/2024\/01\/12-comvenezuela.jpg 1000w, https:\/\/comvenezuela.com\/wp-content\/uploads\/2024\/01\/12-comvenezuela-400x260.jpg 400w, https:\/\/comvenezuela.com\/wp-content\/uploads\/2024\/01\/12-comvenezuela-768x499.jpg 768w, https:\/\/comvenezuela.com\/wp-content\/uploads\/2024\/01\/12-comvenezuela-860x559.jpg 860w, https:\/\/comvenezuela.com\/wp-content\/uploads\/2024\/01\/12-comvenezuela-430x280.jpg 430w, https:\/\/comvenezuela.com\/wp-content\/uploads\/2024\/01\/12-comvenezuela-700x455.jpg 700w, https:\/\/comvenezuela.com\/wp-content\/uploads\/2024\/01\/12-comvenezuela-150x98.jpg 150w\" sizes=\"(max-width: 1000px) 100vw, 1000px\" \/>\t\t\t\t\t\t\t\t<\/a>\n\t\t\t\t\t\t\t<\/div>\n\t\t\t\t\t\t\t<div class=\"post-image-mask\">\n\t\t\t\t\t\t\t\t<span><\/span>\n\t\t\t\t\t\t\t<\/div>\n\n\t\t\t\t\t\t\n\t\t\t\t\t<\/figure>\n\t\t\t\t\n\t\t\t\t\t\t\t\t\t\t\t\t<div class=\"post-date wd-post-date wd-style-with-bg\">\n\t\t\t\t<span class=\"post-date-day\">\n\t\t\t\t\t25\t\t\t\t<\/span>\n\t\t\t\t<span class=\"post-date-month\">\n\t\t\t\t\tJul\t\t\t\t<\/span>\n\t\t\t<\/div>\n\t\t\t\t\t\t\n\t\t\t<\/header><!-- .entry-header -->\n\n\t\t<div class=\"article-body-container\">\n\t\t\t\n\t\t\t\t\t\t\t\t\t<div class=\"meta-categories-wrapp\"><div class=\"meta-post-categories wd-post-cat wd-style-with-bg\"><a href=\"https:\/\/comvenezuela.com\/category\/actualidad-binacional\/\" rel=\"category tag\">Actualidad Binacional<\/a><\/div><\/div>\n\t\t\t\t\n\t\t\t\t\t\t\t\t\t<h3 class=\"wd-entities-title title post-title\">\n\t\t\t\t\t\t<a href=\"https:\/\/comvenezuela.com\/cucuta-recibe-de-nuevo-empresarios-de-colombia-y-venezuela\/\" rel=\"bookmark\">C\u00facuta recibe de nuevo empresarios de Colombia y Venezuela<\/a>\n\t\t\t\t\t<\/h3>\n\t\t\t\t\n\t\t\t\t\t\t\t\t\t<div class=\"entry-meta wd-entry-meta\">\n\t\t\t\t\t\t\t\t\t<ul class=\"entry-meta-list\">\n\t\t\t\t\t\t\t\t\t<li class=\"modified-date\">\n\t\t\t\t\t\t\t\t<time class=\"updated\" datetime=\"2024-03-26T07:58:44-05:00\">\n\t\t\t26 de marzo de 2024\t\t<\/time>\n\t\t\t\t\t\t\t<\/li>\n\n\t\t\t\t\t\n\t\t\t\t\t\t\t\t\t\t\t<li class=\"meta-author\">\n\t\t\t\t\t\t\t\t\t\t\t\t<span>Por<\/span>\n\t\t\n\t\t\t\t\t<img alt='author-avatar' src='https:\/\/comvenezuela.com\/wp-content\/uploads\/2024\/03\/06-comvenezuela-300x300.png' srcset='https:\/\/comvenezuela.com\/wp-content\/uploads\/2024\/03\/06-comvenezuela-300x300.png 300w, https:\/\/comvenezuela.com\/wp-content\/uploads\/2024\/03\/06-comvenezuela-430x430.png 430w, https:\/\/comvenezuela.com\/wp-content\/uploads\/2024\/03\/06-comvenezuela-150x150.png 150w, https:\/\/comvenezuela.com\/wp-content\/uploads\/2024\/03\/06-comvenezuela.png 512w' class='avatar avatar-32 photo' height='32' width='32' decoding='async'\/>\t\t\n\t\t<a href=\"https:\/\/comvenezuela.com\/author\/nueva-comvenezuela-com\/\" rel=\"author\">\n\t\t\t<span class=\"vcard author author_name\">\n\t\t\t\t<span class=\"fn\">Comvenezuela<\/span>\n\t\t\t<\/span>\n\t\t<\/a>\n\t\t\t\t\t\t\t\t<\/li>\n\t\t\t\t\t\n\t\t\t\t\t\n\t\t\t\t\t\t\t\t\t\t\t\t<\/ul>\n\t\t\t\t\t\t\t<\/div><!-- .entry-meta -->\n\t\t\t\t\t\t\t\t\t\t\t<div class=\"hovered-social-icons wd-tltp wd-tltp-top\">\n\t\t\t\t\t\t\t<div class=\"wd-tooltip-label\">\n\t\t\t\t\t\t\t\t\n\t\t\t<div class=\" wd-social-icons icons-design-default icons-size-small color-scheme-light social-share social-form-circle text-center\">\n\n\t\t\t\t\n\t\t\t\t\t\t\t\t\t<a rel=\"noopener noreferrer nofollow\" href=\"https:\/\/www.facebook.com\/sharer\/sharer.php?u=https:\/\/comvenezuela.com\/cucuta-recibe-de-nuevo-empresarios-de-colombia-y-venezuela\/\" target=\"_blank\" class=\" wd-social-icon social-facebook\" aria-label=\"Enlace social Facebook\">\n\t\t\t\t\t\t<span class=\"wd-icon\"><\/span>\n\t\t\t\t\t\t\t\t\t\t\t<\/a>\n\t\t\t\t\n\t\t\t\t\t\t\t\t\t<a rel=\"noopener noreferrer nofollow\" href=\"https:\/\/x.com\/share?url=https:\/\/comvenezuela.com\/cucuta-recibe-de-nuevo-empresarios-de-colombia-y-venezuela\/\" target=\"_blank\" class=\" wd-social-icon social-twitter\" aria-label=\"Enlace de la red social X\">\n\t\t\t\t\t\t<span class=\"wd-icon\"><\/span>\n\t\t\t\t\t\t\t\t\t\t\t<\/a>\n\t\t\t\t\n\t\t\t\t\n\t\t\t\t\n\t\t\t\t\n\t\t\t\t\t\t\t\t\t<a rel=\"noopener noreferrer nofollow\" href=\"https:\/\/pinterest.com\/pin\/create\/button\/?url=https:\/\/comvenezuela.com\/cucuta-recibe-de-nuevo-empresarios-de-colombia-y-venezuela\/&media=https:\/\/comvenezuela.com\/wp-content\/uploads\/2024\/01\/12-comvenezuela.jpg&description=C%C3%BAcuta+recibe+de+nuevo+empresarios+de+Colombia+y+Venezuela\" target=\"_blank\" class=\" wd-social-icon social-pinterest\" aria-label=\"Enlace social Pinterest\">\n\t\t\t\t\t\t<span class=\"wd-icon\"><\/span>\n\t\t\t\t\t\t\t\t\t\t\t<\/a>\n\t\t\t\t\n\t\t\t\t\n\t\t\t\t\t\t\t\t\t<a rel=\"noopener noreferrer nofollow\" href=\"https:\/\/www.linkedin.com\/shareArticle?mini=true&url=https:\/\/comvenezuela.com\/cucuta-recibe-de-nuevo-empresarios-de-colombia-y-venezuela\/\" target=\"_blank\" class=\" wd-social-icon social-linkedin\" aria-label=\"Enlace social Linkedin\">\n\t\t\t\t\t\t<span class=\"wd-icon\"><\/span>\n\t\t\t\t\t\t\t\t\t\t\t<\/a>\n\t\t\t\t\n\t\t\t\t\n\t\t\t\t\n\t\t\t\t\n\t\t\t\t\n\t\t\t\t\n\t\t\t\t\n\t\t\t\t\n\t\t\t\t\n\t\t\t\t\n\t\t\t\t\t\t\t\t\n\t\t\t\t\t\t\t\t\n\t\t\t\t\n\t\t\t\t\n\t\t\t\t\t\t\t\t\t<a rel=\"noopener noreferrer nofollow\" href=\"https:\/\/telegram.me\/share\/url?url=https:\/\/comvenezuela.com\/cucuta-recibe-de-nuevo-empresarios-de-colombia-y-venezuela\/\" target=\"_blank\" class=\" wd-social-icon social-tg\" aria-label=\"Enlace social Telegram\">\n\t\t\t\t\t\t<span class=\"wd-icon\"><\/span>\n\t\t\t\t\t\t\t\t\t\t\t<\/a>\n\t\t\t\t\t\t\t\t\n\t\t\t\t\n\t\t\t<\/div>\n\n\t\t\t\t\t\t\t\t\t<\/div>\n\t\t\t\t\t\t<\/div>\n\t\t\t\t\t\t\t\t\t\t\t\t\n\t\t\t\t\t\t\t\n\t\t\t\t                    <div class=\"entry-content wd-entry-content\">\n\t\t\t\t\t\tPor: Leonardo Favio Oliveros\nFecha: 25 de julio\nLo gremios de ambos pa\u00edses evaluar\u00e1n el avance de las relaciones comerciales tras la re...\n\t\t\t\t\t\t\t\t\t\t\t<\/div><!-- .entry-content -->\n\t\t\t\t\n\t\t\t\t\t\t\t\t\t\t\t\t\t\t<p class=\"read-more-section\">\n\t\t\t\t\t\t<a class=\"btn-read-more more-link\" href=\"https:\/\/comvenezuela.com\/cucuta-recibe-de-nuevo-empresarios-de-colombia-y-venezuela\/\">Continuar leyendo<\/a>\t\t\t\t\t<\/p>\n\t\t\t\t\t\t\t\t\t\t\t\n\t\t\t\n\t\t\t\t\t<\/div>\n\t<\/div>\n<\/article><!-- #post -->\n\n\n\t\t\t\t\t\t\t\t\t\t\t\n<article id=\"post-16175\" class=\"wd-post blog-design-masonry blog-post-loop blog-style-bg wd-add-shadow wd-col post-16175 post type-post status-publish format-standard has-post-thumbnail hentry category-actualidad-binacional\">\n\t<div class=\"article-inner\">\n\t\t\t\t\t<header class=\"entry-header\">\n\t\t\t\t\t\t\t\t\t<figure id=\"carousel-443\" class=\"entry-thumbnail\">\n\t\t\t\t\t\t\n\t\t\t\t\t\t\t<div class=\"post-img-wrapp\">\n\t\t\t\t\t\t\t\t<a href=\"https:\/\/comvenezuela.com\/colombia-reabre-su-primer-consulado-en-venezuela\/\">\n\t\t\t\t\t\t\t\t\t<img width=\"1000\" height=\"650\" src=\"https:\/\/comvenezuela.com\/wp-content\/uploads\/2024\/01\/12-comvenezuela.jpg\" class=\"attachment-large size-large\" alt=\"\" decoding=\"async\" srcset=\"https:\/\/comvenezuela.com\/wp-content\/uploads\/2024\/01\/12-comvenezuela.jpg 1000w, https:\/\/comvenezuela.com\/wp-content\/uploads\/2024\/01\/12-comvenezuela-400x260.jpg 400w, https:\/\/comvenezuela.com\/wp-content\/uploads\/2024\/01\/12-comvenezuela-768x499.jpg 768w, https:\/\/comvenezuela.com\/wp-content\/uploads\/2024\/01\/12-comvenezuela-860x559.jpg 860w, https:\/\/comvenezuela.com\/wp-content\/uploads\/2024\/01\/12-comvenezuela-430x280.jpg 430w, https:\/\/comvenezuela.com\/wp-content\/uploads\/2024\/01\/12-comvenezuela-700x455.jpg 700w, https:\/\/comvenezuela.com\/wp-content\/uploads\/2024\/01\/12-comvenezuela-150x98.jpg 150w\" sizes=\"(max-width: 1000px) 100vw, 1000px\" \/>\t\t\t\t\t\t\t\t<\/a>\n\t\t\t\t\t\t\t<\/div>\n\t\t\t\t\t\t\t<div class=\"post-image-mask\">\n\t\t\t\t\t\t\t\t<span><\/span>\n\t\t\t\t\t\t\t<\/div>\n\n\t\t\t\t\t\t\n\t\t\t\t\t<\/figure>\n\t\t\t\t\n\t\t\t\t\t\t\t\t\t\t\t\t<div class=\"post-date wd-post-date wd-style-with-bg\">\n\t\t\t\t<span class=\"post-date-day\">\n\t\t\t\t\t02\t\t\t\t<\/span>\n\t\t\t\t<span class=\"post-date-month\">\n\t\t\t\t\tJul\t\t\t\t<\/span>\n\t\t\t<\/div>\n\t\t\t\t\t\t\n\t\t\t<\/header><!-- .entry-header -->\n\n\t\t<div class=\"article-body-container\">\n\t\t\t\n\t\t\t\t\t\t\t\t\t<div class=\"meta-categories-wrapp\"><div class=\"meta-post-categories wd-post-cat wd-style-with-bg\"><a href=\"https:\/\/comvenezuela.com\/category\/actualidad-binacional\/\" rel=\"category tag\">Actualidad Binacional<\/a><\/div><\/div>\n\t\t\t\t\n\t\t\t\t\t\t\t\t\t<h3 class=\"wd-entities-title title post-title\">\n\t\t\t\t\t\t<a href=\"https:\/\/comvenezuela.com\/colombia-reabre-su-primer-consulado-en-venezuela\/\" rel=\"bookmark\">Colombia reabre su primer consulado en Venezuela<\/a>\n\t\t\t\t\t<\/h3>\n\t\t\t\t\n\t\t\t\t\t\t\t\t\t<div class=\"entry-meta wd-entry-meta\">\n\t\t\t\t\t\t\t\t\t<ul class=\"entry-meta-list\">\n\t\t\t\t\t\t\t\t\t<li class=\"modified-date\">\n\t\t\t\t\t\t\t\t<time class=\"updated\" datetime=\"2024-03-26T07:59:33-05:00\">\n\t\t\t26 de marzo de 2024\t\t<\/time>\n\t\t\t\t\t\t\t<\/li>\n\n\t\t\t\t\t\n\t\t\t\t\t\t\t\t\t\t\t<li class=\"meta-author\">\n\t\t\t\t\t\t\t\t\t\t\t\t<span>Por<\/span>\n\t\t\n\t\t\t\t\t<img alt='author-avatar' src='https:\/\/comvenezuela.com\/wp-content\/uploads\/2024\/03\/06-comvenezuela-300x300.png' srcset='https:\/\/comvenezuela.com\/wp-content\/uploads\/2024\/03\/06-comvenezuela-300x300.png 300w, https:\/\/comvenezuela.com\/wp-content\/uploads\/2024\/03\/06-comvenezuela-430x430.png 430w, https:\/\/comvenezuela.com\/wp-content\/uploads\/2024\/03\/06-comvenezuela-150x150.png 150w, https:\/\/comvenezuela.com\/wp-content\/uploads\/2024\/03\/06-comvenezuela.png 512w' class='avatar avatar-32 photo' height='32' width='32' decoding='async'\/>\t\t\n\t\t<a href=\"https:\/\/comvenezuela.com\/author\/nueva-comvenezuela-com\/\" rel=\"author\">\n\t\t\t<span class=\"vcard author author_name\">\n\t\t\t\t<span class=\"fn\">Comvenezuela<\/span>\n\t\t\t<\/span>\n\t\t<\/a>\n\t\t\t\t\t\t\t\t<\/li>\n\t\t\t\t\t\n\t\t\t\t\t\n\t\t\t\t\t\t\t\t\t\t\t\t<\/ul>\n\t\t\t\t\t\t\t<\/div><!-- .entry-meta -->\n\t\t\t\t\t\t\t\t\t\t\t<div class=\"hovered-social-icons wd-tltp wd-tltp-top\">\n\t\t\t\t\t\t\t<div class=\"wd-tooltip-label\">\n\t\t\t\t\t\t\t\t\n\t\t\t<div class=\" wd-social-icons icons-design-default icons-size-small color-scheme-light social-share social-form-circle text-center\">\n\n\t\t\t\t\n\t\t\t\t\t\t\t\t\t<a rel=\"noopener noreferrer nofollow\" href=\"https:\/\/www.facebook.com\/sharer\/sharer.php?u=https:\/\/comvenezuela.com\/colombia-reabre-su-primer-consulado-en-venezuela\/\" target=\"_blank\" class=\" wd-social-icon social-facebook\" aria-label=\"Enlace social Facebook\">\n\t\t\t\t\t\t<span class=\"wd-icon\"><\/span>\n\t\t\t\t\t\t\t\t\t\t\t<\/a>\n\t\t\t\t\n\t\t\t\t\t\t\t\t\t<a rel=\"noopener noreferrer nofollow\" href=\"https:\/\/x.com\/share?url=https:\/\/comvenezuela.com\/colombia-reabre-su-primer-consulado-en-venezuela\/\" target=\"_blank\" class=\" wd-social-icon social-twitter\" aria-label=\"Enlace de la red social X\">\n\t\t\t\t\t\t<span class=\"wd-icon\"><\/span>\n\t\t\t\t\t\t\t\t\t\t\t<\/a>\n\t\t\t\t\n\t\t\t\t\n\t\t\t\t\n\t\t\t\t\n\t\t\t\t\t\t\t\t\t<a rel=\"noopener noreferrer nofollow\" href=\"https:\/\/pinterest.com\/pin\/create\/button\/?url=https:\/\/comvenezuela.com\/colombia-reabre-su-primer-consulado-en-venezuela\/&media=https:\/\/comvenezuela.com\/wp-content\/uploads\/2024\/01\/12-comvenezuela.jpg&description=Colombia+reabre+su+primer+consulado+en+Venezuela\" target=\"_blank\" class=\" wd-social-icon social-pinterest\" aria-label=\"Enlace social Pinterest\">\n\t\t\t\t\t\t<span class=\"wd-icon\"><\/span>\n\t\t\t\t\t\t\t\t\t\t\t<\/a>\n\t\t\t\t\n\t\t\t\t\n\t\t\t\t\t\t\t\t\t<a rel=\"noopener noreferrer nofollow\" href=\"https:\/\/www.linkedin.com\/shareArticle?mini=true&url=https:\/\/comvenezuela.com\/colombia-reabre-su-primer-consulado-en-venezuela\/\" target=\"_blank\" class=\" wd-social-icon social-linkedin\" aria-label=\"Enlace social Linkedin\">\n\t\t\t\t\t\t<span class=\"wd-icon\"><\/span>\n\t\t\t\t\t\t\t\t\t\t\t<\/a>\n\t\t\t\t\n\t\t\t\t\n\t\t\t\t\n\t\t\t\t\n\t\t\t\t\n\t\t\t\t\n\t\t\t\t\n\t\t\t\t\n\t\t\t\t\n\t\t\t\t\n\t\t\t\t\t\t\t\t\n\t\t\t\t\t\t\t\t\n\t\t\t\t\n\t\t\t\t\n\t\t\t\t\t\t\t\t\t<a rel=\"noopener noreferrer nofollow\" href=\"https:\/\/telegram.me\/share\/url?url=https:\/\/comvenezuela.com\/colombia-reabre-su-primer-consulado-en-venezuela\/\" target=\"_blank\" class=\" wd-social-icon social-tg\" aria-label=\"Enlace social Telegram\">\n\t\t\t\t\t\t<span class=\"wd-icon\"><\/span>\n\t\t\t\t\t\t\t\t\t\t\t<\/a>\n\t\t\t\t\t\t\t\t\n\t\t\t\t\n\t\t\t<\/div>\n\n\t\t\t\t\t\t\t\t\t<\/div>\n\t\t\t\t\t\t<\/div>\n\t\t\t\t\t\t\t\t\t\t\t\t\n\t\t\t\t\t\t\t\n\t\t\t\t                    <div class=\"entry-content wd-entry-content\">\n\t\t\t\t\t\tPor: Eddy Mosquera\nFecha: 2 de julio de 2023\nEl 30 de junio se hizo oficial la reinauguraci\u00f3n del consulado de Colombia en la ciudad de...\n\t\t\t\t\t\t\t\t\t\t\t<\/div><!-- .entry-content -->\n\t\t\t\t\n\t\t\t\t\t\t\t\t\t\t\t\t\t\t<p class=\"read-more-section\">\n\t\t\t\t\t\t<a class=\"btn-read-more more-link\" href=\"https:\/\/comvenezuela.com\/colombia-reabre-su-primer-consulado-en-venezuela\/\">Continuar leyendo<\/a>\t\t\t\t\t<\/p>\n\t\t\t\t\t\t\t\t\t\t\t\n\t\t\t\n\t\t\t\t\t<\/div>\n\t<\/div>\n<\/article><!-- #post -->\n\n\n\t\t\t\t\t\t\t\t\t\t\t\n<article id=\"post-16176\" class=\"wd-post blog-design-masonry blog-post-loop blog-style-bg wd-add-shadow wd-col post-16176 post type-post status-publish format-standard has-post-thumbnail hentry category-actualidad-binacional\">\n\t<div class=\"article-inner\">\n\t\t\t\t\t<header class=\"entry-header\">\n\t\t\t\t\t\t\t\t\t<figure id=\"carousel-172\" class=\"entry-thumbnail\">\n\t\t\t\t\t\t\n\t\t\t\t\t\t\t<div class=\"post-img-wrapp\">\n\t\t\t\t\t\t\t\t<a href=\"https:\/\/comvenezuela.com\/cancilleres-de-colombia-y-venezuela-instalan-comision-de-vecindad-e-integracion-entre-ambos-paises\/\">\n\t\t\t\t\t\t\t\t\t<img width=\"1000\" height=\"650\" src=\"https:\/\/comvenezuela.com\/wp-content\/uploads\/2024\/01\/12-comvenezuela.jpg\" class=\"attachment-large size-large\" alt=\"\" decoding=\"async\" srcset=\"https:\/\/comvenezuela.com\/wp-content\/uploads\/2024\/01\/12-comvenezuela.jpg 1000w, https:\/\/comvenezuela.com\/wp-content\/uploads\/2024\/01\/12-comvenezuela-400x260.jpg 400w, https:\/\/comvenezuela.com\/wp-content\/uploads\/2024\/01\/12-comvenezuela-768x499.jpg 768w, https:\/\/comvenezuela.com\/wp-content\/uploads\/2024\/01\/12-comvenezuela-860x559.jpg 860w, https:\/\/comvenezuela.com\/wp-content\/uploads\/2024\/01\/12-comvenezuela-430x280.jpg 430w, https:\/\/comvenezuela.com\/wp-content\/uploads\/2024\/01\/12-comvenezuela-700x455.jpg 700w, https:\/\/comvenezuela.com\/wp-content\/uploads\/2024\/01\/12-comvenezuela-150x98.jpg 150w\" sizes=\"(max-width: 1000px) 100vw, 1000px\" \/>\t\t\t\t\t\t\t\t<\/a>\n\t\t\t\t\t\t\t<\/div>\n\t\t\t\t\t\t\t<div class=\"post-image-mask\">\n\t\t\t\t\t\t\t\t<span><\/span>\n\t\t\t\t\t\t\t<\/div>\n\n\t\t\t\t\t\t\n\t\t\t\t\t<\/figure>\n\t\t\t\t\n\t\t\t\t\t\t\t\t\t\t\t\t<div class=\"post-date wd-post-date wd-style-with-bg\">\n\t\t\t\t<span class=\"post-date-day\">\n\t\t\t\t\t30\t\t\t\t<\/span>\n\t\t\t\t<span class=\"post-date-month\">\n\t\t\t\t\tJun\t\t\t\t<\/span>\n\t\t\t<\/div>\n\t\t\t\t\t\t\n\t\t\t<\/header><!-- .entry-header -->\n\n\t\t<div class=\"article-body-container\">\n\t\t\t\n\t\t\t\t\t\t\t\t\t<div class=\"meta-categories-wrapp\"><div class=\"meta-post-categories wd-post-cat wd-style-with-bg\"><a href=\"https:\/\/comvenezuela.com\/category\/actualidad-binacional\/\" rel=\"category tag\">Actualidad Binacional<\/a><\/div><\/div>\n\t\t\t\t\n\t\t\t\t\t\t\t\t\t<h3 class=\"wd-entities-title title post-title\">\n\t\t\t\t\t\t<a href=\"https:\/\/comvenezuela.com\/cancilleres-de-colombia-y-venezuela-instalan-comision-de-vecindad-e-integracion-entre-ambos-paises\/\" rel=\"bookmark\">Cancilleres de Colombia y Venezuela instalan comisi\u00f3n de vecindad e integraci\u00f3n entre ambos pa\u00edses<\/a>\n\t\t\t\t\t<\/h3>\n\t\t\t\t\n\t\t\t\t\t\t\t\t\t<div class=\"entry-meta wd-entry-meta\">\n\t\t\t\t\t\t\t\t\t<ul class=\"entry-meta-list\">\n\t\t\t\t\t\t\t\t\t<li class=\"modified-date\">\n\t\t\t\t\t\t\t\t<time class=\"updated\" datetime=\"2024-03-26T07:59:37-05:00\">\n\t\t\t26 de marzo de 2024\t\t<\/time>\n\t\t\t\t\t\t\t<\/li>\n\n\t\t\t\t\t\n\t\t\t\t\t\t\t\t\t\t\t<li class=\"meta-author\">\n\t\t\t\t\t\t\t\t\t\t\t\t<span>Por<\/span>\n\t\t\n\t\t\t\t\t<img alt='author-avatar' src='https:\/\/comvenezuela.com\/wp-content\/uploads\/2024\/03\/06-comvenezuela-300x300.png' srcset='https:\/\/comvenezuela.com\/wp-content\/uploads\/2024\/03\/06-comvenezuela-300x300.png 300w, https:\/\/comvenezuela.com\/wp-content\/uploads\/2024\/03\/06-comvenezuela-430x430.png 430w, https:\/\/comvenezuela.com\/wp-content\/uploads\/2024\/03\/06-comvenezuela-150x150.png 150w, https:\/\/comvenezuela.com\/wp-content\/uploads\/2024\/03\/06-comvenezuela.png 512w' class='avatar avatar-32 photo' height='32' width='32' decoding='async'\/>\t\t\n\t\t<a href=\"https:\/\/comvenezuela.com\/author\/nueva-comvenezuela-com\/\" rel=\"author\">\n\t\t\t<span class=\"vcard author author_name\">\n\t\t\t\t<span class=\"fn\">Comvenezuela<\/span>\n\t\t\t<\/span>\n\t\t<\/a>\n\t\t\t\t\t\t\t\t<\/li>\n\t\t\t\t\t\n\t\t\t\t\t\n\t\t\t\t\t\t\t\t\t\t\t\t<\/ul>\n\t\t\t\t\t\t\t<\/div><!-- .entry-meta -->\n\t\t\t\t\t\t\t\t\t\t\t<div class=\"hovered-social-icons wd-tltp wd-tltp-top\">\n\t\t\t\t\t\t\t<div class=\"wd-tooltip-label\">\n\t\t\t\t\t\t\t\t\n\t\t\t<div class=\" wd-social-icons icons-design-default icons-size-small color-scheme-light social-share social-form-circle text-center\">\n\n\t\t\t\t\n\t\t\t\t\t\t\t\t\t<a rel=\"noopener noreferrer nofollow\" href=\"https:\/\/www.facebook.com\/sharer\/sharer.php?u=https:\/\/comvenezuela.com\/cancilleres-de-colombia-y-venezuela-instalan-comision-de-vecindad-e-integracion-entre-ambos-paises\/\" target=\"_blank\" class=\" wd-social-icon social-facebook\" aria-label=\"Enlace social Facebook\">\n\t\t\t\t\t\t<span class=\"wd-icon\"><\/span>\n\t\t\t\t\t\t\t\t\t\t\t<\/a>\n\t\t\t\t\n\t\t\t\t\t\t\t\t\t<a rel=\"noopener noreferrer nofollow\" href=\"https:\/\/x.com\/share?url=https:\/\/comvenezuela.com\/cancilleres-de-colombia-y-venezuela-instalan-comision-de-vecindad-e-integracion-entre-ambos-paises\/\" target=\"_blank\" class=\" wd-social-icon social-twitter\" aria-label=\"Enlace de la red social X\">\n\t\t\t\t\t\t<span class=\"wd-icon\"><\/span>\n\t\t\t\t\t\t\t\t\t\t\t<\/a>\n\t\t\t\t\n\t\t\t\t\n\t\t\t\t\n\t\t\t\t\n\t\t\t\t\t\t\t\t\t<a rel=\"noopener noreferrer nofollow\" href=\"https:\/\/pinterest.com\/pin\/create\/button\/?url=https:\/\/comvenezuela.com\/cancilleres-de-colombia-y-venezuela-instalan-comision-de-vecindad-e-integracion-entre-ambos-paises\/&media=https:\/\/comvenezuela.com\/wp-content\/uploads\/2024\/01\/12-comvenezuela.jpg&description=Cancilleres+de+Colombia+y+Venezuela+instalan+comisi%C3%B3n+de+vecindad+e+integraci%C3%B3n+entre+ambos+pa%C3%ADses\" target=\"_blank\" class=\" wd-social-icon social-pinterest\" aria-label=\"Enlace social Pinterest\">\n\t\t\t\t\t\t<span class=\"wd-icon\"><\/span>\n\t\t\t\t\t\t\t\t\t\t\t<\/a>\n\t\t\t\t\n\t\t\t\t\n\t\t\t\t\t\t\t\t\t<a rel=\"noopener noreferrer nofollow\" href=\"https:\/\/www.linkedin.com\/shareArticle?mini=true&url=https:\/\/comvenezuela.com\/cancilleres-de-colombia-y-venezuela-instalan-comision-de-vecindad-e-integracion-entre-ambos-paises\/\" target=\"_blank\" class=\" wd-social-icon social-linkedin\" aria-label=\"Enlace social Linkedin\">\n\t\t\t\t\t\t<span class=\"wd-icon\"><\/span>\n\t\t\t\t\t\t\t\t\t\t\t<\/a>\n\t\t\t\t\n\t\t\t\t\n\t\t\t\t\n\t\t\t\t\n\t\t\t\t\n\t\t\t\t\n\t\t\t\t\n\t\t\t\t\n\t\t\t\t\n\t\t\t\t\n\t\t\t\t\t\t\t\t\n\t\t\t\t\t\t\t\t\n\t\t\t\t\n\t\t\t\t\n\t\t\t\t\t\t\t\t\t<a rel=\"noopener noreferrer nofollow\" href=\"https:\/\/telegram.me\/share\/url?url=https:\/\/comvenezuela.com\/cancilleres-de-colombia-y-venezuela-instalan-comision-de-vecindad-e-integracion-entre-ambos-paises\/\" target=\"_blank\" class=\" wd-social-icon social-tg\" aria-label=\"Enlace social Telegram\">\n\t\t\t\t\t\t<span class=\"wd-icon\"><\/span>\n\t\t\t\t\t\t\t\t\t\t\t<\/a>\n\t\t\t\t\t\t\t\t\n\t\t\t\t\n\t\t\t<\/div>\n\n\t\t\t\t\t\t\t\t\t<\/div>\n\t\t\t\t\t\t<\/div>\n\t\t\t\t\t\t\t\t\t\t\t\t\n\t\t\t\t\t\t\t\n\t\t\t\t                    <div class=\"entry-content wd-entry-content\">\n\t\t\t\t\t\tPor: Canciller\u00eda Colombia\nFecha: 30 de junio \nCon este mecanismo se establece la instancia de nivel pol\u00edtico encargada de impulsar y co...\n\t\t\t\t\t\t\t\t\t\t\t<\/div><!-- .entry-content -->\n\t\t\t\t\n\t\t\t\t\t\t\t\t\t\t\t\t\t\t<p class=\"read-more-section\">\n\t\t\t\t\t\t<a class=\"btn-read-more more-link\" href=\"https:\/\/comvenezuela.com\/cancilleres-de-colombia-y-venezuela-instalan-comision-de-vecindad-e-integracion-entre-ambos-paises\/\">Continuar leyendo<\/a>\t\t\t\t\t<\/p>\n\t\t\t\t\t\t\t\t\t\t\t\n\t\t\t\n\t\t\t\t\t<\/div>\n\t<\/div>\n<\/article><!-- #post -->\n\n\n\t\t\t\t\t\t\t\t\t\t\t\n<article id=\"post-16177\" class=\"wd-post blog-design-masonry blog-post-loop blog-style-bg wd-add-shadow wd-col post-16177 post type-post status-publish format-standard has-post-thumbnail hentry category-actualidad-binacional\">\n\t<div class=\"article-inner\">\n\t\t\t\t\t<header class=\"entry-header\">\n\t\t\t\t\t\t\t\t\t<figure id=\"carousel-308\" class=\"entry-thumbnail\">\n\t\t\t\t\t\t\n\t\t\t\t\t\t\t<div class=\"post-img-wrapp\">\n\t\t\t\t\t\t\t\t<a href=\"https:\/\/comvenezuela.com\/entro-en-vigencia-el-regimen-aduanero-estas-son-las-claves-del-decreto-920-de-2023\/\">\n\t\t\t\t\t\t\t\t\t<img width=\"1000\" height=\"650\" src=\"https:\/\/comvenezuela.com\/wp-content\/uploads\/2024\/01\/12-comvenezuela.jpg\" class=\"attachment-large size-large\" alt=\"\" decoding=\"async\" srcset=\"https:\/\/comvenezuela.com\/wp-content\/uploads\/2024\/01\/12-comvenezuela.jpg 1000w, https:\/\/comvenezuela.com\/wp-content\/uploads\/2024\/01\/12-comvenezuela-400x260.jpg 400w, https:\/\/comvenezuela.com\/wp-content\/uploads\/2024\/01\/12-comvenezuela-768x499.jpg 768w, https:\/\/comvenezuela.com\/wp-content\/uploads\/2024\/01\/12-comvenezuela-860x559.jpg 860w, https:\/\/comvenezuela.com\/wp-content\/uploads\/2024\/01\/12-comvenezuela-430x280.jpg 430w, https:\/\/comvenezuela.com\/wp-content\/uploads\/2024\/01\/12-comvenezuela-700x455.jpg 700w, https:\/\/comvenezuela.com\/wp-content\/uploads\/2024\/01\/12-comvenezuela-150x98.jpg 150w\" sizes=\"(max-width: 1000px) 100vw, 1000px\" \/>\t\t\t\t\t\t\t\t<\/a>\n\t\t\t\t\t\t\t<\/div>\n\t\t\t\t\t\t\t<div class=\"post-image-mask\">\n\t\t\t\t\t\t\t\t<span><\/span>\n\t\t\t\t\t\t\t<\/div>\n\n\t\t\t\t\t\t\n\t\t\t\t\t<\/figure>\n\t\t\t\t\n\t\t\t\t\t\t\t\t\t\t\t\t<div class=\"post-date wd-post-date wd-style-with-bg\">\n\t\t\t\t<span class=\"post-date-day\">\n\t\t\t\t\t29\t\t\t\t<\/span>\n\t\t\t\t<span class=\"post-date-month\">\n\t\t\t\t\tJun\t\t\t\t<\/span>\n\t\t\t<\/div>\n\t\t\t\t\t\t\n\t\t\t<\/header><!-- .entry-header -->\n\n\t\t<div class=\"article-body-container\">\n\t\t\t\n\t\t\t\t\t\t\t\t\t<div class=\"meta-categories-wrapp\"><div class=\"meta-post-categories wd-post-cat wd-style-with-bg\"><a href=\"https:\/\/comvenezuela.com\/category\/actualidad-binacional\/\" rel=\"category tag\">Actualidad Binacional<\/a><\/div><\/div>\n\t\t\t\t\n\t\t\t\t\t\t\t\t\t<h3 class=\"wd-entities-title title post-title\">\n\t\t\t\t\t\t<a href=\"https:\/\/comvenezuela.com\/entro-en-vigencia-el-regimen-aduanero-estas-son-las-claves-del-decreto-920-de-2023\/\" rel=\"bookmark\">Entr\u00f3 en vigencia el r\u00e9gimen aduanero, estas son las claves del decreto 920 de 2023<\/a>\n\t\t\t\t\t<\/h3>\n\t\t\t\t\n\t\t\t\t\t\t\t\t\t<div class=\"entry-meta wd-entry-meta\">\n\t\t\t\t\t\t\t\t\t<ul class=\"entry-meta-list\">\n\t\t\t\t\t\t\t\t\t<li class=\"modified-date\">\n\t\t\t\t\t\t\t\t<time class=\"updated\" datetime=\"2024-03-26T07:59:43-05:00\">\n\t\t\t26 de marzo de 2024\t\t<\/time>\n\t\t\t\t\t\t\t<\/li>\n\n\t\t\t\t\t\n\t\t\t\t\t\t\t\t\t\t\t<li class=\"meta-author\">\n\t\t\t\t\t\t\t\t\t\t\t\t<span>Por<\/span>\n\t\t\n\t\t\t\t\t<img alt='author-avatar' src='https:\/\/comvenezuela.com\/wp-content\/uploads\/2024\/03\/06-comvenezuela-300x300.png' srcset='https:\/\/comvenezuela.com\/wp-content\/uploads\/2024\/03\/06-comvenezuela-300x300.png 300w, https:\/\/comvenezuela.com\/wp-content\/uploads\/2024\/03\/06-comvenezuela-430x430.png 430w, https:\/\/comvenezuela.com\/wp-content\/uploads\/2024\/03\/06-comvenezuela-150x150.png 150w, https:\/\/comvenezuela.com\/wp-content\/uploads\/2024\/03\/06-comvenezuela.png 512w' class='avatar avatar-32 photo' height='32' width='32' decoding='async'\/>\t\t\n\t\t<a href=\"https:\/\/comvenezuela.com\/author\/nueva-comvenezuela-com\/\" rel=\"author\">\n\t\t\t<span class=\"vcard author author_name\">\n\t\t\t\t<span class=\"fn\">Comvenezuela<\/span>\n\t\t\t<\/span>\n\t\t<\/a>\n\t\t\t\t\t\t\t\t<\/li>\n\t\t\t\t\t\n\t\t\t\t\t\n\t\t\t\t\t\t\t\t\t\t\t\t<\/ul>\n\t\t\t\t\t\t\t<\/div><!-- .entry-meta -->\n\t\t\t\t\t\t\t\t\t\t\t<div class=\"hovered-social-icons wd-tltp wd-tltp-top\">\n\t\t\t\t\t\t\t<div class=\"wd-tooltip-label\">\n\t\t\t\t\t\t\t\t\n\t\t\t<div class=\" wd-social-icons icons-design-default icons-size-small color-scheme-light social-share social-form-circle text-center\">\n\n\t\t\t\t\n\t\t\t\t\t\t\t\t\t<a rel=\"noopener noreferrer nofollow\" href=\"https:\/\/www.facebook.com\/sharer\/sharer.php?u=https:\/\/comvenezuela.com\/entro-en-vigencia-el-regimen-aduanero-estas-son-las-claves-del-decreto-920-de-2023\/\" target=\"_blank\" class=\" wd-social-icon social-facebook\" aria-label=\"Enlace social Facebook\">\n\t\t\t\t\t\t<span class=\"wd-icon\"><\/span>\n\t\t\t\t\t\t\t\t\t\t\t<\/a>\n\t\t\t\t\n\t\t\t\t\t\t\t\t\t<a rel=\"noopener noreferrer nofollow\" href=\"https:\/\/x.com\/share?url=https:\/\/comvenezuela.com\/entro-en-vigencia-el-regimen-aduanero-estas-son-las-claves-del-decreto-920-de-2023\/\" target=\"_blank\" class=\" wd-social-icon social-twitter\" aria-label=\"Enlace de la red social X\">\n\t\t\t\t\t\t<span class=\"wd-icon\"><\/span>\n\t\t\t\t\t\t\t\t\t\t\t<\/a>\n\t\t\t\t\n\t\t\t\t\n\t\t\t\t\n\t\t\t\t\n\t\t\t\t\t\t\t\t\t<a rel=\"noopener noreferrer nofollow\" href=\"https:\/\/pinterest.com\/pin\/create\/button\/?url=https:\/\/comvenezuela.com\/entro-en-vigencia-el-regimen-aduanero-estas-son-las-claves-del-decreto-920-de-2023\/&media=https:\/\/comvenezuela.com\/wp-content\/uploads\/2024\/01\/12-comvenezuela.jpg&description=Entr%C3%B3+en+vigencia+el+r%C3%A9gimen+aduanero%2C+estas+son+las+claves+del+decreto+920+de+2023\" target=\"_blank\" class=\" wd-social-icon social-pinterest\" aria-label=\"Enlace social Pinterest\">\n\t\t\t\t\t\t<span class=\"wd-icon\"><\/span>\n\t\t\t\t\t\t\t\t\t\t\t<\/a>\n\t\t\t\t\n\t\t\t\t\n\t\t\t\t\t\t\t\t\t<a rel=\"noopener noreferrer nofollow\" href=\"https:\/\/www.linkedin.com\/shareArticle?mini=true&url=https:\/\/comvenezuela.com\/entro-en-vigencia-el-regimen-aduanero-estas-son-las-claves-del-decreto-920-de-2023\/\" target=\"_blank\" class=\" wd-social-icon social-linkedin\" aria-label=\"Enlace social Linkedin\">\n\t\t\t\t\t\t<span class=\"wd-icon\"><\/span>\n\t\t\t\t\t\t\t\t\t\t\t<\/a>\n\t\t\t\t\n\t\t\t\t\n\t\t\t\t\n\t\t\t\t\n\t\t\t\t\n\t\t\t\t\n\t\t\t\t\n\t\t\t\t\n\t\t\t\t\n\t\t\t\t\n\t\t\t\t\t\t\t\t\n\t\t\t\t\t\t\t\t\n\t\t\t\t\n\t\t\t\t\n\t\t\t\t\t\t\t\t\t<a rel=\"noopener noreferrer nofollow\" href=\"https:\/\/telegram.me\/share\/url?url=https:\/\/comvenezuela.com\/entro-en-vigencia-el-regimen-aduanero-estas-son-las-claves-del-decreto-920-de-2023\/\" target=\"_blank\" class=\" wd-social-icon social-tg\" aria-label=\"Enlace social Telegram\">\n\t\t\t\t\t\t<span class=\"wd-icon\"><\/span>\n\t\t\t\t\t\t\t\t\t\t\t<\/a>\n\t\t\t\t\t\t\t\t\n\t\t\t\t\n\t\t\t<\/div>\n\n\t\t\t\t\t\t\t\t\t<\/div>\n\t\t\t\t\t\t<\/div>\n\t\t\t\t\t\t\t\t\t\t\t\t\n\t\t\t\t\t\t\t\n\t\t\t\t                    <div class=\"entry-content wd-entry-content\">\n\t\t\t\t\t\tPor: ALEJANDRA RICO MU\u00d1OZ\nFecha: 29 de junio de 2023\nLa empresa Zona Franca dio a conocer el nuevo r\u00e9gimen sancionatorio de aduanas que...\n\t\t\t\t\t\t\t\t\t\t\t<\/div><!-- .entry-content -->\n\t\t\t\t\n\t\t\t\t\t\t\t\t\t\t\t\t\t\t<p class=\"read-more-section\">\n\t\t\t\t\t\t<a class=\"btn-read-more more-link\" href=\"https:\/\/comvenezuela.com\/entro-en-vigencia-el-regimen-aduanero-estas-son-las-claves-del-decreto-920-de-2023\/\">Continuar leyendo<\/a>\t\t\t\t\t<\/p>\n\t\t\t\t\t\t\t\t\t\t\t\n\t\t\t\n\t\t\t\t\t<\/div>\n\t<\/div>\n<\/article><!-- #post -->\n\n\n\t\t\t\t\t\t\t\t\t\t\t\n<article id=\"post-16178\" class=\"wd-post blog-design-masonry blog-post-loop blog-style-bg wd-add-shadow wd-col post-16178 post type-post status-publish format-standard has-post-thumbnail hentry category-actualidad-binacional\">\n\t<div class=\"article-inner\">\n\t\t\t\t\t<header class=\"entry-header\">\n\t\t\t\t\t\t\t\t\t<figure id=\"carousel-120\" class=\"entry-thumbnail\">\n\t\t\t\t\t\t\n\t\t\t\t\t\t\t<div class=\"post-img-wrapp\">\n\t\t\t\t\t\t\t\t<a href=\"https:\/\/comvenezuela.com\/cual-es-el-motor-para-la-integracion-economica-entre-colombia-y-venezuela\/\">\n\t\t\t\t\t\t\t\t\t<img width=\"1000\" height=\"650\" src=\"https:\/\/comvenezuela.com\/wp-content\/uploads\/2024\/01\/12-comvenezuela.jpg\" class=\"attachment-large size-large\" alt=\"\" decoding=\"async\" srcset=\"https:\/\/comvenezuela.com\/wp-content\/uploads\/2024\/01\/12-comvenezuela.jpg 1000w, https:\/\/comvenezuela.com\/wp-content\/uploads\/2024\/01\/12-comvenezuela-400x260.jpg 400w, https:\/\/comvenezuela.com\/wp-content\/uploads\/2024\/01\/12-comvenezuela-768x499.jpg 768w, https:\/\/comvenezuela.com\/wp-content\/uploads\/2024\/01\/12-comvenezuela-860x559.jpg 860w, https:\/\/comvenezuela.com\/wp-content\/uploads\/2024\/01\/12-comvenezuela-430x280.jpg 430w, https:\/\/comvenezuela.com\/wp-content\/uploads\/2024\/01\/12-comvenezuela-700x455.jpg 700w, https:\/\/comvenezuela.com\/wp-content\/uploads\/2024\/01\/12-comvenezuela-150x98.jpg 150w\" sizes=\"(max-width: 1000px) 100vw, 1000px\" \/>\t\t\t\t\t\t\t\t<\/a>\n\t\t\t\t\t\t\t<\/div>\n\t\t\t\t\t\t\t<div class=\"post-image-mask\">\n\t\t\t\t\t\t\t\t<span><\/span>\n\t\t\t\t\t\t\t<\/div>\n\n\t\t\t\t\t\t\n\t\t\t\t\t<\/figure>\n\t\t\t\t\n\t\t\t\t\t\t\t\t\t\t\t\t<div class=\"post-date wd-post-date wd-style-with-bg\">\n\t\t\t\t<span class=\"post-date-day\">\n\t\t\t\t\t22\t\t\t\t<\/span>\n\t\t\t\t<span class=\"post-date-month\">\n\t\t\t\t\tJun\t\t\t\t<\/span>\n\t\t\t<\/div>\n\t\t\t\t\t\t\n\t\t\t<\/header><!-- .entry-header -->\n\n\t\t<div class=\"article-body-container\">\n\t\t\t\n\t\t\t\t\t\t\t\t\t<div class=\"meta-categories-wrapp\"><div class=\"meta-post-categories wd-post-cat wd-style-with-bg\"><a href=\"https:\/\/comvenezuela.com\/category\/actualidad-binacional\/\" rel=\"category tag\">Actualidad Binacional<\/a><\/div><\/div>\n\t\t\t\t\n\t\t\t\t\t\t\t\t\t<h3 class=\"wd-entities-title title post-title\">\n\t\t\t\t\t\t<a href=\"https:\/\/comvenezuela.com\/cual-es-el-motor-para-la-integracion-economica-entre-colombia-y-venezuela\/\" rel=\"bookmark\">\u00bfCu\u00e1l es el motor para la integraci\u00f3n econ\u00f3mica entre Colombia y Venezuela?<\/a>\n\t\t\t\t\t<\/h3>\n\t\t\t\t\n\t\t\t\t\t\t\t\t\t<div class=\"entry-meta wd-entry-meta\">\n\t\t\t\t\t\t\t\t\t<ul class=\"entry-meta-list\">\n\t\t\t\t\t\t\t\t\t<li class=\"modified-date\">\n\t\t\t\t\t\t\t\t<time class=\"updated\" datetime=\"2024-03-26T07:59:48-05:00\">\n\t\t\t26 de marzo de 2024\t\t<\/time>\n\t\t\t\t\t\t\t<\/li>\n\n\t\t\t\t\t\n\t\t\t\t\t\t\t\t\t\t\t<li class=\"meta-author\">\n\t\t\t\t\t\t\t\t\t\t\t\t<span>Por<\/span>\n\t\t\n\t\t\t\t\t<img alt='author-avatar' src='https:\/\/comvenezuela.com\/wp-content\/uploads\/2024\/03\/06-comvenezuela-300x300.png' srcset='https:\/\/comvenezuela.com\/wp-content\/uploads\/2024\/03\/06-comvenezuela-300x300.png 300w, https:\/\/comvenezuela.com\/wp-content\/uploads\/2024\/03\/06-comvenezuela-430x430.png 430w, https:\/\/comvenezuela.com\/wp-content\/uploads\/2024\/03\/06-comvenezuela-150x150.png 150w, https:\/\/comvenezuela.com\/wp-content\/uploads\/2024\/03\/06-comvenezuela.png 512w' class='avatar avatar-32 photo' height='32' width='32' decoding='async'\/>\t\t\n\t\t<a href=\"https:\/\/comvenezuela.com\/author\/nueva-comvenezuela-com\/\" rel=\"author\">\n\t\t\t<span class=\"vcard author author_name\">\n\t\t\t\t<span class=\"fn\">Comvenezuela<\/span>\n\t\t\t<\/span>\n\t\t<\/a>\n\t\t\t\t\t\t\t\t<\/li>\n\t\t\t\t\t\n\t\t\t\t\t\n\t\t\t\t\t\t\t\t\t\t\t\t<\/ul>\n\t\t\t\t\t\t\t<\/div><!-- .entry-meta -->\n\t\t\t\t\t\t\t\t\t\t\t<div class=\"hovered-social-icons wd-tltp wd-tltp-top\">\n\t\t\t\t\t\t\t<div class=\"wd-tooltip-label\">\n\t\t\t\t\t\t\t\t\n\t\t\t<div class=\" wd-social-icons icons-design-default icons-size-small color-scheme-light social-share social-form-circle text-center\">\n\n\t\t\t\t\n\t\t\t\t\t\t\t\t\t<a rel=\"noopener noreferrer nofollow\" href=\"https:\/\/www.facebook.com\/sharer\/sharer.php?u=https:\/\/comvenezuela.com\/cual-es-el-motor-para-la-integracion-economica-entre-colombia-y-venezuela\/\" target=\"_blank\" class=\" wd-social-icon social-facebook\" aria-label=\"Enlace social Facebook\">\n\t\t\t\t\t\t<span class=\"wd-icon\"><\/span>\n\t\t\t\t\t\t\t\t\t\t\t<\/a>\n\t\t\t\t\n\t\t\t\t\t\t\t\t\t<a rel=\"noopener noreferrer nofollow\" href=\"https:\/\/x.com\/share?url=https:\/\/comvenezuela.com\/cual-es-el-motor-para-la-integracion-economica-entre-colombia-y-venezuela\/\" target=\"_blank\" class=\" wd-social-icon social-twitter\" aria-label=\"Enlace de la red social X\">\n\t\t\t\t\t\t<span class=\"wd-icon\"><\/span>\n\t\t\t\t\t\t\t\t\t\t\t<\/a>\n\t\t\t\t\n\t\t\t\t\n\t\t\t\t\n\t\t\t\t\n\t\t\t\t\t\t\t\t\t<a rel=\"noopener noreferrer nofollow\" href=\"https:\/\/pinterest.com\/pin\/create\/button\/?url=https:\/\/comvenezuela.com\/cual-es-el-motor-para-la-integracion-economica-entre-colombia-y-venezuela\/&media=https:\/\/comvenezuela.com\/wp-content\/uploads\/2024\/01\/12-comvenezuela.jpg&description=%C2%BFCu%C3%A1l+es+el+motor+para+la+integraci%C3%B3n+econ%C3%B3mica+entre+Colombia+y+Venezuela%3F\" target=\"_blank\" class=\" wd-social-icon social-pinterest\" aria-label=\"Enlace social Pinterest\">\n\t\t\t\t\t\t<span class=\"wd-icon\"><\/span>\n\t\t\t\t\t\t\t\t\t\t\t<\/a>\n\t\t\t\t\n\t\t\t\t\n\t\t\t\t\t\t\t\t\t<a rel=\"noopener noreferrer nofollow\" href=\"https:\/\/www.linkedin.com\/shareArticle?mini=true&url=https:\/\/comvenezuela.com\/cual-es-el-motor-para-la-integracion-economica-entre-colombia-y-venezuela\/\" target=\"_blank\" class=\" wd-social-icon social-linkedin\" aria-label=\"Enlace social Linkedin\">\n\t\t\t\t\t\t<span class=\"wd-icon\"><\/span>\n\t\t\t\t\t\t\t\t\t\t\t<\/a>\n\t\t\t\t\n\t\t\t\t\n\t\t\t\t\n\t\t\t\t\n\t\t\t\t\n\t\t\t\t\n\t\t\t\t\n\t\t\t\t\n\t\t\t\t\n\t\t\t\t\n\t\t\t\t\t\t\t\t\n\t\t\t\t\t\t\t\t\n\t\t\t\t\n\t\t\t\t\n\t\t\t\t\t\t\t\t\t<a rel=\"noopener noreferrer nofollow\" href=\"https:\/\/telegram.me\/share\/url?url=https:\/\/comvenezuela.com\/cual-es-el-motor-para-la-integracion-economica-entre-colombia-y-venezuela\/\" target=\"_blank\" class=\" wd-social-icon social-tg\" aria-label=\"Enlace social Telegram\">\n\t\t\t\t\t\t<span class=\"wd-icon\"><\/span>\n\t\t\t\t\t\t\t\t\t\t\t<\/a>\n\t\t\t\t\t\t\t\t\n\t\t\t\t\n\t\t\t<\/div>\n\n\t\t\t\t\t\t\t\t\t<\/div>\n\t\t\t\t\t\t<\/div>\n\t\t\t\t\t\t\t\t\t\t\t\t\n\t\t\t\t\t\t\t\n\t\t\t\t                    <div class=\"entry-content wd-entry-content\">\n\t\t\t\t\t\tPor: Caracol Radio\nFecha: 22 de junio \nEste mi\u00e9rcoles 21 de junio se llev\u00f3 a cabo el foro \u2018Desaf\u00edos de Venezuela\u2019 organizado por Prisa ...\n\t\t\t\t\t\t\t\t\t\t\t<\/div><!-- .entry-content -->\n\t\t\t\t\n\t\t\t\t\t\t\t\t\t\t\t\t\t\t<p class=\"read-more-section\">\n\t\t\t\t\t\t<a class=\"btn-read-more more-link\" href=\"https:\/\/comvenezuela.com\/cual-es-el-motor-para-la-integracion-economica-entre-colombia-y-venezuela\/\">Continuar leyendo<\/a>\t\t\t\t\t<\/p>\n\t\t\t\t\t\t\t\t\t\t\t\n\t\t\t\n\t\t\t\t\t<\/div>\n\t<\/div>\n<\/article><!-- #post -->\n\n\n\t\t\t\t\t\t\t\t\t\t\t\n<article id=\"post-16179\" class=\"wd-post blog-design-masonry blog-post-loop blog-style-bg wd-add-shadow wd-col post-16179 post type-post status-publish format-standard has-post-thumbnail hentry category-actualidad-binacional\">\n\t<div class=\"article-inner\">\n\t\t\t\t\t<header class=\"entry-header\">\n\t\t\t\t\t\t\t\t\t<figure id=\"carousel-744\" class=\"entry-thumbnail\">\n\t\t\t\t\t\t\n\t\t\t\t\t\t\t<div class=\"post-img-wrapp\">\n\t\t\t\t\t\t\t\t<a href=\"https:\/\/comvenezuela.com\/entra-en-vigor-profundizacion-del-acuerdo-de-alcance-parcial-con-venezuela\/\">\n\t\t\t\t\t\t\t\t\t<img width=\"1000\" height=\"650\" src=\"https:\/\/comvenezuela.com\/wp-content\/uploads\/2024\/01\/12-comvenezuela.jpg\" class=\"attachment-large size-large\" alt=\"\" decoding=\"async\" srcset=\"https:\/\/comvenezuela.com\/wp-content\/uploads\/2024\/01\/12-comvenezuela.jpg 1000w, https:\/\/comvenezuela.com\/wp-content\/uploads\/2024\/01\/12-comvenezuela-400x260.jpg 400w, https:\/\/comvenezuela.com\/wp-content\/uploads\/2024\/01\/12-comvenezuela-768x499.jpg 768w, https:\/\/comvenezuela.com\/wp-content\/uploads\/2024\/01\/12-comvenezuela-860x559.jpg 860w, https:\/\/comvenezuela.com\/wp-content\/uploads\/2024\/01\/12-comvenezuela-430x280.jpg 430w, https:\/\/comvenezuela.com\/wp-content\/uploads\/2024\/01\/12-comvenezuela-700x455.jpg 700w, https:\/\/comvenezuela.com\/wp-content\/uploads\/2024\/01\/12-comvenezuela-150x98.jpg 150w\" sizes=\"(max-width: 1000px) 100vw, 1000px\" \/>\t\t\t\t\t\t\t\t<\/a>\n\t\t\t\t\t\t\t<\/div>\n\t\t\t\t\t\t\t<div class=\"post-image-mask\">\n\t\t\t\t\t\t\t\t<span><\/span>\n\t\t\t\t\t\t\t<\/div>\n\n\t\t\t\t\t\t\n\t\t\t\t\t<\/figure>\n\t\t\t\t\n\t\t\t\t\t\t\t\t\t\t\t\t<div class=\"post-date wd-post-date wd-style-with-bg\">\n\t\t\t\t<span class=\"post-date-day\">\n\t\t\t\t\t09\t\t\t\t<\/span>\n\t\t\t\t<span class=\"post-date-month\">\n\t\t\t\t\tJun\t\t\t\t<\/span>\n\t\t\t<\/div>\n\t\t\t\t\t\t\n\t\t\t<\/header><!-- .entry-header -->\n\n\t\t<div class=\"article-body-container\">\n\t\t\t\n\t\t\t\t\t\t\t\t\t<div class=\"meta-categories-wrapp\"><div class=\"meta-post-categories wd-post-cat wd-style-with-bg\"><a href=\"https:\/\/comvenezuela.com\/category\/actualidad-binacional\/\" rel=\"category tag\">Actualidad Binacional<\/a><\/div><\/div>\n\t\t\t\t\n\t\t\t\t\t\t\t\t\t<h3 class=\"wd-entities-title title post-title\">\n\t\t\t\t\t\t<a href=\"https:\/\/comvenezuela.com\/entra-en-vigor-profundizacion-del-acuerdo-de-alcance-parcial-con-venezuela\/\" rel=\"bookmark\">Entra en vigor profundizaci\u00f3n del Acuerdo de Alcance Parcial con Venezuela<\/a>\n\t\t\t\t\t<\/h3>\n\t\t\t\t\n\t\t\t\t\t\t\t\t\t<div class=\"entry-meta wd-entry-meta\">\n\t\t\t\t\t\t\t\t\t<ul class=\"entry-meta-list\">\n\t\t\t\t\t\t\t\t\t<li class=\"modified-date\">\n\t\t\t\t\t\t\t\t<time class=\"updated\" datetime=\"2024-03-26T07:59:53-05:00\">\n\t\t\t26 de marzo de 2024\t\t<\/time>\n\t\t\t\t\t\t\t<\/li>\n\n\t\t\t\t\t\n\t\t\t\t\t\t\t\t\t\t\t<li class=\"meta-author\">\n\t\t\t\t\t\t\t\t\t\t\t\t<span>Por<\/span>\n\t\t\n\t\t\t\t\t<img alt='author-avatar' src='https:\/\/comvenezuela.com\/wp-content\/uploads\/2024\/03\/06-comvenezuela-300x300.png' srcset='https:\/\/comvenezuela.com\/wp-content\/uploads\/2024\/03\/06-comvenezuela-300x300.png 300w, https:\/\/comvenezuela.com\/wp-content\/uploads\/2024\/03\/06-comvenezuela-430x430.png 430w, https:\/\/comvenezuela.com\/wp-content\/uploads\/2024\/03\/06-comvenezuela-150x150.png 150w, https:\/\/comvenezuela.com\/wp-content\/uploads\/2024\/03\/06-comvenezuela.png 512w' class='avatar avatar-32 photo' height='32' width='32' decoding='async'\/>\t\t\n\t\t<a href=\"https:\/\/comvenezuela.com\/author\/nueva-comvenezuela-com\/\" rel=\"author\">\n\t\t\t<span class=\"vcard author author_name\">\n\t\t\t\t<span class=\"fn\">Comvenezuela<\/span>\n\t\t\t<\/span>\n\t\t<\/a>\n\t\t\t\t\t\t\t\t<\/li>\n\t\t\t\t\t\n\t\t\t\t\t\n\t\t\t\t\t\t\t\t\t\t\t\t<\/ul>\n\t\t\t\t\t\t\t<\/div><!-- .entry-meta -->\n\t\t\t\t\t\t\t\t\t\t\t<div class=\"hovered-social-icons wd-tltp wd-tltp-top\">\n\t\t\t\t\t\t\t<div class=\"wd-tooltip-label\">\n\t\t\t\t\t\t\t\t\n\t\t\t<div class=\" wd-social-icons icons-design-default icons-size-small color-scheme-light social-share social-form-circle text-center\">\n\n\t\t\t\t\n\t\t\t\t\t\t\t\t\t<a rel=\"noopener noreferrer nofollow\" href=\"https:\/\/www.facebook.com\/sharer\/sharer.php?u=https:\/\/comvenezuela.com\/entra-en-vigor-profundizacion-del-acuerdo-de-alcance-parcial-con-venezuela\/\" target=\"_blank\" class=\" wd-social-icon social-facebook\" aria-label=\"Enlace social Facebook\">\n\t\t\t\t\t\t<span class=\"wd-icon\"><\/span>\n\t\t\t\t\t\t\t\t\t\t\t<\/a>\n\t\t\t\t\n\t\t\t\t\t\t\t\t\t<a rel=\"noopener noreferrer nofollow\" href=\"https:\/\/x.com\/share?url=https:\/\/comvenezuela.com\/entra-en-vigor-profundizacion-del-acuerdo-de-alcance-parcial-con-venezuela\/\" target=\"_blank\" class=\" wd-social-icon social-twitter\" aria-label=\"Enlace de la red social X\">\n\t\t\t\t\t\t<span class=\"wd-icon\"><\/span>\n\t\t\t\t\t\t\t\t\t\t\t<\/a>\n\t\t\t\t\n\t\t\t\t\n\t\t\t\t\n\t\t\t\t\n\t\t\t\t\t\t\t\t\t<a rel=\"noopener noreferrer nofollow\" href=\"https:\/\/pinterest.com\/pin\/create\/button\/?url=https:\/\/comvenezuela.com\/entra-en-vigor-profundizacion-del-acuerdo-de-alcance-parcial-con-venezuela\/&media=https:\/\/comvenezuela.com\/wp-content\/uploads\/2024\/01\/12-comvenezuela.jpg&description=Entra+en+vigor+profundizaci%C3%B3n+del+Acuerdo+de+Alcance+Parcial+con+Venezuela\" target=\"_blank\" class=\" wd-social-icon social-pinterest\" aria-label=\"Enlace social Pinterest\">\n\t\t\t\t\t\t<span class=\"wd-icon\"><\/span>\n\t\t\t\t\t\t\t\t\t\t\t<\/a>\n\t\t\t\t\n\t\t\t\t\n\t\t\t\t\t\t\t\t\t<a rel=\"noopener noreferrer nofollow\" href=\"https:\/\/www.linkedin.com\/shareArticle?mini=true&url=https:\/\/comvenezuela.com\/entra-en-vigor-profundizacion-del-acuerdo-de-alcance-parcial-con-venezuela\/\" target=\"_blank\" class=\" wd-social-icon social-linkedin\" aria-label=\"Enlace social Linkedin\">\n\t\t\t\t\t\t<span class=\"wd-icon\"><\/span>\n\t\t\t\t\t\t\t\t\t\t\t<\/a>\n\t\t\t\t\n\t\t\t\t\n\t\t\t\t\n\t\t\t\t\n\t\t\t\t\n\t\t\t\t\n\t\t\t\t\n\t\t\t\t\n\t\t\t\t\n\t\t\t\t\n\t\t\t\t\t\t\t\t\n\t\t\t\t\t\t\t\t\n\t\t\t\t\n\t\t\t\t\n\t\t\t\t\t\t\t\t\t<a rel=\"noopener noreferrer nofollow\" href=\"https:\/\/telegram.me\/share\/url?url=https:\/\/comvenezuela.com\/entra-en-vigor-profundizacion-del-acuerdo-de-alcance-parcial-con-venezuela\/\" target=\"_blank\" class=\" wd-social-icon social-tg\" aria-label=\"Enlace social Telegram\">\n\t\t\t\t\t\t<span class=\"wd-icon\"><\/span>\n\t\t\t\t\t\t\t\t\t\t\t<\/a>\n\t\t\t\t\t\t\t\t\n\t\t\t\t\n\t\t\t<\/div>\n\n\t\t\t\t\t\t\t\t\t<\/div>\n\t\t\t\t\t\t<\/div>\n\t\t\t\t\t\t\t\t\t\t\t\t\n\t\t\t\t\t\t\t\n\t\t\t\t                    <div class=\"entry-content wd-entry-content\">\n\t\t\t\t\t\tPor: MINCIT\nFecha: 9 de junio\nDespu\u00e9s definir la profundizaci\u00f3n del Acuerdo de Alcance Parcial de Naturaleza Comercial (AAPC) n\u00famero 28...\n\t\t\t\t\t\t\t\t\t\t\t<\/div><!-- .entry-content -->\n\t\t\t\t\n\t\t\t\t\t\t\t\t\t\t\t\t\t\t<p class=\"read-more-section\">\n\t\t\t\t\t\t<a class=\"btn-read-more more-link\" href=\"https:\/\/comvenezuela.com\/entra-en-vigor-profundizacion-del-acuerdo-de-alcance-parcial-con-venezuela\/\">Continuar leyendo<\/a>\t\t\t\t\t<\/p>\n\t\t\t\t\t\t\t\t\t\t\t\n\t\t\t\n\t\t\t\t\t<\/div>\n\t<\/div>\n<\/article><!-- #post -->\n\n\n\t\t\t\t\t\n\t\t\t\t\t","status":"have-posts","nextPage":"https:\/\/comvenezuela.com\/category\/actualidad-binacional\/page\/5\/?woo_ajax=1","currentPage":"https:\/\/comvenezuela.com\/category\/actualidad-binacional\/page\/4"}