
			
				

					
				

			
		{"items":"\n\t\t\t\t\t\t\t\t\t\t\t\n<article id=\"post-16180\" class=\"wd-post blog-design-masonry blog-post-loop blog-style-bg wd-add-shadow wd-col post-16180 post type-post status-publish format-standard has-post-thumbnail hentry category-actualidad-binacional\">\n\t<div class=\"article-inner\">\n\t\t\t\t\t<header class=\"entry-header\">\n\t\t\t\t\t\t\t\t\t<figure id=\"carousel-771\" class=\"entry-thumbnail\">\n\t\t\t\t\t\t\n\t\t\t\t\t\t\t<div class=\"post-img-wrapp\">\n\t\t\t\t\t\t\t\t<a href=\"https:\/\/comvenezuela.com\/ruta-bogota-caracas-de-satena-tendra-2-nuevas-frecuencias-semanales\/\">\n\t\t\t\t\t\t\t\t\t<img width=\"1000\" height=\"650\" src=\"https:\/\/comvenezuela.com\/wp-content\/uploads\/2024\/01\/12-comvenezuela.jpg\" class=\"attachment-large size-large\" alt=\"\" decoding=\"async\" srcset=\"https:\/\/comvenezuela.com\/wp-content\/uploads\/2024\/01\/12-comvenezuela.jpg 1000w, https:\/\/comvenezuela.com\/wp-content\/uploads\/2024\/01\/12-comvenezuela-400x260.jpg 400w, https:\/\/comvenezuela.com\/wp-content\/uploads\/2024\/01\/12-comvenezuela-768x499.jpg 768w, https:\/\/comvenezuela.com\/wp-content\/uploads\/2024\/01\/12-comvenezuela-860x559.jpg 860w, https:\/\/comvenezuela.com\/wp-content\/uploads\/2024\/01\/12-comvenezuela-430x280.jpg 430w, https:\/\/comvenezuela.com\/wp-content\/uploads\/2024\/01\/12-comvenezuela-700x455.jpg 700w, https:\/\/comvenezuela.com\/wp-content\/uploads\/2024\/01\/12-comvenezuela-150x98.jpg 150w\" sizes=\"(max-width: 1000px) 100vw, 1000px\" \/>\t\t\t\t\t\t\t\t<\/a>\n\t\t\t\t\t\t\t<\/div>\n\t\t\t\t\t\t\t<div class=\"post-image-mask\">\n\t\t\t\t\t\t\t\t<span><\/span>\n\t\t\t\t\t\t\t<\/div>\n\n\t\t\t\t\t\t\n\t\t\t\t\t<\/figure>\n\t\t\t\t\n\t\t\t\t\t\t\t\t\t\t\t\t<div class=\"post-date wd-post-date wd-style-with-bg\">\n\t\t\t\t<span class=\"post-date-day\">\n\t\t\t\t\t08\t\t\t\t<\/span>\n\t\t\t\t<span class=\"post-date-month\">\n\t\t\t\t\tJun\t\t\t\t<\/span>\n\t\t\t<\/div>\n\t\t\t\t\t\t\n\t\t\t<\/header><!-- .entry-header -->\n\n\t\t<div class=\"article-body-container\">\n\t\t\t\n\t\t\t\t\t\t\t\t\t<div class=\"meta-categories-wrapp\"><div class=\"meta-post-categories wd-post-cat wd-style-with-bg\"><a href=\"https:\/\/comvenezuela.com\/category\/actualidad-binacional\/\" rel=\"category tag\">Actualidad Binacional<\/a><\/div><\/div>\n\t\t\t\t\n\t\t\t\t\t\t\t\t\t<h3 class=\"wd-entities-title title post-title\">\n\t\t\t\t\t\t<a href=\"https:\/\/comvenezuela.com\/ruta-bogota-caracas-de-satena-tendra-2-nuevas-frecuencias-semanales\/\" rel=\"bookmark\">Ruta Bogot\u00e1 &#8211; Caracas de Satena tendr\u00e1 2 nuevas frecuencias semanales<\/a>\n\t\t\t\t\t<\/h3>\n\t\t\t\t\n\t\t\t\t\t\t\t\t\t<div class=\"entry-meta wd-entry-meta\">\n\t\t\t\t\t\t\t\t\t<ul class=\"entry-meta-list\">\n\t\t\t\t\t\t\t\t\t<li class=\"modified-date\">\n\t\t\t\t\t\t\t\t<time class=\"updated\" datetime=\"2024-03-26T07:59:57-05:00\">\n\t\t\t26 de marzo de 2024\t\t<\/time>\n\t\t\t\t\t\t\t<\/li>\n\n\t\t\t\t\t\n\t\t\t\t\t\t\t\t\t\t\t<li class=\"meta-author\">\n\t\t\t\t\t\t\t\t\t\t\t\t<span>Por<\/span>\n\t\t\n\t\t\t\t\t<img alt='author-avatar' src='https:\/\/comvenezuela.com\/wp-content\/uploads\/2024\/03\/06-comvenezuela-300x300.png' srcset='https:\/\/comvenezuela.com\/wp-content\/uploads\/2024\/03\/06-comvenezuela-300x300.png 300w, https:\/\/comvenezuela.com\/wp-content\/uploads\/2024\/03\/06-comvenezuela-430x430.png 430w, https:\/\/comvenezuela.com\/wp-content\/uploads\/2024\/03\/06-comvenezuela-150x150.png 150w, https:\/\/comvenezuela.com\/wp-content\/uploads\/2024\/03\/06-comvenezuela.png 512w' class='avatar avatar-32 photo' height='32' width='32' decoding='async'\/>\t\t\n\t\t<a href=\"https:\/\/comvenezuela.com\/author\/nueva-comvenezuela-com\/\" rel=\"author\">\n\t\t\t<span class=\"vcard author author_name\">\n\t\t\t\t<span class=\"fn\">Comvenezuela<\/span>\n\t\t\t<\/span>\n\t\t<\/a>\n\t\t\t\t\t\t\t\t<\/li>\n\t\t\t\t\t\n\t\t\t\t\t\n\t\t\t\t\t\t\t\t\t\t\t\t<\/ul>\n\t\t\t\t\t\t\t<\/div><!-- .entry-meta -->\n\t\t\t\t\t\t\t\t\t\t\t<div class=\"hovered-social-icons wd-tltp wd-tltp-top\">\n\t\t\t\t\t\t\t<div class=\"wd-tooltip-label\">\n\t\t\t\t\t\t\t\t\t\t\t<link rel=\"stylesheet\" id=\"wd-social-icons-css\" href=\"https:\/\/comvenezuela.com\/wp-content\/themes\/woodmart\/css\/parts\/el-social-icons.min.css?ver=7.5.1\" type=\"text\/css\" media=\"all\" \/> \t\t\t\n\t\t\t<div class=\" wd-social-icons icons-design-default icons-size-small color-scheme-light social-share social-form-circle text-center\">\n\n\t\t\t\t\n\t\t\t\t\t\t\t\t\t<a rel=\"noopener noreferrer nofollow\" href=\"https:\/\/www.facebook.com\/sharer\/sharer.php?u=https:\/\/comvenezuela.com\/ruta-bogota-caracas-de-satena-tendra-2-nuevas-frecuencias-semanales\/\" target=\"_blank\" class=\" wd-social-icon social-facebook\" aria-label=\"Enlace social Facebook\">\n\t\t\t\t\t\t<span class=\"wd-icon\"><\/span>\n\t\t\t\t\t\t\t\t\t\t\t<\/a>\n\t\t\t\t\n\t\t\t\t\t\t\t\t\t<a rel=\"noopener noreferrer nofollow\" href=\"https:\/\/x.com\/share?url=https:\/\/comvenezuela.com\/ruta-bogota-caracas-de-satena-tendra-2-nuevas-frecuencias-semanales\/\" target=\"_blank\" class=\" wd-social-icon social-twitter\" aria-label=\"Enlace de la red social X\">\n\t\t\t\t\t\t<span class=\"wd-icon\"><\/span>\n\t\t\t\t\t\t\t\t\t\t\t<\/a>\n\t\t\t\t\n\t\t\t\t\n\t\t\t\t\n\t\t\t\t\n\t\t\t\t\t\t\t\t\t<a rel=\"noopener noreferrer nofollow\" href=\"https:\/\/pinterest.com\/pin\/create\/button\/?url=https:\/\/comvenezuela.com\/ruta-bogota-caracas-de-satena-tendra-2-nuevas-frecuencias-semanales\/&media=https:\/\/comvenezuela.com\/wp-content\/uploads\/2024\/01\/12-comvenezuela.jpg&description=Ruta+Bogot%C3%A1+%26%238211%3B+Caracas+de+Satena+tendr%C3%A1+2+nuevas+frecuencias+semanales\" target=\"_blank\" class=\" wd-social-icon social-pinterest\" aria-label=\"Enlace social Pinterest\">\n\t\t\t\t\t\t<span class=\"wd-icon\"><\/span>\n\t\t\t\t\t\t\t\t\t\t\t<\/a>\n\t\t\t\t\n\t\t\t\t\n\t\t\t\t\t\t\t\t\t<a rel=\"noopener noreferrer nofollow\" href=\"https:\/\/www.linkedin.com\/shareArticle?mini=true&url=https:\/\/comvenezuela.com\/ruta-bogota-caracas-de-satena-tendra-2-nuevas-frecuencias-semanales\/\" target=\"_blank\" class=\" wd-social-icon social-linkedin\" aria-label=\"Enlace social Linkedin\">\n\t\t\t\t\t\t<span class=\"wd-icon\"><\/span>\n\t\t\t\t\t\t\t\t\t\t\t<\/a>\n\t\t\t\t\n\t\t\t\t\n\t\t\t\t\n\t\t\t\t\n\t\t\t\t\n\t\t\t\t\n\t\t\t\t\n\t\t\t\t\n\t\t\t\t\n\t\t\t\t\n\t\t\t\t\t\t\t\t\n\t\t\t\t\t\t\t\t\n\t\t\t\t\n\t\t\t\t\n\t\t\t\t\t\t\t\t\t<a rel=\"noopener noreferrer nofollow\" href=\"https:\/\/telegram.me\/share\/url?url=https:\/\/comvenezuela.com\/ruta-bogota-caracas-de-satena-tendra-2-nuevas-frecuencias-semanales\/\" target=\"_blank\" class=\" wd-social-icon social-tg\" aria-label=\"Enlace social Telegram\">\n\t\t\t\t\t\t<span class=\"wd-icon\"><\/span>\n\t\t\t\t\t\t\t\t\t\t\t<\/a>\n\t\t\t\t\t\t\t\t\n\t\t\t\t\n\t\t\t<\/div>\n\n\t\t\t\t\t\t\t\t\t<\/div>\n\t\t\t\t\t\t<\/div>\n\t\t\t\t\t\t\t\t\t\t\t\t\n\t\t\t\t\t\t\t\n\t\t\t\t                    <div class=\"entry-content wd-entry-content\">\n\t\t\t\t\t\tPor: Portafolio\nFecha: 8 de junio\nLa aerol\u00ednea colombiana Satena anunci\u00f3 el aumento en la frecuencia de vuelos entre Bogot\u00e1 y Caracas. ...\n\t\t\t\t\t\t\t\t\t\t\t<\/div><!-- .entry-content -->\n\t\t\t\t\n\t\t\t\t\t\t\t\t\t\t\t\t\t\t<p class=\"read-more-section\">\n\t\t\t\t\t\t<a class=\"btn-read-more more-link\" href=\"https:\/\/comvenezuela.com\/ruta-bogota-caracas-de-satena-tendra-2-nuevas-frecuencias-semanales\/\">Continuar leyendo<\/a>\t\t\t\t\t<\/p>\n\t\t\t\t\t\t\t\t\t\t\t\n\t\t\t\n\t\t\t\t\t<\/div>\n\t<\/div>\n<\/article><!-- #post -->\n\n\n\t\t\t\t\t\t\t\t\t\t\t\n<article id=\"post-16181\" class=\"wd-post blog-design-masonry blog-post-loop blog-style-bg wd-add-shadow wd-col post-16181 post type-post status-publish format-standard has-post-thumbnail hentry category-actualidad-binacional\">\n\t<div class=\"article-inner\">\n\t\t\t\t\t<header class=\"entry-header\">\n\t\t\t\t\t\t\t\t\t<figure id=\"carousel-787\" class=\"entry-thumbnail\">\n\t\t\t\t\t\t\n\t\t\t\t\t\t\t<div class=\"post-img-wrapp\">\n\t\t\t\t\t\t\t\t<a href=\"https:\/\/comvenezuela.com\/milton-rengifo-hernandez-fue-designado-nuevo-embajador-de-colombia-en-venezuela\/\">\n\t\t\t\t\t\t\t\t\t<img width=\"1000\" height=\"650\" src=\"https:\/\/comvenezuela.com\/wp-content\/uploads\/2024\/01\/12-comvenezuela.jpg\" class=\"attachment-large size-large\" alt=\"\" decoding=\"async\" srcset=\"https:\/\/comvenezuela.com\/wp-content\/uploads\/2024\/01\/12-comvenezuela.jpg 1000w, https:\/\/comvenezuela.com\/wp-content\/uploads\/2024\/01\/12-comvenezuela-400x260.jpg 400w, https:\/\/comvenezuela.com\/wp-content\/uploads\/2024\/01\/12-comvenezuela-768x499.jpg 768w, https:\/\/comvenezuela.com\/wp-content\/uploads\/2024\/01\/12-comvenezuela-860x559.jpg 860w, https:\/\/comvenezuela.com\/wp-content\/uploads\/2024\/01\/12-comvenezuela-430x280.jpg 430w, https:\/\/comvenezuela.com\/wp-content\/uploads\/2024\/01\/12-comvenezuela-700x455.jpg 700w, https:\/\/comvenezuela.com\/wp-content\/uploads\/2024\/01\/12-comvenezuela-150x98.jpg 150w\" sizes=\"(max-width: 1000px) 100vw, 1000px\" \/>\t\t\t\t\t\t\t\t<\/a>\n\t\t\t\t\t\t\t<\/div>\n\t\t\t\t\t\t\t<div class=\"post-image-mask\">\n\t\t\t\t\t\t\t\t<span><\/span>\n\t\t\t\t\t\t\t<\/div>\n\n\t\t\t\t\t\t\n\t\t\t\t\t<\/figure>\n\t\t\t\t\n\t\t\t\t\t\t\t\t\t\t\t\t<div class=\"post-date wd-post-date wd-style-with-bg\">\n\t\t\t\t<span class=\"post-date-day\">\n\t\t\t\t\t05\t\t\t\t<\/span>\n\t\t\t\t<span class=\"post-date-month\">\n\t\t\t\t\tJun\t\t\t\t<\/span>\n\t\t\t<\/div>\n\t\t\t\t\t\t\n\t\t\t<\/header><!-- .entry-header -->\n\n\t\t<div class=\"article-body-container\">\n\t\t\t\n\t\t\t\t\t\t\t\t\t<div class=\"meta-categories-wrapp\"><div class=\"meta-post-categories wd-post-cat wd-style-with-bg\"><a href=\"https:\/\/comvenezuela.com\/category\/actualidad-binacional\/\" rel=\"category tag\">Actualidad Binacional<\/a><\/div><\/div>\n\t\t\t\t\n\t\t\t\t\t\t\t\t\t<h3 class=\"wd-entities-title title post-title\">\n\t\t\t\t\t\t<a href=\"https:\/\/comvenezuela.com\/milton-rengifo-hernandez-fue-designado-nuevo-embajador-de-colombia-en-venezuela\/\" rel=\"bookmark\">Milton Rengifo Hern\u00e1ndez fue designado nuevo embajador de Colombia en Venezuela<\/a>\n\t\t\t\t\t<\/h3>\n\t\t\t\t\n\t\t\t\t\t\t\t\t\t<div class=\"entry-meta wd-entry-meta\">\n\t\t\t\t\t\t\t\t\t<ul class=\"entry-meta-list\">\n\t\t\t\t\t\t\t\t\t<li class=\"modified-date\">\n\t\t\t\t\t\t\t\t<time class=\"updated\" datetime=\"2024-03-26T08:00:03-05:00\">\n\t\t\t26 de marzo de 2024\t\t<\/time>\n\t\t\t\t\t\t\t<\/li>\n\n\t\t\t\t\t\n\t\t\t\t\t\t\t\t\t\t\t<li class=\"meta-author\">\n\t\t\t\t\t\t\t\t\t\t\t\t<span>Por<\/span>\n\t\t\n\t\t\t\t\t<img alt='author-avatar' src='https:\/\/comvenezuela.com\/wp-content\/uploads\/2024\/03\/06-comvenezuela-300x300.png' srcset='https:\/\/comvenezuela.com\/wp-content\/uploads\/2024\/03\/06-comvenezuela-300x300.png 300w, https:\/\/comvenezuela.com\/wp-content\/uploads\/2024\/03\/06-comvenezuela-430x430.png 430w, https:\/\/comvenezuela.com\/wp-content\/uploads\/2024\/03\/06-comvenezuela-150x150.png 150w, https:\/\/comvenezuela.com\/wp-content\/uploads\/2024\/03\/06-comvenezuela.png 512w' class='avatar avatar-32 photo' height='32' width='32' decoding='async'\/>\t\t\n\t\t<a href=\"https:\/\/comvenezuela.com\/author\/nueva-comvenezuela-com\/\" rel=\"author\">\n\t\t\t<span class=\"vcard author author_name\">\n\t\t\t\t<span class=\"fn\">Comvenezuela<\/span>\n\t\t\t<\/span>\n\t\t<\/a>\n\t\t\t\t\t\t\t\t<\/li>\n\t\t\t\t\t\n\t\t\t\t\t\n\t\t\t\t\t\t\t\t\t\t\t\t<\/ul>\n\t\t\t\t\t\t\t<\/div><!-- .entry-meta -->\n\t\t\t\t\t\t\t\t\t\t\t<div class=\"hovered-social-icons wd-tltp wd-tltp-top\">\n\t\t\t\t\t\t\t<div class=\"wd-tooltip-label\">\n\t\t\t\t\t\t\t\t\n\t\t\t<div class=\" wd-social-icons icons-design-default icons-size-small color-scheme-light social-share social-form-circle text-center\">\n\n\t\t\t\t\n\t\t\t\t\t\t\t\t\t<a rel=\"noopener noreferrer nofollow\" href=\"https:\/\/www.facebook.com\/sharer\/sharer.php?u=https:\/\/comvenezuela.com\/milton-rengifo-hernandez-fue-designado-nuevo-embajador-de-colombia-en-venezuela\/\" target=\"_blank\" class=\" wd-social-icon social-facebook\" aria-label=\"Enlace social Facebook\">\n\t\t\t\t\t\t<span class=\"wd-icon\"><\/span>\n\t\t\t\t\t\t\t\t\t\t\t<\/a>\n\t\t\t\t\n\t\t\t\t\t\t\t\t\t<a rel=\"noopener noreferrer nofollow\" href=\"https:\/\/x.com\/share?url=https:\/\/comvenezuela.com\/milton-rengifo-hernandez-fue-designado-nuevo-embajador-de-colombia-en-venezuela\/\" target=\"_blank\" class=\" wd-social-icon social-twitter\" aria-label=\"Enlace de la red social X\">\n\t\t\t\t\t\t<span class=\"wd-icon\"><\/span>\n\t\t\t\t\t\t\t\t\t\t\t<\/a>\n\t\t\t\t\n\t\t\t\t\n\t\t\t\t\n\t\t\t\t\n\t\t\t\t\t\t\t\t\t<a rel=\"noopener noreferrer nofollow\" href=\"https:\/\/pinterest.com\/pin\/create\/button\/?url=https:\/\/comvenezuela.com\/milton-rengifo-hernandez-fue-designado-nuevo-embajador-de-colombia-en-venezuela\/&media=https:\/\/comvenezuela.com\/wp-content\/uploads\/2024\/01\/12-comvenezuela.jpg&description=Milton+Rengifo+Hern%C3%A1ndez+fue+designado+nuevo+embajador+de+Colombia+en+Venezuela\" target=\"_blank\" class=\" wd-social-icon social-pinterest\" aria-label=\"Enlace social Pinterest\">\n\t\t\t\t\t\t<span class=\"wd-icon\"><\/span>\n\t\t\t\t\t\t\t\t\t\t\t<\/a>\n\t\t\t\t\n\t\t\t\t\n\t\t\t\t\t\t\t\t\t<a rel=\"noopener noreferrer nofollow\" href=\"https:\/\/www.linkedin.com\/shareArticle?mini=true&url=https:\/\/comvenezuela.com\/milton-rengifo-hernandez-fue-designado-nuevo-embajador-de-colombia-en-venezuela\/\" target=\"_blank\" class=\" wd-social-icon social-linkedin\" aria-label=\"Enlace social Linkedin\">\n\t\t\t\t\t\t<span class=\"wd-icon\"><\/span>\n\t\t\t\t\t\t\t\t\t\t\t<\/a>\n\t\t\t\t\n\t\t\t\t\n\t\t\t\t\n\t\t\t\t\n\t\t\t\t\n\t\t\t\t\n\t\t\t\t\n\t\t\t\t\n\t\t\t\t\n\t\t\t\t\n\t\t\t\t\t\t\t\t\n\t\t\t\t\t\t\t\t\n\t\t\t\t\n\t\t\t\t\n\t\t\t\t\t\t\t\t\t<a rel=\"noopener noreferrer nofollow\" href=\"https:\/\/telegram.me\/share\/url?url=https:\/\/comvenezuela.com\/milton-rengifo-hernandez-fue-designado-nuevo-embajador-de-colombia-en-venezuela\/\" target=\"_blank\" class=\" wd-social-icon social-tg\" aria-label=\"Enlace social Telegram\">\n\t\t\t\t\t\t<span class=\"wd-icon\"><\/span>\n\t\t\t\t\t\t\t\t\t\t\t<\/a>\n\t\t\t\t\t\t\t\t\n\t\t\t\t\n\t\t\t<\/div>\n\n\t\t\t\t\t\t\t\t\t<\/div>\n\t\t\t\t\t\t<\/div>\n\t\t\t\t\t\t\t\t\t\t\t\t\n\t\t\t\t\t\t\t\n\t\t\t\t                    <div class=\"entry-content wd-entry-content\">\n\t\t\t\t\t\tPor: Embajada de Colombia en Venezuela\nFecha: 5 de junio\nEl nuevo Embajador Extraordinario y Plenipotenciario de Colombia ante el Gobie...\n\t\t\t\t\t\t\t\t\t\t\t<\/div><!-- .entry-content -->\n\t\t\t\t\n\t\t\t\t\t\t\t\t\t\t\t\t\t\t<p class=\"read-more-section\">\n\t\t\t\t\t\t<a class=\"btn-read-more more-link\" href=\"https:\/\/comvenezuela.com\/milton-rengifo-hernandez-fue-designado-nuevo-embajador-de-colombia-en-venezuela\/\">Continuar leyendo<\/a>\t\t\t\t\t<\/p>\n\t\t\t\t\t\t\t\t\t\t\t\n\t\t\t\n\t\t\t\t\t<\/div>\n\t<\/div>\n<\/article><!-- #post -->\n\n\n\t\t\t\t\t\t\t\t\t\t\t\n<article id=\"post-16184\" class=\"wd-post blog-design-masonry blog-post-loop blog-style-bg wd-add-shadow wd-col post-16184 post type-post status-publish format-standard has-post-thumbnail hentry category-actualidad-binacional\">\n\t<div class=\"article-inner\">\n\t\t\t\t\t<header class=\"entry-header\">\n\t\t\t\t\t\t\t\t\t<figure id=\"carousel-642\" class=\"entry-thumbnail\">\n\t\t\t\t\t\t\n\t\t\t\t\t\t\t<div class=\"post-img-wrapp\">\n\t\t\t\t\t\t\t\t<a href=\"https:\/\/comvenezuela.com\/venezuela-y-colombia-revisan-estrategias-para-fortalecer-el-turismo-binacional\/\">\n\t\t\t\t\t\t\t\t\t<img width=\"1000\" height=\"650\" src=\"https:\/\/comvenezuela.com\/wp-content\/uploads\/2024\/01\/12-comvenezuela.jpg\" class=\"attachment-large size-large\" alt=\"\" decoding=\"async\" srcset=\"https:\/\/comvenezuela.com\/wp-content\/uploads\/2024\/01\/12-comvenezuela.jpg 1000w, https:\/\/comvenezuela.com\/wp-content\/uploads\/2024\/01\/12-comvenezuela-400x260.jpg 400w, https:\/\/comvenezuela.com\/wp-content\/uploads\/2024\/01\/12-comvenezuela-768x499.jpg 768w, https:\/\/comvenezuela.com\/wp-content\/uploads\/2024\/01\/12-comvenezuela-860x559.jpg 860w, https:\/\/comvenezuela.com\/wp-content\/uploads\/2024\/01\/12-comvenezuela-430x280.jpg 430w, https:\/\/comvenezuela.com\/wp-content\/uploads\/2024\/01\/12-comvenezuela-700x455.jpg 700w, https:\/\/comvenezuela.com\/wp-content\/uploads\/2024\/01\/12-comvenezuela-150x98.jpg 150w\" sizes=\"(max-width: 1000px) 100vw, 1000px\" \/>\t\t\t\t\t\t\t\t<\/a>\n\t\t\t\t\t\t\t<\/div>\n\t\t\t\t\t\t\t<div class=\"post-image-mask\">\n\t\t\t\t\t\t\t\t<span><\/span>\n\t\t\t\t\t\t\t<\/div>\n\n\t\t\t\t\t\t\n\t\t\t\t\t<\/figure>\n\t\t\t\t\n\t\t\t\t\t\t\t\t\t\t\t\t<div class=\"post-date wd-post-date wd-style-with-bg\">\n\t\t\t\t<span class=\"post-date-day\">\n\t\t\t\t\t02\t\t\t\t<\/span>\n\t\t\t\t<span class=\"post-date-month\">\n\t\t\t\t\tJun\t\t\t\t<\/span>\n\t\t\t<\/div>\n\t\t\t\t\t\t\n\t\t\t<\/header><!-- .entry-header -->\n\n\t\t<div class=\"article-body-container\">\n\t\t\t\n\t\t\t\t\t\t\t\t\t<div class=\"meta-categories-wrapp\"><div class=\"meta-post-categories wd-post-cat wd-style-with-bg\"><a href=\"https:\/\/comvenezuela.com\/category\/actualidad-binacional\/\" rel=\"category tag\">Actualidad Binacional<\/a><\/div><\/div>\n\t\t\t\t\n\t\t\t\t\t\t\t\t\t<h3 class=\"wd-entities-title title post-title\">\n\t\t\t\t\t\t<a href=\"https:\/\/comvenezuela.com\/venezuela-y-colombia-revisan-estrategias-para-fortalecer-el-turismo-binacional\/\" rel=\"bookmark\">Venezuela y Colombia revisan estrategias para fortalecer el turismo binacional<\/a>\n\t\t\t\t\t<\/h3>\n\t\t\t\t\n\t\t\t\t\t\t\t\t\t<div class=\"entry-meta wd-entry-meta\">\n\t\t\t\t\t\t\t\t\t<ul class=\"entry-meta-list\">\n\t\t\t\t\t\t\t\t\t<li class=\"modified-date\">\n\t\t\t\t\t\t\t\t<time class=\"updated\" datetime=\"2024-03-26T08:00:11-05:00\">\n\t\t\t26 de marzo de 2024\t\t<\/time>\n\t\t\t\t\t\t\t<\/li>\n\n\t\t\t\t\t\n\t\t\t\t\t\t\t\t\t\t\t<li class=\"meta-author\">\n\t\t\t\t\t\t\t\t\t\t\t\t<span>Por<\/span>\n\t\t\n\t\t\t\t\t<img alt='author-avatar' src='https:\/\/comvenezuela.com\/wp-content\/uploads\/2024\/03\/06-comvenezuela-300x300.png' srcset='https:\/\/comvenezuela.com\/wp-content\/uploads\/2024\/03\/06-comvenezuela-300x300.png 300w, https:\/\/comvenezuela.com\/wp-content\/uploads\/2024\/03\/06-comvenezuela-430x430.png 430w, https:\/\/comvenezuela.com\/wp-content\/uploads\/2024\/03\/06-comvenezuela-150x150.png 150w, https:\/\/comvenezuela.com\/wp-content\/uploads\/2024\/03\/06-comvenezuela.png 512w' class='avatar avatar-32 photo' height='32' width='32' decoding='async'\/>\t\t\n\t\t<a href=\"https:\/\/comvenezuela.com\/author\/nueva-comvenezuela-com\/\" rel=\"author\">\n\t\t\t<span class=\"vcard author author_name\">\n\t\t\t\t<span class=\"fn\">Comvenezuela<\/span>\n\t\t\t<\/span>\n\t\t<\/a>\n\t\t\t\t\t\t\t\t<\/li>\n\t\t\t\t\t\n\t\t\t\t\t\n\t\t\t\t\t\t\t\t\t\t\t\t<\/ul>\n\t\t\t\t\t\t\t<\/div><!-- .entry-meta -->\n\t\t\t\t\t\t\t\t\t\t\t<div class=\"hovered-social-icons wd-tltp wd-tltp-top\">\n\t\t\t\t\t\t\t<div class=\"wd-tooltip-label\">\n\t\t\t\t\t\t\t\t\n\t\t\t<div class=\" wd-social-icons icons-design-default icons-size-small color-scheme-light social-share social-form-circle text-center\">\n\n\t\t\t\t\n\t\t\t\t\t\t\t\t\t<a rel=\"noopener noreferrer nofollow\" href=\"https:\/\/www.facebook.com\/sharer\/sharer.php?u=https:\/\/comvenezuela.com\/venezuela-y-colombia-revisan-estrategias-para-fortalecer-el-turismo-binacional\/\" target=\"_blank\" class=\" wd-social-icon social-facebook\" aria-label=\"Enlace social Facebook\">\n\t\t\t\t\t\t<span class=\"wd-icon\"><\/span>\n\t\t\t\t\t\t\t\t\t\t\t<\/a>\n\t\t\t\t\n\t\t\t\t\t\t\t\t\t<a rel=\"noopener noreferrer nofollow\" href=\"https:\/\/x.com\/share?url=https:\/\/comvenezuela.com\/venezuela-y-colombia-revisan-estrategias-para-fortalecer-el-turismo-binacional\/\" target=\"_blank\" class=\" wd-social-icon social-twitter\" aria-label=\"Enlace de la red social X\">\n\t\t\t\t\t\t<span class=\"wd-icon\"><\/span>\n\t\t\t\t\t\t\t\t\t\t\t<\/a>\n\t\t\t\t\n\t\t\t\t\n\t\t\t\t\n\t\t\t\t\n\t\t\t\t\t\t\t\t\t<a rel=\"noopener noreferrer nofollow\" href=\"https:\/\/pinterest.com\/pin\/create\/button\/?url=https:\/\/comvenezuela.com\/venezuela-y-colombia-revisan-estrategias-para-fortalecer-el-turismo-binacional\/&media=https:\/\/comvenezuela.com\/wp-content\/uploads\/2024\/01\/12-comvenezuela.jpg&description=Venezuela+y+Colombia+revisan+estrategias+para+fortalecer+el+turismo+binacional\" target=\"_blank\" class=\" wd-social-icon social-pinterest\" aria-label=\"Enlace social Pinterest\">\n\t\t\t\t\t\t<span class=\"wd-icon\"><\/span>\n\t\t\t\t\t\t\t\t\t\t\t<\/a>\n\t\t\t\t\n\t\t\t\t\n\t\t\t\t\t\t\t\t\t<a rel=\"noopener noreferrer nofollow\" href=\"https:\/\/www.linkedin.com\/shareArticle?mini=true&url=https:\/\/comvenezuela.com\/venezuela-y-colombia-revisan-estrategias-para-fortalecer-el-turismo-binacional\/\" target=\"_blank\" class=\" wd-social-icon social-linkedin\" aria-label=\"Enlace social Linkedin\">\n\t\t\t\t\t\t<span class=\"wd-icon\"><\/span>\n\t\t\t\t\t\t\t\t\t\t\t<\/a>\n\t\t\t\t\n\t\t\t\t\n\t\t\t\t\n\t\t\t\t\n\t\t\t\t\n\t\t\t\t\n\t\t\t\t\n\t\t\t\t\n\t\t\t\t\n\t\t\t\t\n\t\t\t\t\t\t\t\t\n\t\t\t\t\t\t\t\t\n\t\t\t\t\n\t\t\t\t\n\t\t\t\t\t\t\t\t\t<a rel=\"noopener noreferrer nofollow\" href=\"https:\/\/telegram.me\/share\/url?url=https:\/\/comvenezuela.com\/venezuela-y-colombia-revisan-estrategias-para-fortalecer-el-turismo-binacional\/\" target=\"_blank\" class=\" wd-social-icon social-tg\" aria-label=\"Enlace social Telegram\">\n\t\t\t\t\t\t<span class=\"wd-icon\"><\/span>\n\t\t\t\t\t\t\t\t\t\t\t<\/a>\n\t\t\t\t\t\t\t\t\n\t\t\t\t\n\t\t\t<\/div>\n\n\t\t\t\t\t\t\t\t\t<\/div>\n\t\t\t\t\t\t<\/div>\n\t\t\t\t\t\t\t\t\t\t\t\t\n\t\t\t\t\t\t\t\n\t\t\t\t                    <div class=\"entry-content wd-entry-content\">\n\t\t\t\t\t\tPor: EFE\nFecha: 2 de junio de 2023\nLa Canciller\u00eda detall\u00f3 que la creaci\u00f3n de este instrumento se hace \"como marco para promover la coop...\n\t\t\t\t\t\t\t\t\t\t\t<\/div><!-- .entry-content -->\n\t\t\t\t\n\t\t\t\t\t\t\t\t\t\t\t\t\t\t<p class=\"read-more-section\">\n\t\t\t\t\t\t<a class=\"btn-read-more more-link\" href=\"https:\/\/comvenezuela.com\/venezuela-y-colombia-revisan-estrategias-para-fortalecer-el-turismo-binacional\/\">Continuar leyendo<\/a>\t\t\t\t\t<\/p>\n\t\t\t\t\t\t\t\t\t\t\t\n\t\t\t\n\t\t\t\t\t<\/div>\n\t<\/div>\n<\/article><!-- #post -->\n\n\n\t\t\t\t\t\t\t\t\t\t\t\n<article id=\"post-16185\" class=\"wd-post blog-design-masonry blog-post-loop blog-style-bg wd-add-shadow wd-col post-16185 post type-post status-publish format-standard has-post-thumbnail hentry category-actualidad-binacional\">\n\t<div class=\"article-inner\">\n\t\t\t\t\t<header class=\"entry-header\">\n\t\t\t\t\t\t\t\t\t<figure id=\"carousel-680\" class=\"entry-thumbnail\">\n\t\t\t\t\t\t\n\t\t\t\t\t\t\t<div class=\"post-img-wrapp\">\n\t\t\t\t\t\t\t\t<a href=\"https:\/\/comvenezuela.com\/venezuela-busca-crear-una-zona-economica-binacional-en-la-frontera-con-colombia\/\">\n\t\t\t\t\t\t\t\t\t<img width=\"1000\" height=\"650\" src=\"https:\/\/comvenezuela.com\/wp-content\/uploads\/2024\/01\/12-comvenezuela.jpg\" class=\"attachment-large size-large\" alt=\"\" decoding=\"async\" srcset=\"https:\/\/comvenezuela.com\/wp-content\/uploads\/2024\/01\/12-comvenezuela.jpg 1000w, https:\/\/comvenezuela.com\/wp-content\/uploads\/2024\/01\/12-comvenezuela-400x260.jpg 400w, https:\/\/comvenezuela.com\/wp-content\/uploads\/2024\/01\/12-comvenezuela-768x499.jpg 768w, https:\/\/comvenezuela.com\/wp-content\/uploads\/2024\/01\/12-comvenezuela-860x559.jpg 860w, https:\/\/comvenezuela.com\/wp-content\/uploads\/2024\/01\/12-comvenezuela-430x280.jpg 430w, https:\/\/comvenezuela.com\/wp-content\/uploads\/2024\/01\/12-comvenezuela-700x455.jpg 700w, https:\/\/comvenezuela.com\/wp-content\/uploads\/2024\/01\/12-comvenezuela-150x98.jpg 150w\" sizes=\"(max-width: 1000px) 100vw, 1000px\" \/>\t\t\t\t\t\t\t\t<\/a>\n\t\t\t\t\t\t\t<\/div>\n\t\t\t\t\t\t\t<div class=\"post-image-mask\">\n\t\t\t\t\t\t\t\t<span><\/span>\n\t\t\t\t\t\t\t<\/div>\n\n\t\t\t\t\t\t\n\t\t\t\t\t<\/figure>\n\t\t\t\t\n\t\t\t\t\t\t\t\t\t\t\t\t<div class=\"post-date wd-post-date wd-style-with-bg\">\n\t\t\t\t<span class=\"post-date-day\">\n\t\t\t\t\t28\t\t\t\t<\/span>\n\t\t\t\t<span class=\"post-date-month\">\n\t\t\t\t\tMay\t\t\t\t<\/span>\n\t\t\t<\/div>\n\t\t\t\t\t\t\n\t\t\t<\/header><!-- .entry-header -->\n\n\t\t<div class=\"article-body-container\">\n\t\t\t\n\t\t\t\t\t\t\t\t\t<div class=\"meta-categories-wrapp\"><div class=\"meta-post-categories wd-post-cat wd-style-with-bg\"><a href=\"https:\/\/comvenezuela.com\/category\/actualidad-binacional\/\" rel=\"category tag\">Actualidad Binacional<\/a><\/div><\/div>\n\t\t\t\t\n\t\t\t\t\t\t\t\t\t<h3 class=\"wd-entities-title title post-title\">\n\t\t\t\t\t\t<a href=\"https:\/\/comvenezuela.com\/venezuela-busca-crear-una-zona-economica-binacional-en-la-frontera-con-colombia\/\" rel=\"bookmark\">Venezuela busca crear una Zona Econ\u00f3mica Binacional en la frontera con Colombia<\/a>\n\t\t\t\t\t<\/h3>\n\t\t\t\t\n\t\t\t\t\t\t\t\t\t<div class=\"entry-meta wd-entry-meta\">\n\t\t\t\t\t\t\t\t\t<ul class=\"entry-meta-list\">\n\t\t\t\t\t\t\t\t\t<li class=\"modified-date\">\n\t\t\t\t\t\t\t\t<time class=\"updated\" datetime=\"2024-03-26T08:00:40-05:00\">\n\t\t\t26 de marzo de 2024\t\t<\/time>\n\t\t\t\t\t\t\t<\/li>\n\n\t\t\t\t\t\n\t\t\t\t\t\t\t\t\t\t\t<li class=\"meta-author\">\n\t\t\t\t\t\t\t\t\t\t\t\t<span>Por<\/span>\n\t\t\n\t\t\t\t\t<img alt='author-avatar' src='https:\/\/comvenezuela.com\/wp-content\/uploads\/2024\/03\/06-comvenezuela-300x300.png' srcset='https:\/\/comvenezuela.com\/wp-content\/uploads\/2024\/03\/06-comvenezuela-300x300.png 300w, https:\/\/comvenezuela.com\/wp-content\/uploads\/2024\/03\/06-comvenezuela-430x430.png 430w, https:\/\/comvenezuela.com\/wp-content\/uploads\/2024\/03\/06-comvenezuela-150x150.png 150w, https:\/\/comvenezuela.com\/wp-content\/uploads\/2024\/03\/06-comvenezuela.png 512w' class='avatar avatar-32 photo' height='32' width='32' decoding='async'\/>\t\t\n\t\t<a href=\"https:\/\/comvenezuela.com\/author\/nueva-comvenezuela-com\/\" rel=\"author\">\n\t\t\t<span class=\"vcard author author_name\">\n\t\t\t\t<span class=\"fn\">Comvenezuela<\/span>\n\t\t\t<\/span>\n\t\t<\/a>\n\t\t\t\t\t\t\t\t<\/li>\n\t\t\t\t\t\n\t\t\t\t\t\n\t\t\t\t\t\t\t\t\t\t\t\t<\/ul>\n\t\t\t\t\t\t\t<\/div><!-- .entry-meta -->\n\t\t\t\t\t\t\t\t\t\t\t<div class=\"hovered-social-icons wd-tltp wd-tltp-top\">\n\t\t\t\t\t\t\t<div class=\"wd-tooltip-label\">\n\t\t\t\t\t\t\t\t\n\t\t\t<div class=\" wd-social-icons icons-design-default icons-size-small color-scheme-light social-share social-form-circle text-center\">\n\n\t\t\t\t\n\t\t\t\t\t\t\t\t\t<a rel=\"noopener noreferrer nofollow\" href=\"https:\/\/www.facebook.com\/sharer\/sharer.php?u=https:\/\/comvenezuela.com\/venezuela-busca-crear-una-zona-economica-binacional-en-la-frontera-con-colombia\/\" target=\"_blank\" class=\" wd-social-icon social-facebook\" aria-label=\"Enlace social Facebook\">\n\t\t\t\t\t\t<span class=\"wd-icon\"><\/span>\n\t\t\t\t\t\t\t\t\t\t\t<\/a>\n\t\t\t\t\n\t\t\t\t\t\t\t\t\t<a rel=\"noopener noreferrer nofollow\" href=\"https:\/\/x.com\/share?url=https:\/\/comvenezuela.com\/venezuela-busca-crear-una-zona-economica-binacional-en-la-frontera-con-colombia\/\" target=\"_blank\" class=\" wd-social-icon social-twitter\" aria-label=\"Enlace de la red social X\">\n\t\t\t\t\t\t<span class=\"wd-icon\"><\/span>\n\t\t\t\t\t\t\t\t\t\t\t<\/a>\n\t\t\t\t\n\t\t\t\t\n\t\t\t\t\n\t\t\t\t\n\t\t\t\t\t\t\t\t\t<a rel=\"noopener noreferrer nofollow\" href=\"https:\/\/pinterest.com\/pin\/create\/button\/?url=https:\/\/comvenezuela.com\/venezuela-busca-crear-una-zona-economica-binacional-en-la-frontera-con-colombia\/&media=https:\/\/comvenezuela.com\/wp-content\/uploads\/2024\/01\/12-comvenezuela.jpg&description=Venezuela+busca+crear+una+Zona+Econ%C3%B3mica+Binacional+en+la+frontera+con+Colombia\" target=\"_blank\" class=\" wd-social-icon social-pinterest\" aria-label=\"Enlace social Pinterest\">\n\t\t\t\t\t\t<span class=\"wd-icon\"><\/span>\n\t\t\t\t\t\t\t\t\t\t\t<\/a>\n\t\t\t\t\n\t\t\t\t\n\t\t\t\t\t\t\t\t\t<a rel=\"noopener noreferrer nofollow\" href=\"https:\/\/www.linkedin.com\/shareArticle?mini=true&url=https:\/\/comvenezuela.com\/venezuela-busca-crear-una-zona-economica-binacional-en-la-frontera-con-colombia\/\" target=\"_blank\" class=\" wd-social-icon social-linkedin\" aria-label=\"Enlace social Linkedin\">\n\t\t\t\t\t\t<span class=\"wd-icon\"><\/span>\n\t\t\t\t\t\t\t\t\t\t\t<\/a>\n\t\t\t\t\n\t\t\t\t\n\t\t\t\t\n\t\t\t\t\n\t\t\t\t\n\t\t\t\t\n\t\t\t\t\n\t\t\t\t\n\t\t\t\t\n\t\t\t\t\n\t\t\t\t\t\t\t\t\n\t\t\t\t\t\t\t\t\n\t\t\t\t\n\t\t\t\t\n\t\t\t\t\t\t\t\t\t<a rel=\"noopener noreferrer nofollow\" href=\"https:\/\/telegram.me\/share\/url?url=https:\/\/comvenezuela.com\/venezuela-busca-crear-una-zona-economica-binacional-en-la-frontera-con-colombia\/\" target=\"_blank\" class=\" wd-social-icon social-tg\" aria-label=\"Enlace social Telegram\">\n\t\t\t\t\t\t<span class=\"wd-icon\"><\/span>\n\t\t\t\t\t\t\t\t\t\t\t<\/a>\n\t\t\t\t\t\t\t\t\n\t\t\t\t\n\t\t\t<\/div>\n\n\t\t\t\t\t\t\t\t\t<\/div>\n\t\t\t\t\t\t<\/div>\n\t\t\t\t\t\t\t\t\t\t\t\t\n\t\t\t\t\t\t\t\n\t\t\t\t                    <div class=\"entry-content wd-entry-content\">\n\t\t\t\t\t\tPor:\u00a0 Banca y Negocios\nFecha: 28 de mayo\nLa propuesta fue planteada por el presidente Nicol\u00e1s Maduro, quien ha considerado que la creac...\n\t\t\t\t\t\t\t\t\t\t\t<\/div><!-- .entry-content -->\n\t\t\t\t\n\t\t\t\t\t\t\t\t\t\t\t\t\t\t<p class=\"read-more-section\">\n\t\t\t\t\t\t<a class=\"btn-read-more more-link\" href=\"https:\/\/comvenezuela.com\/venezuela-busca-crear-una-zona-economica-binacional-en-la-frontera-con-colombia\/\">Continuar leyendo<\/a>\t\t\t\t\t<\/p>\n\t\t\t\t\t\t\t\t\t\t\t\n\t\t\t\n\t\t\t\t\t<\/div>\n\t<\/div>\n<\/article><!-- #post -->\n\n\n\t\t\t\t\t\t\t\t\t\t\t\n<article id=\"post-16186\" class=\"wd-post blog-design-masonry blog-post-loop blog-style-bg wd-add-shadow wd-col post-16186 post type-post status-publish format-standard has-post-thumbnail hentry category-actualidad-binacional\">\n\t<div class=\"article-inner\">\n\t\t\t\t\t<header class=\"entry-header\">\n\t\t\t\t\t\t\t\t\t<figure id=\"carousel-292\" class=\"entry-thumbnail\">\n\t\t\t\t\t\t\n\t\t\t\t\t\t\t<div class=\"post-img-wrapp\">\n\t\t\t\t\t\t\t\t<a href=\"https:\/\/comvenezuela.com\/en-el-congreso-se-aprobo-en-ultimo-debate-acuerdo-de-transporte-con-venezuela\/\">\n\t\t\t\t\t\t\t\t\t<img width=\"1000\" height=\"650\" src=\"https:\/\/comvenezuela.com\/wp-content\/uploads\/2024\/01\/12-comvenezuela.jpg\" class=\"attachment-large size-large\" alt=\"\" decoding=\"async\" srcset=\"https:\/\/comvenezuela.com\/wp-content\/uploads\/2024\/01\/12-comvenezuela.jpg 1000w, https:\/\/comvenezuela.com\/wp-content\/uploads\/2024\/01\/12-comvenezuela-400x260.jpg 400w, https:\/\/comvenezuela.com\/wp-content\/uploads\/2024\/01\/12-comvenezuela-768x499.jpg 768w, https:\/\/comvenezuela.com\/wp-content\/uploads\/2024\/01\/12-comvenezuela-860x559.jpg 860w, https:\/\/comvenezuela.com\/wp-content\/uploads\/2024\/01\/12-comvenezuela-430x280.jpg 430w, https:\/\/comvenezuela.com\/wp-content\/uploads\/2024\/01\/12-comvenezuela-700x455.jpg 700w, https:\/\/comvenezuela.com\/wp-content\/uploads\/2024\/01\/12-comvenezuela-150x98.jpg 150w\" sizes=\"(max-width: 1000px) 100vw, 1000px\" \/>\t\t\t\t\t\t\t\t<\/a>\n\t\t\t\t\t\t\t<\/div>\n\t\t\t\t\t\t\t<div class=\"post-image-mask\">\n\t\t\t\t\t\t\t\t<span><\/span>\n\t\t\t\t\t\t\t<\/div>\n\n\t\t\t\t\t\t\n\t\t\t\t\t<\/figure>\n\t\t\t\t\n\t\t\t\t\t\t\t\t\t\t\t\t<div class=\"post-date wd-post-date wd-style-with-bg\">\n\t\t\t\t<span class=\"post-date-day\">\n\t\t\t\t\t25\t\t\t\t<\/span>\n\t\t\t\t<span class=\"post-date-month\">\n\t\t\t\t\tMay\t\t\t\t<\/span>\n\t\t\t<\/div>\n\t\t\t\t\t\t\n\t\t\t<\/header><!-- .entry-header -->\n\n\t\t<div class=\"article-body-container\">\n\t\t\t\n\t\t\t\t\t\t\t\t\t<div class=\"meta-categories-wrapp\"><div class=\"meta-post-categories wd-post-cat wd-style-with-bg\"><a href=\"https:\/\/comvenezuela.com\/category\/actualidad-binacional\/\" rel=\"category tag\">Actualidad Binacional<\/a><\/div><\/div>\n\t\t\t\t\n\t\t\t\t\t\t\t\t\t<h3 class=\"wd-entities-title title post-title\">\n\t\t\t\t\t\t<a href=\"https:\/\/comvenezuela.com\/en-el-congreso-se-aprobo-en-ultimo-debate-acuerdo-de-transporte-con-venezuela\/\" rel=\"bookmark\">En el Congreso se aprob\u00f3 en \u00faltimo debate acuerdo de transporte con Venezuela<\/a>\n\t\t\t\t\t<\/h3>\n\t\t\t\t\n\t\t\t\t\t\t\t\t\t<div class=\"entry-meta wd-entry-meta\">\n\t\t\t\t\t\t\t\t\t<ul class=\"entry-meta-list\">\n\t\t\t\t\t\t\t\t\t<li class=\"modified-date\">\n\t\t\t\t\t\t\t\t<time class=\"updated\" datetime=\"2024-03-26T08:00:45-05:00\">\n\t\t\t26 de marzo de 2024\t\t<\/time>\n\t\t\t\t\t\t\t<\/li>\n\n\t\t\t\t\t\n\t\t\t\t\t\t\t\t\t\t\t<li class=\"meta-author\">\n\t\t\t\t\t\t\t\t\t\t\t\t<span>Por<\/span>\n\t\t\n\t\t\t\t\t<img alt='author-avatar' src='https:\/\/comvenezuela.com\/wp-content\/uploads\/2024\/03\/06-comvenezuela-300x300.png' srcset='https:\/\/comvenezuela.com\/wp-content\/uploads\/2024\/03\/06-comvenezuela-300x300.png 300w, https:\/\/comvenezuela.com\/wp-content\/uploads\/2024\/03\/06-comvenezuela-430x430.png 430w, https:\/\/comvenezuela.com\/wp-content\/uploads\/2024\/03\/06-comvenezuela-150x150.png 150w, https:\/\/comvenezuela.com\/wp-content\/uploads\/2024\/03\/06-comvenezuela.png 512w' class='avatar avatar-32 photo' height='32' width='32' decoding='async'\/>\t\t\n\t\t<a href=\"https:\/\/comvenezuela.com\/author\/nueva-comvenezuela-com\/\" rel=\"author\">\n\t\t\t<span class=\"vcard author author_name\">\n\t\t\t\t<span class=\"fn\">Comvenezuela<\/span>\n\t\t\t<\/span>\n\t\t<\/a>\n\t\t\t\t\t\t\t\t<\/li>\n\t\t\t\t\t\n\t\t\t\t\t\n\t\t\t\t\t\t\t\t\t\t\t\t<\/ul>\n\t\t\t\t\t\t\t<\/div><!-- .entry-meta -->\n\t\t\t\t\t\t\t\t\t\t\t<div class=\"hovered-social-icons wd-tltp wd-tltp-top\">\n\t\t\t\t\t\t\t<div class=\"wd-tooltip-label\">\n\t\t\t\t\t\t\t\t\n\t\t\t<div class=\" wd-social-icons icons-design-default icons-size-small color-scheme-light social-share social-form-circle text-center\">\n\n\t\t\t\t\n\t\t\t\t\t\t\t\t\t<a rel=\"noopener noreferrer nofollow\" href=\"https:\/\/www.facebook.com\/sharer\/sharer.php?u=https:\/\/comvenezuela.com\/en-el-congreso-se-aprobo-en-ultimo-debate-acuerdo-de-transporte-con-venezuela\/\" target=\"_blank\" class=\" wd-social-icon social-facebook\" aria-label=\"Enlace social Facebook\">\n\t\t\t\t\t\t<span class=\"wd-icon\"><\/span>\n\t\t\t\t\t\t\t\t\t\t\t<\/a>\n\t\t\t\t\n\t\t\t\t\t\t\t\t\t<a rel=\"noopener noreferrer nofollow\" href=\"https:\/\/x.com\/share?url=https:\/\/comvenezuela.com\/en-el-congreso-se-aprobo-en-ultimo-debate-acuerdo-de-transporte-con-venezuela\/\" target=\"_blank\" class=\" wd-social-icon social-twitter\" aria-label=\"Enlace de la red social X\">\n\t\t\t\t\t\t<span class=\"wd-icon\"><\/span>\n\t\t\t\t\t\t\t\t\t\t\t<\/a>\n\t\t\t\t\n\t\t\t\t\n\t\t\t\t\n\t\t\t\t\n\t\t\t\t\t\t\t\t\t<a rel=\"noopener noreferrer nofollow\" href=\"https:\/\/pinterest.com\/pin\/create\/button\/?url=https:\/\/comvenezuela.com\/en-el-congreso-se-aprobo-en-ultimo-debate-acuerdo-de-transporte-con-venezuela\/&media=https:\/\/comvenezuela.com\/wp-content\/uploads\/2024\/01\/12-comvenezuela.jpg&description=En+el+Congreso+se+aprob%C3%B3+en+%C3%BAltimo+debate+acuerdo+de+transporte+con+Venezuela\" target=\"_blank\" class=\" wd-social-icon social-pinterest\" aria-label=\"Enlace social Pinterest\">\n\t\t\t\t\t\t<span class=\"wd-icon\"><\/span>\n\t\t\t\t\t\t\t\t\t\t\t<\/a>\n\t\t\t\t\n\t\t\t\t\n\t\t\t\t\t\t\t\t\t<a rel=\"noopener noreferrer nofollow\" href=\"https:\/\/www.linkedin.com\/shareArticle?mini=true&url=https:\/\/comvenezuela.com\/en-el-congreso-se-aprobo-en-ultimo-debate-acuerdo-de-transporte-con-venezuela\/\" target=\"_blank\" class=\" wd-social-icon social-linkedin\" aria-label=\"Enlace social Linkedin\">\n\t\t\t\t\t\t<span class=\"wd-icon\"><\/span>\n\t\t\t\t\t\t\t\t\t\t\t<\/a>\n\t\t\t\t\n\t\t\t\t\n\t\t\t\t\n\t\t\t\t\n\t\t\t\t\n\t\t\t\t\n\t\t\t\t\n\t\t\t\t\n\t\t\t\t\n\t\t\t\t\n\t\t\t\t\t\t\t\t\n\t\t\t\t\t\t\t\t\n\t\t\t\t\n\t\t\t\t\n\t\t\t\t\t\t\t\t\t<a rel=\"noopener noreferrer nofollow\" href=\"https:\/\/telegram.me\/share\/url?url=https:\/\/comvenezuela.com\/en-el-congreso-se-aprobo-en-ultimo-debate-acuerdo-de-transporte-con-venezuela\/\" target=\"_blank\" class=\" wd-social-icon social-tg\" aria-label=\"Enlace social Telegram\">\n\t\t\t\t\t\t<span class=\"wd-icon\"><\/span>\n\t\t\t\t\t\t\t\t\t\t\t<\/a>\n\t\t\t\t\t\t\t\t\n\t\t\t\t\n\t\t\t<\/div>\n\n\t\t\t\t\t\t\t\t\t<\/div>\n\t\t\t\t\t\t<\/div>\n\t\t\t\t\t\t\t\t\t\t\t\t\n\t\t\t\t\t\t\t\n\t\t\t\t                    <div class=\"entry-content wd-entry-content\">\n\t\t\t\t\t\tPor: DANIELLA P. RODR\u00cdGUEZ\nFecha: 25 de mayo\nLa plenaria de la C\u00e1mara de Representantes aprob\u00f3 en su \u00faltimo debate en el Congreso de la...\n\t\t\t\t\t\t\t\t\t\t\t<\/div><!-- .entry-content -->\n\t\t\t\t\n\t\t\t\t\t\t\t\t\t\t\t\t\t\t<p class=\"read-more-section\">\n\t\t\t\t\t\t<a class=\"btn-read-more more-link\" href=\"https:\/\/comvenezuela.com\/en-el-congreso-se-aprobo-en-ultimo-debate-acuerdo-de-transporte-con-venezuela\/\">Continuar leyendo<\/a>\t\t\t\t\t<\/p>\n\t\t\t\t\t\t\t\t\t\t\t\n\t\t\t\n\t\t\t\t\t<\/div>\n\t<\/div>\n<\/article><!-- #post -->\n\n\n\t\t\t\t\t\t\t\t\t\t\t\n<article id=\"post-16189\" class=\"wd-post blog-design-masonry blog-post-loop blog-style-bg wd-add-shadow wd-col post-16189 post type-post status-publish format-standard has-post-thumbnail hentry category-actualidad-binacional\">\n\t<div class=\"article-inner\">\n\t\t\t\t\t<header class=\"entry-header\">\n\t\t\t\t\t\t\t\t\t<figure id=\"carousel-476\" class=\"entry-thumbnail\">\n\t\t\t\t\t\t\n\t\t\t\t\t\t\t<div class=\"post-img-wrapp\">\n\t\t\t\t\t\t\t\t<a href=\"https:\/\/comvenezuela.com\/gobierno-petro-anuncia-cambios-en-el-soat-para-zonas-de-frontera\/\">\n\t\t\t\t\t\t\t\t\t<img width=\"1000\" height=\"650\" src=\"https:\/\/comvenezuela.com\/wp-content\/uploads\/2024\/01\/12-comvenezuela.jpg\" class=\"attachment-large size-large\" alt=\"\" decoding=\"async\" srcset=\"https:\/\/comvenezuela.com\/wp-content\/uploads\/2024\/01\/12-comvenezuela.jpg 1000w, https:\/\/comvenezuela.com\/wp-content\/uploads\/2024\/01\/12-comvenezuela-400x260.jpg 400w, https:\/\/comvenezuela.com\/wp-content\/uploads\/2024\/01\/12-comvenezuela-768x499.jpg 768w, https:\/\/comvenezuela.com\/wp-content\/uploads\/2024\/01\/12-comvenezuela-860x559.jpg 860w, https:\/\/comvenezuela.com\/wp-content\/uploads\/2024\/01\/12-comvenezuela-430x280.jpg 430w, https:\/\/comvenezuela.com\/wp-content\/uploads\/2024\/01\/12-comvenezuela-700x455.jpg 700w, https:\/\/comvenezuela.com\/wp-content\/uploads\/2024\/01\/12-comvenezuela-150x98.jpg 150w\" sizes=\"(max-width: 1000px) 100vw, 1000px\" \/>\t\t\t\t\t\t\t\t<\/a>\n\t\t\t\t\t\t\t<\/div>\n\t\t\t\t\t\t\t<div class=\"post-image-mask\">\n\t\t\t\t\t\t\t\t<span><\/span>\n\t\t\t\t\t\t\t<\/div>\n\n\t\t\t\t\t\t\n\t\t\t\t\t<\/figure>\n\t\t\t\t\n\t\t\t\t\t\t\t\t\t\t\t\t<div class=\"post-date wd-post-date wd-style-with-bg\">\n\t\t\t\t<span class=\"post-date-day\">\n\t\t\t\t\t14\t\t\t\t<\/span>\n\t\t\t\t<span class=\"post-date-month\">\n\t\t\t\t\tMay\t\t\t\t<\/span>\n\t\t\t<\/div>\n\t\t\t\t\t\t\n\t\t\t<\/header><!-- .entry-header -->\n\n\t\t<div class=\"article-body-container\">\n\t\t\t\n\t\t\t\t\t\t\t\t\t<div class=\"meta-categories-wrapp\"><div class=\"meta-post-categories wd-post-cat wd-style-with-bg\"><a href=\"https:\/\/comvenezuela.com\/category\/actualidad-binacional\/\" rel=\"category tag\">Actualidad Binacional<\/a><\/div><\/div>\n\t\t\t\t\n\t\t\t\t\t\t\t\t\t<h3 class=\"wd-entities-title title post-title\">\n\t\t\t\t\t\t<a href=\"https:\/\/comvenezuela.com\/gobierno-petro-anuncia-cambios-en-el-soat-para-zonas-de-frontera\/\" rel=\"bookmark\">Gobierno Petro anuncia cambios en el Soat para zonas de frontera<\/a>\n\t\t\t\t\t<\/h3>\n\t\t\t\t\n\t\t\t\t\t\t\t\t\t<div class=\"entry-meta wd-entry-meta\">\n\t\t\t\t\t\t\t\t\t<ul class=\"entry-meta-list\">\n\t\t\t\t\t\t\t\t\t<li class=\"modified-date\">\n\t\t\t\t\t\t\t\t<time class=\"updated\" datetime=\"2024-03-26T08:00:55-05:00\">\n\t\t\t26 de marzo de 2024\t\t<\/time>\n\t\t\t\t\t\t\t<\/li>\n\n\t\t\t\t\t\n\t\t\t\t\t\t\t\t\t\t\t<li class=\"meta-author\">\n\t\t\t\t\t\t\t\t\t\t\t\t<span>Por<\/span>\n\t\t\n\t\t\t\t\t<img alt='author-avatar' src='https:\/\/comvenezuela.com\/wp-content\/uploads\/2024\/03\/06-comvenezuela-300x300.png' srcset='https:\/\/comvenezuela.com\/wp-content\/uploads\/2024\/03\/06-comvenezuela-300x300.png 300w, https:\/\/comvenezuela.com\/wp-content\/uploads\/2024\/03\/06-comvenezuela-430x430.png 430w, https:\/\/comvenezuela.com\/wp-content\/uploads\/2024\/03\/06-comvenezuela-150x150.png 150w, https:\/\/comvenezuela.com\/wp-content\/uploads\/2024\/03\/06-comvenezuela.png 512w' class='avatar avatar-32 photo' height='32' width='32' decoding='async'\/>\t\t\n\t\t<a href=\"https:\/\/comvenezuela.com\/author\/nueva-comvenezuela-com\/\" rel=\"author\">\n\t\t\t<span class=\"vcard author author_name\">\n\t\t\t\t<span class=\"fn\">Comvenezuela<\/span>\n\t\t\t<\/span>\n\t\t<\/a>\n\t\t\t\t\t\t\t\t<\/li>\n\t\t\t\t\t\n\t\t\t\t\t\n\t\t\t\t\t\t\t\t\t\t\t\t<\/ul>\n\t\t\t\t\t\t\t<\/div><!-- .entry-meta -->\n\t\t\t\t\t\t\t\t\t\t\t<div class=\"hovered-social-icons wd-tltp wd-tltp-top\">\n\t\t\t\t\t\t\t<div class=\"wd-tooltip-label\">\n\t\t\t\t\t\t\t\t\n\t\t\t<div class=\" wd-social-icons icons-design-default icons-size-small color-scheme-light social-share social-form-circle text-center\">\n\n\t\t\t\t\n\t\t\t\t\t\t\t\t\t<a rel=\"noopener noreferrer nofollow\" href=\"https:\/\/www.facebook.com\/sharer\/sharer.php?u=https:\/\/comvenezuela.com\/gobierno-petro-anuncia-cambios-en-el-soat-para-zonas-de-frontera\/\" target=\"_blank\" class=\" wd-social-icon social-facebook\" aria-label=\"Enlace social Facebook\">\n\t\t\t\t\t\t<span class=\"wd-icon\"><\/span>\n\t\t\t\t\t\t\t\t\t\t\t<\/a>\n\t\t\t\t\n\t\t\t\t\t\t\t\t\t<a rel=\"noopener noreferrer nofollow\" href=\"https:\/\/x.com\/share?url=https:\/\/comvenezuela.com\/gobierno-petro-anuncia-cambios-en-el-soat-para-zonas-de-frontera\/\" target=\"_blank\" class=\" wd-social-icon social-twitter\" aria-label=\"Enlace de la red social X\">\n\t\t\t\t\t\t<span class=\"wd-icon\"><\/span>\n\t\t\t\t\t\t\t\t\t\t\t<\/a>\n\t\t\t\t\n\t\t\t\t\n\t\t\t\t\n\t\t\t\t\n\t\t\t\t\t\t\t\t\t<a rel=\"noopener noreferrer nofollow\" href=\"https:\/\/pinterest.com\/pin\/create\/button\/?url=https:\/\/comvenezuela.com\/gobierno-petro-anuncia-cambios-en-el-soat-para-zonas-de-frontera\/&media=https:\/\/comvenezuela.com\/wp-content\/uploads\/2024\/01\/12-comvenezuela.jpg&description=Gobierno+Petro+anuncia+cambios+en+el+Soat+para+zonas+de+frontera\" target=\"_blank\" class=\" wd-social-icon social-pinterest\" aria-label=\"Enlace social Pinterest\">\n\t\t\t\t\t\t<span class=\"wd-icon\"><\/span>\n\t\t\t\t\t\t\t\t\t\t\t<\/a>\n\t\t\t\t\n\t\t\t\t\n\t\t\t\t\t\t\t\t\t<a rel=\"noopener noreferrer nofollow\" href=\"https:\/\/www.linkedin.com\/shareArticle?mini=true&url=https:\/\/comvenezuela.com\/gobierno-petro-anuncia-cambios-en-el-soat-para-zonas-de-frontera\/\" target=\"_blank\" class=\" wd-social-icon social-linkedin\" aria-label=\"Enlace social Linkedin\">\n\t\t\t\t\t\t<span class=\"wd-icon\"><\/span>\n\t\t\t\t\t\t\t\t\t\t\t<\/a>\n\t\t\t\t\n\t\t\t\t\n\t\t\t\t\n\t\t\t\t\n\t\t\t\t\n\t\t\t\t\n\t\t\t\t\n\t\t\t\t\n\t\t\t\t\n\t\t\t\t\n\t\t\t\t\t\t\t\t\n\t\t\t\t\t\t\t\t\n\t\t\t\t\n\t\t\t\t\n\t\t\t\t\t\t\t\t\t<a rel=\"noopener noreferrer nofollow\" href=\"https:\/\/telegram.me\/share\/url?url=https:\/\/comvenezuela.com\/gobierno-petro-anuncia-cambios-en-el-soat-para-zonas-de-frontera\/\" target=\"_blank\" class=\" wd-social-icon social-tg\" aria-label=\"Enlace social Telegram\">\n\t\t\t\t\t\t<span class=\"wd-icon\"><\/span>\n\t\t\t\t\t\t\t\t\t\t\t<\/a>\n\t\t\t\t\t\t\t\t\n\t\t\t\t\n\t\t\t<\/div>\n\n\t\t\t\t\t\t\t\t\t<\/div>\n\t\t\t\t\t\t<\/div>\n\t\t\t\t\t\t\t\t\t\t\t\t\n\t\t\t\t\t\t\t\n\t\t\t\t                    <div class=\"entry-content wd-entry-content\">\n\t\t\t\t\t\tPor: Portafolio\nFecha: 14 de mayo de 2023\nCon el objetivo es agilizar el proceso de expedici\u00f3n de p\u00f3liza y contar con tarifas competiti...\n\t\t\t\t\t\t\t\t\t\t\t<\/div><!-- .entry-content -->\n\t\t\t\t\n\t\t\t\t\t\t\t\t\t\t\t\t\t\t<p class=\"read-more-section\">\n\t\t\t\t\t\t<a class=\"btn-read-more more-link\" href=\"https:\/\/comvenezuela.com\/gobierno-petro-anuncia-cambios-en-el-soat-para-zonas-de-frontera\/\">Continuar leyendo<\/a>\t\t\t\t\t<\/p>\n\t\t\t\t\t\t\t\t\t\t\t\n\t\t\t\n\t\t\t\t\t<\/div>\n\t<\/div>\n<\/article><!-- #post -->\n\n\n\t\t\t\t\t\t\t\t\t\t\t\n<article id=\"post-16190\" class=\"wd-post blog-design-masonry blog-post-loop blog-style-bg wd-add-shadow wd-col post-16190 post type-post status-publish format-standard has-post-thumbnail hentry category-actualidad-binacional\">\n\t<div class=\"article-inner\">\n\t\t\t\t\t<header class=\"entry-header\">\n\t\t\t\t\t\t\t\t\t<figure id=\"carousel-198\" class=\"entry-thumbnail\">\n\t\t\t\t\t\t\n\t\t\t\t\t\t\t<div class=\"post-img-wrapp\">\n\t\t\t\t\t\t\t\t<a href=\"https:\/\/comvenezuela.com\/el-encuentro-binacional-de-colombia-y-venezuela-de-economia-turistica-sera-en-cucuta\/\">\n\t\t\t\t\t\t\t\t\t<img width=\"1000\" height=\"650\" src=\"https:\/\/comvenezuela.com\/wp-content\/uploads\/2024\/01\/12-comvenezuela.jpg\" class=\"attachment-large size-large\" alt=\"\" decoding=\"async\" srcset=\"https:\/\/comvenezuela.com\/wp-content\/uploads\/2024\/01\/12-comvenezuela.jpg 1000w, https:\/\/comvenezuela.com\/wp-content\/uploads\/2024\/01\/12-comvenezuela-400x260.jpg 400w, https:\/\/comvenezuela.com\/wp-content\/uploads\/2024\/01\/12-comvenezuela-768x499.jpg 768w, https:\/\/comvenezuela.com\/wp-content\/uploads\/2024\/01\/12-comvenezuela-860x559.jpg 860w, https:\/\/comvenezuela.com\/wp-content\/uploads\/2024\/01\/12-comvenezuela-430x280.jpg 430w, https:\/\/comvenezuela.com\/wp-content\/uploads\/2024\/01\/12-comvenezuela-700x455.jpg 700w, https:\/\/comvenezuela.com\/wp-content\/uploads\/2024\/01\/12-comvenezuela-150x98.jpg 150w\" sizes=\"(max-width: 1000px) 100vw, 1000px\" \/>\t\t\t\t\t\t\t\t<\/a>\n\t\t\t\t\t\t\t<\/div>\n\t\t\t\t\t\t\t<div class=\"post-image-mask\">\n\t\t\t\t\t\t\t\t<span><\/span>\n\t\t\t\t\t\t\t<\/div>\n\n\t\t\t\t\t\t\n\t\t\t\t\t<\/figure>\n\t\t\t\t\n\t\t\t\t\t\t\t\t\t\t\t\t<div class=\"post-date wd-post-date wd-style-with-bg\">\n\t\t\t\t<span class=\"post-date-day\">\n\t\t\t\t\t14\t\t\t\t<\/span>\n\t\t\t\t<span class=\"post-date-month\">\n\t\t\t\t\tMay\t\t\t\t<\/span>\n\t\t\t<\/div>\n\t\t\t\t\t\t\n\t\t\t<\/header><!-- .entry-header -->\n\n\t\t<div class=\"article-body-container\">\n\t\t\t\n\t\t\t\t\t\t\t\t\t<div class=\"meta-categories-wrapp\"><div class=\"meta-post-categories wd-post-cat wd-style-with-bg\"><a href=\"https:\/\/comvenezuela.com\/category\/actualidad-binacional\/\" rel=\"category tag\">Actualidad Binacional<\/a><\/div><\/div>\n\t\t\t\t\n\t\t\t\t\t\t\t\t\t<h3 class=\"wd-entities-title title post-title\">\n\t\t\t\t\t\t<a href=\"https:\/\/comvenezuela.com\/el-encuentro-binacional-de-colombia-y-venezuela-de-economia-turistica-sera-en-cucuta\/\" rel=\"bookmark\">El Encuentro Binacional de Colombia y Venezuela de econom\u00eda tur\u00edstica ser\u00e1 en C\u00facuta<\/a>\n\t\t\t\t\t<\/h3>\n\t\t\t\t\n\t\t\t\t\t\t\t\t\t<div class=\"entry-meta wd-entry-meta\">\n\t\t\t\t\t\t\t\t\t<ul class=\"entry-meta-list\">\n\t\t\t\t\t\t\t\t\t<li class=\"modified-date\">\n\t\t\t\t\t\t\t\t<time class=\"updated\" datetime=\"2024-03-26T08:00:59-05:00\">\n\t\t\t26 de marzo de 2024\t\t<\/time>\n\t\t\t\t\t\t\t<\/li>\n\n\t\t\t\t\t\n\t\t\t\t\t\t\t\t\t\t\t<li class=\"meta-author\">\n\t\t\t\t\t\t\t\t\t\t\t\t<span>Por<\/span>\n\t\t\n\t\t\t\t\t<img alt='author-avatar' src='https:\/\/comvenezuela.com\/wp-content\/uploads\/2024\/03\/06-comvenezuela-300x300.png' srcset='https:\/\/comvenezuela.com\/wp-content\/uploads\/2024\/03\/06-comvenezuela-300x300.png 300w, https:\/\/comvenezuela.com\/wp-content\/uploads\/2024\/03\/06-comvenezuela-430x430.png 430w, https:\/\/comvenezuela.com\/wp-content\/uploads\/2024\/03\/06-comvenezuela-150x150.png 150w, https:\/\/comvenezuela.com\/wp-content\/uploads\/2024\/03\/06-comvenezuela.png 512w' class='avatar avatar-32 photo' height='32' width='32' decoding='async'\/>\t\t\n\t\t<a href=\"https:\/\/comvenezuela.com\/author\/nueva-comvenezuela-com\/\" rel=\"author\">\n\t\t\t<span class=\"vcard author author_name\">\n\t\t\t\t<span class=\"fn\">Comvenezuela<\/span>\n\t\t\t<\/span>\n\t\t<\/a>\n\t\t\t\t\t\t\t\t<\/li>\n\t\t\t\t\t\n\t\t\t\t\t\n\t\t\t\t\t\t\t\t\t\t\t\t<\/ul>\n\t\t\t\t\t\t\t<\/div><!-- .entry-meta -->\n\t\t\t\t\t\t\t\t\t\t\t<div class=\"hovered-social-icons wd-tltp wd-tltp-top\">\n\t\t\t\t\t\t\t<div class=\"wd-tooltip-label\">\n\t\t\t\t\t\t\t\t\n\t\t\t<div class=\" wd-social-icons icons-design-default icons-size-small color-scheme-light social-share social-form-circle text-center\">\n\n\t\t\t\t\n\t\t\t\t\t\t\t\t\t<a rel=\"noopener noreferrer nofollow\" href=\"https:\/\/www.facebook.com\/sharer\/sharer.php?u=https:\/\/comvenezuela.com\/el-encuentro-binacional-de-colombia-y-venezuela-de-economia-turistica-sera-en-cucuta\/\" target=\"_blank\" class=\" wd-social-icon social-facebook\" aria-label=\"Enlace social Facebook\">\n\t\t\t\t\t\t<span class=\"wd-icon\"><\/span>\n\t\t\t\t\t\t\t\t\t\t\t<\/a>\n\t\t\t\t\n\t\t\t\t\t\t\t\t\t<a rel=\"noopener noreferrer nofollow\" href=\"https:\/\/x.com\/share?url=https:\/\/comvenezuela.com\/el-encuentro-binacional-de-colombia-y-venezuela-de-economia-turistica-sera-en-cucuta\/\" target=\"_blank\" class=\" wd-social-icon social-twitter\" aria-label=\"Enlace de la red social X\">\n\t\t\t\t\t\t<span class=\"wd-icon\"><\/span>\n\t\t\t\t\t\t\t\t\t\t\t<\/a>\n\t\t\t\t\n\t\t\t\t\n\t\t\t\t\n\t\t\t\t\n\t\t\t\t\t\t\t\t\t<a rel=\"noopener noreferrer nofollow\" href=\"https:\/\/pinterest.com\/pin\/create\/button\/?url=https:\/\/comvenezuela.com\/el-encuentro-binacional-de-colombia-y-venezuela-de-economia-turistica-sera-en-cucuta\/&media=https:\/\/comvenezuela.com\/wp-content\/uploads\/2024\/01\/12-comvenezuela.jpg&description=El+Encuentro+Binacional+de+Colombia+y+Venezuela+de+econom%C3%ADa+tur%C3%ADstica+ser%C3%A1+en+C%C3%BAcuta\" target=\"_blank\" class=\" wd-social-icon social-pinterest\" aria-label=\"Enlace social Pinterest\">\n\t\t\t\t\t\t<span class=\"wd-icon\"><\/span>\n\t\t\t\t\t\t\t\t\t\t\t<\/a>\n\t\t\t\t\n\t\t\t\t\n\t\t\t\t\t\t\t\t\t<a rel=\"noopener noreferrer nofollow\" href=\"https:\/\/www.linkedin.com\/shareArticle?mini=true&url=https:\/\/comvenezuela.com\/el-encuentro-binacional-de-colombia-y-venezuela-de-economia-turistica-sera-en-cucuta\/\" target=\"_blank\" class=\" wd-social-icon social-linkedin\" aria-label=\"Enlace social Linkedin\">\n\t\t\t\t\t\t<span class=\"wd-icon\"><\/span>\n\t\t\t\t\t\t\t\t\t\t\t<\/a>\n\t\t\t\t\n\t\t\t\t\n\t\t\t\t\n\t\t\t\t\n\t\t\t\t\n\t\t\t\t\n\t\t\t\t\n\t\t\t\t\n\t\t\t\t\n\t\t\t\t\n\t\t\t\t\t\t\t\t\n\t\t\t\t\t\t\t\t\n\t\t\t\t\n\t\t\t\t\n\t\t\t\t\t\t\t\t\t<a rel=\"noopener noreferrer nofollow\" href=\"https:\/\/telegram.me\/share\/url?url=https:\/\/comvenezuela.com\/el-encuentro-binacional-de-colombia-y-venezuela-de-economia-turistica-sera-en-cucuta\/\" target=\"_blank\" class=\" wd-social-icon social-tg\" aria-label=\"Enlace social Telegram\">\n\t\t\t\t\t\t<span class=\"wd-icon\"><\/span>\n\t\t\t\t\t\t\t\t\t\t\t<\/a>\n\t\t\t\t\t\t\t\t\n\t\t\t\t\n\t\t\t<\/div>\n\n\t\t\t\t\t\t\t\t\t<\/div>\n\t\t\t\t\t\t<\/div>\n\t\t\t\t\t\t\t\t\t\t\t\t\n\t\t\t\t\t\t\t\n\t\t\t\t                    <div class=\"entry-content wd-entry-content\">\n\t\t\t\t\t\tPor: JULIANA VALENTINA ARENALESFecha: 14 de mayo\nEn el marco de la reactivaci\u00f3n de las relaciones diplom\u00e1ticas y comerciales con el pa\u00ed...\n\t\t\t\t\t\t\t\t\t\t\t<\/div><!-- .entry-content -->\n\t\t\t\t\n\t\t\t\t\t\t\t\t\t\t\t\t\t\t<p class=\"read-more-section\">\n\t\t\t\t\t\t<a class=\"btn-read-more more-link\" href=\"https:\/\/comvenezuela.com\/el-encuentro-binacional-de-colombia-y-venezuela-de-economia-turistica-sera-en-cucuta\/\">Continuar leyendo<\/a>\t\t\t\t\t<\/p>\n\t\t\t\t\t\t\t\t\t\t\t\n\t\t\t\n\t\t\t\t\t<\/div>\n\t<\/div>\n<\/article><!-- #post -->\n\n\n\t\t\t\t\t\t\t\t\t\t\t\n<article id=\"post-16191\" class=\"wd-post blog-design-masonry blog-post-loop blog-style-bg wd-add-shadow wd-col post-16191 post type-post status-publish format-standard has-post-thumbnail hentry category-actualidad-binacional\">\n\t<div class=\"article-inner\">\n\t\t\t\t\t<header class=\"entry-header\">\n\t\t\t\t\t\t\t\t\t<figure id=\"carousel-698\" class=\"entry-thumbnail\">\n\t\t\t\t\t\t\n\t\t\t\t\t\t\t<div class=\"post-img-wrapp\">\n\t\t\t\t\t\t\t\t<a href=\"https:\/\/comvenezuela.com\/ruta-satena-barranquilla-caracas-precios-y-frecuencias-que-tendra\/\">\n\t\t\t\t\t\t\t\t\t<img width=\"1000\" height=\"650\" src=\"https:\/\/comvenezuela.com\/wp-content\/uploads\/2024\/01\/12-comvenezuela.jpg\" class=\"attachment-large size-large\" alt=\"\" decoding=\"async\" srcset=\"https:\/\/comvenezuela.com\/wp-content\/uploads\/2024\/01\/12-comvenezuela.jpg 1000w, https:\/\/comvenezuela.com\/wp-content\/uploads\/2024\/01\/12-comvenezuela-400x260.jpg 400w, https:\/\/comvenezuela.com\/wp-content\/uploads\/2024\/01\/12-comvenezuela-768x499.jpg 768w, https:\/\/comvenezuela.com\/wp-content\/uploads\/2024\/01\/12-comvenezuela-860x559.jpg 860w, https:\/\/comvenezuela.com\/wp-content\/uploads\/2024\/01\/12-comvenezuela-430x280.jpg 430w, https:\/\/comvenezuela.com\/wp-content\/uploads\/2024\/01\/12-comvenezuela-700x455.jpg 700w, https:\/\/comvenezuela.com\/wp-content\/uploads\/2024\/01\/12-comvenezuela-150x98.jpg 150w\" sizes=\"(max-width: 1000px) 100vw, 1000px\" \/>\t\t\t\t\t\t\t\t<\/a>\n\t\t\t\t\t\t\t<\/div>\n\t\t\t\t\t\t\t<div class=\"post-image-mask\">\n\t\t\t\t\t\t\t\t<span><\/span>\n\t\t\t\t\t\t\t<\/div>\n\n\t\t\t\t\t\t\n\t\t\t\t\t<\/figure>\n\t\t\t\t\n\t\t\t\t\t\t\t\t\t\t\t\t<div class=\"post-date wd-post-date wd-style-with-bg\">\n\t\t\t\t<span class=\"post-date-day\">\n\t\t\t\t\t10\t\t\t\t<\/span>\n\t\t\t\t<span class=\"post-date-month\">\n\t\t\t\t\tMay\t\t\t\t<\/span>\n\t\t\t<\/div>\n\t\t\t\t\t\t\n\t\t\t<\/header><!-- .entry-header -->\n\n\t\t<div class=\"article-body-container\">\n\t\t\t\n\t\t\t\t\t\t\t\t\t<div class=\"meta-categories-wrapp\"><div class=\"meta-post-categories wd-post-cat wd-style-with-bg\"><a href=\"https:\/\/comvenezuela.com\/category\/actualidad-binacional\/\" rel=\"category tag\">Actualidad Binacional<\/a><\/div><\/div>\n\t\t\t\t\n\t\t\t\t\t\t\t\t\t<h3 class=\"wd-entities-title title post-title\">\n\t\t\t\t\t\t<a href=\"https:\/\/comvenezuela.com\/ruta-satena-barranquilla-caracas-precios-y-frecuencias-que-tendra\/\" rel=\"bookmark\">Ruta Satena Barranquilla &#8211; Caracas: precios y frecuencias que tendr\u00e1<\/a>\n\t\t\t\t\t<\/h3>\n\t\t\t\t\n\t\t\t\t\t\t\t\t\t<div class=\"entry-meta wd-entry-meta\">\n\t\t\t\t\t\t\t\t\t<ul class=\"entry-meta-list\">\n\t\t\t\t\t\t\t\t\t<li class=\"modified-date\">\n\t\t\t\t\t\t\t\t<time class=\"updated\" datetime=\"2024-03-26T08:01:04-05:00\">\n\t\t\t26 de marzo de 2024\t\t<\/time>\n\t\t\t\t\t\t\t<\/li>\n\n\t\t\t\t\t\n\t\t\t\t\t\t\t\t\t\t\t<li class=\"meta-author\">\n\t\t\t\t\t\t\t\t\t\t\t\t<span>Por<\/span>\n\t\t\n\t\t\t\t\t<img alt='author-avatar' src='https:\/\/comvenezuela.com\/wp-content\/uploads\/2024\/03\/06-comvenezuela-300x300.png' srcset='https:\/\/comvenezuela.com\/wp-content\/uploads\/2024\/03\/06-comvenezuela-300x300.png 300w, https:\/\/comvenezuela.com\/wp-content\/uploads\/2024\/03\/06-comvenezuela-430x430.png 430w, https:\/\/comvenezuela.com\/wp-content\/uploads\/2024\/03\/06-comvenezuela-150x150.png 150w, https:\/\/comvenezuela.com\/wp-content\/uploads\/2024\/03\/06-comvenezuela.png 512w' class='avatar avatar-32 photo' height='32' width='32' decoding='async'\/>\t\t\n\t\t<a href=\"https:\/\/comvenezuela.com\/author\/nueva-comvenezuela-com\/\" rel=\"author\">\n\t\t\t<span class=\"vcard author author_name\">\n\t\t\t\t<span class=\"fn\">Comvenezuela<\/span>\n\t\t\t<\/span>\n\t\t<\/a>\n\t\t\t\t\t\t\t\t<\/li>\n\t\t\t\t\t\n\t\t\t\t\t\n\t\t\t\t\t\t\t\t\t\t\t\t<\/ul>\n\t\t\t\t\t\t\t<\/div><!-- .entry-meta -->\n\t\t\t\t\t\t\t\t\t\t\t<div class=\"hovered-social-icons wd-tltp wd-tltp-top\">\n\t\t\t\t\t\t\t<div class=\"wd-tooltip-label\">\n\t\t\t\t\t\t\t\t\n\t\t\t<div class=\" wd-social-icons icons-design-default icons-size-small color-scheme-light social-share social-form-circle text-center\">\n\n\t\t\t\t\n\t\t\t\t\t\t\t\t\t<a rel=\"noopener noreferrer nofollow\" href=\"https:\/\/www.facebook.com\/sharer\/sharer.php?u=https:\/\/comvenezuela.com\/ruta-satena-barranquilla-caracas-precios-y-frecuencias-que-tendra\/\" target=\"_blank\" class=\" wd-social-icon social-facebook\" aria-label=\"Enlace social Facebook\">\n\t\t\t\t\t\t<span class=\"wd-icon\"><\/span>\n\t\t\t\t\t\t\t\t\t\t\t<\/a>\n\t\t\t\t\n\t\t\t\t\t\t\t\t\t<a rel=\"noopener noreferrer nofollow\" href=\"https:\/\/x.com\/share?url=https:\/\/comvenezuela.com\/ruta-satena-barranquilla-caracas-precios-y-frecuencias-que-tendra\/\" target=\"_blank\" class=\" wd-social-icon social-twitter\" aria-label=\"Enlace de la red social X\">\n\t\t\t\t\t\t<span class=\"wd-icon\"><\/span>\n\t\t\t\t\t\t\t\t\t\t\t<\/a>\n\t\t\t\t\n\t\t\t\t\n\t\t\t\t\n\t\t\t\t\n\t\t\t\t\t\t\t\t\t<a rel=\"noopener noreferrer nofollow\" href=\"https:\/\/pinterest.com\/pin\/create\/button\/?url=https:\/\/comvenezuela.com\/ruta-satena-barranquilla-caracas-precios-y-frecuencias-que-tendra\/&media=https:\/\/comvenezuela.com\/wp-content\/uploads\/2024\/01\/12-comvenezuela.jpg&description=Ruta+Satena+Barranquilla+%26%238211%3B+Caracas%3A+precios+y+frecuencias+que+tendr%C3%A1\" target=\"_blank\" class=\" wd-social-icon social-pinterest\" aria-label=\"Enlace social Pinterest\">\n\t\t\t\t\t\t<span class=\"wd-icon\"><\/span>\n\t\t\t\t\t\t\t\t\t\t\t<\/a>\n\t\t\t\t\n\t\t\t\t\n\t\t\t\t\t\t\t\t\t<a rel=\"noopener noreferrer nofollow\" href=\"https:\/\/www.linkedin.com\/shareArticle?mini=true&url=https:\/\/comvenezuela.com\/ruta-satena-barranquilla-caracas-precios-y-frecuencias-que-tendra\/\" target=\"_blank\" class=\" wd-social-icon social-linkedin\" aria-label=\"Enlace social Linkedin\">\n\t\t\t\t\t\t<span class=\"wd-icon\"><\/span>\n\t\t\t\t\t\t\t\t\t\t\t<\/a>\n\t\t\t\t\n\t\t\t\t\n\t\t\t\t\n\t\t\t\t\n\t\t\t\t\n\t\t\t\t\n\t\t\t\t\n\t\t\t\t\n\t\t\t\t\n\t\t\t\t\n\t\t\t\t\t\t\t\t\n\t\t\t\t\t\t\t\t\n\t\t\t\t\n\t\t\t\t\n\t\t\t\t\t\t\t\t\t<a rel=\"noopener noreferrer nofollow\" href=\"https:\/\/telegram.me\/share\/url?url=https:\/\/comvenezuela.com\/ruta-satena-barranquilla-caracas-precios-y-frecuencias-que-tendra\/\" target=\"_blank\" class=\" wd-social-icon social-tg\" aria-label=\"Enlace social Telegram\">\n\t\t\t\t\t\t<span class=\"wd-icon\"><\/span>\n\t\t\t\t\t\t\t\t\t\t\t<\/a>\n\t\t\t\t\t\t\t\t\n\t\t\t\t\n\t\t\t<\/div>\n\n\t\t\t\t\t\t\t\t\t<\/div>\n\t\t\t\t\t\t<\/div>\n\t\t\t\t\t\t\t\t\t\t\t\t\n\t\t\t\t\t\t\t\n\t\t\t\t                    <div class=\"entry-content wd-entry-content\">\n\t\t\t\t\t\tPor: Portafolio\nFecha: 10 de mayo\nAunque estaba programado para el pasado lunes 8 de mayo, el vuelo inaugural de la aerol\u00ednea Satena en...\n\t\t\t\t\t\t\t\t\t\t\t<\/div><!-- .entry-content -->\n\t\t\t\t\n\t\t\t\t\t\t\t\t\t\t\t\t\t\t<p class=\"read-more-section\">\n\t\t\t\t\t\t<a class=\"btn-read-more more-link\" href=\"https:\/\/comvenezuela.com\/ruta-satena-barranquilla-caracas-precios-y-frecuencias-que-tendra\/\">Continuar leyendo<\/a>\t\t\t\t\t<\/p>\n\t\t\t\t\t\t\t\t\t\t\t\n\t\t\t\n\t\t\t\t\t<\/div>\n\t<\/div>\n<\/article><!-- #post -->\n\n\n\t\t\t\t\t\t\t\t\t\t\t\n<article id=\"post-16192\" class=\"wd-post blog-design-masonry blog-post-loop blog-style-bg wd-add-shadow wd-col post-16192 post type-post status-publish format-standard has-post-thumbnail hentry category-actualidad-binacional\">\n\t<div class=\"article-inner\">\n\t\t\t\t\t<header class=\"entry-header\">\n\t\t\t\t\t\t\t\t\t<figure id=\"carousel-207\" class=\"entry-thumbnail\">\n\t\t\t\t\t\t\n\t\t\t\t\t\t\t<div class=\"post-img-wrapp\">\n\t\t\t\t\t\t\t\t<a href=\"https:\/\/comvenezuela.com\/exportaciones-a-venezuela-subieron-a-us1449-millones-en-primeros-meses-del-ano\/\">\n\t\t\t\t\t\t\t\t\t<img width=\"1000\" height=\"650\" src=\"https:\/\/comvenezuela.com\/wp-content\/uploads\/2024\/01\/12-comvenezuela.jpg\" class=\"attachment-large size-large\" alt=\"\" decoding=\"async\" srcset=\"https:\/\/comvenezuela.com\/wp-content\/uploads\/2024\/01\/12-comvenezuela.jpg 1000w, https:\/\/comvenezuela.com\/wp-content\/uploads\/2024\/01\/12-comvenezuela-400x260.jpg 400w, https:\/\/comvenezuela.com\/wp-content\/uploads\/2024\/01\/12-comvenezuela-768x499.jpg 768w, https:\/\/comvenezuela.com\/wp-content\/uploads\/2024\/01\/12-comvenezuela-860x559.jpg 860w, https:\/\/comvenezuela.com\/wp-content\/uploads\/2024\/01\/12-comvenezuela-430x280.jpg 430w, https:\/\/comvenezuela.com\/wp-content\/uploads\/2024\/01\/12-comvenezuela-700x455.jpg 700w, https:\/\/comvenezuela.com\/wp-content\/uploads\/2024\/01\/12-comvenezuela-150x98.jpg 150w\" sizes=\"(max-width: 1000px) 100vw, 1000px\" \/>\t\t\t\t\t\t\t\t<\/a>\n\t\t\t\t\t\t\t<\/div>\n\t\t\t\t\t\t\t<div class=\"post-image-mask\">\n\t\t\t\t\t\t\t\t<span><\/span>\n\t\t\t\t\t\t\t<\/div>\n\n\t\t\t\t\t\t\n\t\t\t\t\t<\/figure>\n\t\t\t\t\n\t\t\t\t\t\t\t\t\t\t\t\t<div class=\"post-date wd-post-date wd-style-with-bg\">\n\t\t\t\t<span class=\"post-date-day\">\n\t\t\t\t\t10\t\t\t\t<\/span>\n\t\t\t\t<span class=\"post-date-month\">\n\t\t\t\t\tMay\t\t\t\t<\/span>\n\t\t\t<\/div>\n\t\t\t\t\t\t\n\t\t\t<\/header><!-- .entry-header -->\n\n\t\t<div class=\"article-body-container\">\n\t\t\t\n\t\t\t\t\t\t\t\t\t<div class=\"meta-categories-wrapp\"><div class=\"meta-post-categories wd-post-cat wd-style-with-bg\"><a href=\"https:\/\/comvenezuela.com\/category\/actualidad-binacional\/\" rel=\"category tag\">Actualidad Binacional<\/a><\/div><\/div>\n\t\t\t\t\n\t\t\t\t\t\t\t\t\t<h3 class=\"wd-entities-title title post-title\">\n\t\t\t\t\t\t<a href=\"https:\/\/comvenezuela.com\/exportaciones-a-venezuela-subieron-a-us1449-millones-en-primeros-meses-del-ano\/\" rel=\"bookmark\">Exportaciones a Venezuela subieron a US$144,9 millones en primeros meses del a\u00f1o<\/a>\n\t\t\t\t\t<\/h3>\n\t\t\t\t\n\t\t\t\t\t\t\t\t\t<div class=\"entry-meta wd-entry-meta\">\n\t\t\t\t\t\t\t\t\t<ul class=\"entry-meta-list\">\n\t\t\t\t\t\t\t\t\t<li class=\"modified-date\">\n\t\t\t\t\t\t\t\t<time class=\"updated\" datetime=\"2024-03-26T08:01:09-05:00\">\n\t\t\t26 de marzo de 2024\t\t<\/time>\n\t\t\t\t\t\t\t<\/li>\n\n\t\t\t\t\t\n\t\t\t\t\t\t\t\t\t\t\t<li class=\"meta-author\">\n\t\t\t\t\t\t\t\t\t\t\t\t<span>Por<\/span>\n\t\t\n\t\t\t\t\t<img alt='author-avatar' src='https:\/\/comvenezuela.com\/wp-content\/uploads\/2024\/03\/06-comvenezuela-300x300.png' srcset='https:\/\/comvenezuela.com\/wp-content\/uploads\/2024\/03\/06-comvenezuela-300x300.png 300w, https:\/\/comvenezuela.com\/wp-content\/uploads\/2024\/03\/06-comvenezuela-430x430.png 430w, https:\/\/comvenezuela.com\/wp-content\/uploads\/2024\/03\/06-comvenezuela-150x150.png 150w, https:\/\/comvenezuela.com\/wp-content\/uploads\/2024\/03\/06-comvenezuela.png 512w' class='avatar avatar-32 photo' height='32' width='32' decoding='async'\/>\t\t\n\t\t<a href=\"https:\/\/comvenezuela.com\/author\/nueva-comvenezuela-com\/\" rel=\"author\">\n\t\t\t<span class=\"vcard author author_name\">\n\t\t\t\t<span class=\"fn\">Comvenezuela<\/span>\n\t\t\t<\/span>\n\t\t<\/a>\n\t\t\t\t\t\t\t\t<\/li>\n\t\t\t\t\t\n\t\t\t\t\t\n\t\t\t\t\t\t\t\t\t\t\t\t<\/ul>\n\t\t\t\t\t\t\t<\/div><!-- .entry-meta -->\n\t\t\t\t\t\t\t\t\t\t\t<div class=\"hovered-social-icons wd-tltp wd-tltp-top\">\n\t\t\t\t\t\t\t<div class=\"wd-tooltip-label\">\n\t\t\t\t\t\t\t\t\n\t\t\t<div class=\" wd-social-icons icons-design-default icons-size-small color-scheme-light social-share social-form-circle text-center\">\n\n\t\t\t\t\n\t\t\t\t\t\t\t\t\t<a rel=\"noopener noreferrer nofollow\" href=\"https:\/\/www.facebook.com\/sharer\/sharer.php?u=https:\/\/comvenezuela.com\/exportaciones-a-venezuela-subieron-a-us1449-millones-en-primeros-meses-del-ano\/\" target=\"_blank\" class=\" wd-social-icon social-facebook\" aria-label=\"Enlace social Facebook\">\n\t\t\t\t\t\t<span class=\"wd-icon\"><\/span>\n\t\t\t\t\t\t\t\t\t\t\t<\/a>\n\t\t\t\t\n\t\t\t\t\t\t\t\t\t<a rel=\"noopener noreferrer nofollow\" href=\"https:\/\/x.com\/share?url=https:\/\/comvenezuela.com\/exportaciones-a-venezuela-subieron-a-us1449-millones-en-primeros-meses-del-ano\/\" target=\"_blank\" class=\" wd-social-icon social-twitter\" aria-label=\"Enlace de la red social X\">\n\t\t\t\t\t\t<span class=\"wd-icon\"><\/span>\n\t\t\t\t\t\t\t\t\t\t\t<\/a>\n\t\t\t\t\n\t\t\t\t\n\t\t\t\t\n\t\t\t\t\n\t\t\t\t\t\t\t\t\t<a rel=\"noopener noreferrer nofollow\" href=\"https:\/\/pinterest.com\/pin\/create\/button\/?url=https:\/\/comvenezuela.com\/exportaciones-a-venezuela-subieron-a-us1449-millones-en-primeros-meses-del-ano\/&media=https:\/\/comvenezuela.com\/wp-content\/uploads\/2024\/01\/12-comvenezuela.jpg&description=Exportaciones+a+Venezuela+subieron+a+US%24144%2C9+millones+en+primeros+meses+del+a%C3%B1o\" target=\"_blank\" class=\" wd-social-icon social-pinterest\" aria-label=\"Enlace social Pinterest\">\n\t\t\t\t\t\t<span class=\"wd-icon\"><\/span>\n\t\t\t\t\t\t\t\t\t\t\t<\/a>\n\t\t\t\t\n\t\t\t\t\n\t\t\t\t\t\t\t\t\t<a rel=\"noopener noreferrer nofollow\" href=\"https:\/\/www.linkedin.com\/shareArticle?mini=true&url=https:\/\/comvenezuela.com\/exportaciones-a-venezuela-subieron-a-us1449-millones-en-primeros-meses-del-ano\/\" target=\"_blank\" class=\" wd-social-icon social-linkedin\" aria-label=\"Enlace social Linkedin\">\n\t\t\t\t\t\t<span class=\"wd-icon\"><\/span>\n\t\t\t\t\t\t\t\t\t\t\t<\/a>\n\t\t\t\t\n\t\t\t\t\n\t\t\t\t\n\t\t\t\t\n\t\t\t\t\n\t\t\t\t\n\t\t\t\t\n\t\t\t\t\n\t\t\t\t\n\t\t\t\t\n\t\t\t\t\t\t\t\t\n\t\t\t\t\t\t\t\t\n\t\t\t\t\n\t\t\t\t\n\t\t\t\t\t\t\t\t\t<a rel=\"noopener noreferrer nofollow\" href=\"https:\/\/telegram.me\/share\/url?url=https:\/\/comvenezuela.com\/exportaciones-a-venezuela-subieron-a-us1449-millones-en-primeros-meses-del-ano\/\" target=\"_blank\" class=\" wd-social-icon social-tg\" aria-label=\"Enlace social Telegram\">\n\t\t\t\t\t\t<span class=\"wd-icon\"><\/span>\n\t\t\t\t\t\t\t\t\t\t\t<\/a>\n\t\t\t\t\t\t\t\t\n\t\t\t\t\n\t\t\t<\/div>\n\n\t\t\t\t\t\t\t\t\t<\/div>\n\t\t\t\t\t\t<\/div>\n\t\t\t\t\t\t\t\t\t\t\t\t\n\t\t\t\t\t\t\t\n\t\t\t\t                    <div class=\"entry-content wd-entry-content\">\n\t\t\t\t\t\tPor: DANIELLA P. RODR\u00cdGUEZ\nFecha: 10 de mayo\nEn el primer trimestre del a\u00f1o las exportaciones hacia Venezuela ratificaron la tendencia ...\n\t\t\t\t\t\t\t\t\t\t\t<\/div><!-- .entry-content -->\n\t\t\t\t\n\t\t\t\t\t\t\t\t\t\t\t\t\t\t<p class=\"read-more-section\">\n\t\t\t\t\t\t<a class=\"btn-read-more more-link\" href=\"https:\/\/comvenezuela.com\/exportaciones-a-venezuela-subieron-a-us1449-millones-en-primeros-meses-del-ano\/\">Continuar leyendo<\/a>\t\t\t\t\t<\/p>\n\t\t\t\t\t\t\t\t\t\t\t\n\t\t\t\n\t\t\t\t\t<\/div>\n\t<\/div>\n<\/article><!-- #post -->\n\n\n\t\t\t\t\t\t\t\t\t\t\t\n<article id=\"post-16193\" class=\"wd-post blog-design-masonry blog-post-loop blog-style-bg wd-add-shadow wd-col post-16193 post type-post status-publish format-standard has-post-thumbnail hentry category-actualidad-binacional\">\n\t<div class=\"article-inner\">\n\t\t\t\t\t<header class=\"entry-header\">\n\t\t\t\t\t\t\t\t\t<figure id=\"carousel-629\" class=\"entry-thumbnail\">\n\t\t\t\t\t\t\n\t\t\t\t\t\t\t<div class=\"post-img-wrapp\">\n\t\t\t\t\t\t\t\t<a href=\"https:\/\/comvenezuela.com\/reactivado-servicio-de-transporte-escolar-para-estudiantes-en-villa-del-rosario\/\">\n\t\t\t\t\t\t\t\t\t<img width=\"1000\" height=\"650\" src=\"https:\/\/comvenezuela.com\/wp-content\/uploads\/2024\/01\/12-comvenezuela.jpg\" class=\"attachment-large size-large\" alt=\"\" decoding=\"async\" srcset=\"https:\/\/comvenezuela.com\/wp-content\/uploads\/2024\/01\/12-comvenezuela.jpg 1000w, https:\/\/comvenezuela.com\/wp-content\/uploads\/2024\/01\/12-comvenezuela-400x260.jpg 400w, https:\/\/comvenezuela.com\/wp-content\/uploads\/2024\/01\/12-comvenezuela-768x499.jpg 768w, https:\/\/comvenezuela.com\/wp-content\/uploads\/2024\/01\/12-comvenezuela-860x559.jpg 860w, https:\/\/comvenezuela.com\/wp-content\/uploads\/2024\/01\/12-comvenezuela-430x280.jpg 430w, https:\/\/comvenezuela.com\/wp-content\/uploads\/2024\/01\/12-comvenezuela-700x455.jpg 700w, https:\/\/comvenezuela.com\/wp-content\/uploads\/2024\/01\/12-comvenezuela-150x98.jpg 150w\" sizes=\"(max-width: 1000px) 100vw, 1000px\" \/>\t\t\t\t\t\t\t\t<\/a>\n\t\t\t\t\t\t\t<\/div>\n\t\t\t\t\t\t\t<div class=\"post-image-mask\">\n\t\t\t\t\t\t\t\t<span><\/span>\n\t\t\t\t\t\t\t<\/div>\n\n\t\t\t\t\t\t\n\t\t\t\t\t<\/figure>\n\t\t\t\t\n\t\t\t\t\t\t\t\t\t\t\t\t<div class=\"post-date wd-post-date wd-style-with-bg\">\n\t\t\t\t<span class=\"post-date-day\">\n\t\t\t\t\t09\t\t\t\t<\/span>\n\t\t\t\t<span class=\"post-date-month\">\n\t\t\t\t\tMay\t\t\t\t<\/span>\n\t\t\t<\/div>\n\t\t\t\t\t\t\n\t\t\t<\/header><!-- .entry-header -->\n\n\t\t<div class=\"article-body-container\">\n\t\t\t\n\t\t\t\t\t\t\t\t\t<div class=\"meta-categories-wrapp\"><div class=\"meta-post-categories wd-post-cat wd-style-with-bg\"><a href=\"https:\/\/comvenezuela.com\/category\/actualidad-binacional\/\" rel=\"category tag\">Actualidad Binacional<\/a><\/div><\/div>\n\t\t\t\t\n\t\t\t\t\t\t\t\t\t<h3 class=\"wd-entities-title title post-title\">\n\t\t\t\t\t\t<a href=\"https:\/\/comvenezuela.com\/reactivado-servicio-de-transporte-escolar-para-estudiantes-en-villa-del-rosario\/\" rel=\"bookmark\">Reactivado servicio de transporte escolar para estudiantes en Villa del Rosario<\/a>\n\t\t\t\t\t<\/h3>\n\t\t\t\t\n\t\t\t\t\t\t\t\t\t<div class=\"entry-meta wd-entry-meta\">\n\t\t\t\t\t\t\t\t\t<ul class=\"entry-meta-list\">\n\t\t\t\t\t\t\t\t\t<li class=\"modified-date\">\n\t\t\t\t\t\t\t\t<time class=\"updated\" datetime=\"2024-03-26T08:01:14-05:00\">\n\t\t\t26 de marzo de 2024\t\t<\/time>\n\t\t\t\t\t\t\t<\/li>\n\n\t\t\t\t\t\n\t\t\t\t\t\t\t\t\t\t\t<li class=\"meta-author\">\n\t\t\t\t\t\t\t\t\t\t\t\t<span>Por<\/span>\n\t\t\n\t\t\t\t\t<img alt='author-avatar' src='https:\/\/comvenezuela.com\/wp-content\/uploads\/2024\/03\/06-comvenezuela-300x300.png' srcset='https:\/\/comvenezuela.com\/wp-content\/uploads\/2024\/03\/06-comvenezuela-300x300.png 300w, https:\/\/comvenezuela.com\/wp-content\/uploads\/2024\/03\/06-comvenezuela-430x430.png 430w, https:\/\/comvenezuela.com\/wp-content\/uploads\/2024\/03\/06-comvenezuela-150x150.png 150w, https:\/\/comvenezuela.com\/wp-content\/uploads\/2024\/03\/06-comvenezuela.png 512w' class='avatar avatar-32 photo' height='32' width='32' decoding='async'\/>\t\t\n\t\t<a href=\"https:\/\/comvenezuela.com\/author\/nueva-comvenezuela-com\/\" rel=\"author\">\n\t\t\t<span class=\"vcard author author_name\">\n\t\t\t\t<span class=\"fn\">Comvenezuela<\/span>\n\t\t\t<\/span>\n\t\t<\/a>\n\t\t\t\t\t\t\t\t<\/li>\n\t\t\t\t\t\n\t\t\t\t\t\n\t\t\t\t\t\t\t\t\t\t\t\t<\/ul>\n\t\t\t\t\t\t\t<\/div><!-- .entry-meta -->\n\t\t\t\t\t\t\t\t\t\t\t<div class=\"hovered-social-icons wd-tltp wd-tltp-top\">\n\t\t\t\t\t\t\t<div class=\"wd-tooltip-label\">\n\t\t\t\t\t\t\t\t\n\t\t\t<div class=\" wd-social-icons icons-design-default icons-size-small color-scheme-light social-share social-form-circle text-center\">\n\n\t\t\t\t\n\t\t\t\t\t\t\t\t\t<a rel=\"noopener noreferrer nofollow\" href=\"https:\/\/www.facebook.com\/sharer\/sharer.php?u=https:\/\/comvenezuela.com\/reactivado-servicio-de-transporte-escolar-para-estudiantes-en-villa-del-rosario\/\" target=\"_blank\" class=\" wd-social-icon social-facebook\" aria-label=\"Enlace social Facebook\">\n\t\t\t\t\t\t<span class=\"wd-icon\"><\/span>\n\t\t\t\t\t\t\t\t\t\t\t<\/a>\n\t\t\t\t\n\t\t\t\t\t\t\t\t\t<a rel=\"noopener noreferrer nofollow\" href=\"https:\/\/x.com\/share?url=https:\/\/comvenezuela.com\/reactivado-servicio-de-transporte-escolar-para-estudiantes-en-villa-del-rosario\/\" target=\"_blank\" class=\" wd-social-icon social-twitter\" aria-label=\"Enlace de la red social X\">\n\t\t\t\t\t\t<span class=\"wd-icon\"><\/span>\n\t\t\t\t\t\t\t\t\t\t\t<\/a>\n\t\t\t\t\n\t\t\t\t\n\t\t\t\t\n\t\t\t\t\n\t\t\t\t\t\t\t\t\t<a rel=\"noopener noreferrer nofollow\" href=\"https:\/\/pinterest.com\/pin\/create\/button\/?url=https:\/\/comvenezuela.com\/reactivado-servicio-de-transporte-escolar-para-estudiantes-en-villa-del-rosario\/&media=https:\/\/comvenezuela.com\/wp-content\/uploads\/2024\/01\/12-comvenezuela.jpg&description=Reactivado+servicio+de+transporte+escolar+para+estudiantes+en+Villa+del+Rosario\" target=\"_blank\" class=\" wd-social-icon social-pinterest\" aria-label=\"Enlace social Pinterest\">\n\t\t\t\t\t\t<span class=\"wd-icon\"><\/span>\n\t\t\t\t\t\t\t\t\t\t\t<\/a>\n\t\t\t\t\n\t\t\t\t\n\t\t\t\t\t\t\t\t\t<a rel=\"noopener noreferrer nofollow\" href=\"https:\/\/www.linkedin.com\/shareArticle?mini=true&url=https:\/\/comvenezuela.com\/reactivado-servicio-de-transporte-escolar-para-estudiantes-en-villa-del-rosario\/\" target=\"_blank\" class=\" wd-social-icon social-linkedin\" aria-label=\"Enlace social Linkedin\">\n\t\t\t\t\t\t<span class=\"wd-icon\"><\/span>\n\t\t\t\t\t\t\t\t\t\t\t<\/a>\n\t\t\t\t\n\t\t\t\t\n\t\t\t\t\n\t\t\t\t\n\t\t\t\t\n\t\t\t\t\n\t\t\t\t\n\t\t\t\t\n\t\t\t\t\n\t\t\t\t\n\t\t\t\t\t\t\t\t\n\t\t\t\t\t\t\t\t\n\t\t\t\t\n\t\t\t\t\n\t\t\t\t\t\t\t\t\t<a rel=\"noopener noreferrer nofollow\" href=\"https:\/\/telegram.me\/share\/url?url=https:\/\/comvenezuela.com\/reactivado-servicio-de-transporte-escolar-para-estudiantes-en-villa-del-rosario\/\" target=\"_blank\" class=\" wd-social-icon social-tg\" aria-label=\"Enlace social Telegram\">\n\t\t\t\t\t\t<span class=\"wd-icon\"><\/span>\n\t\t\t\t\t\t\t\t\t\t\t<\/a>\n\t\t\t\t\t\t\t\t\n\t\t\t\t\n\t\t\t<\/div>\n\n\t\t\t\t\t\t\t\t\t<\/div>\n\t\t\t\t\t\t<\/div>\n\t\t\t\t\t\t\t\t\t\t\t\t\n\t\t\t\t\t\t\t\n\t\t\t\t                    <div class=\"entry-content wd-entry-content\">\n\t\t\t\t\t\tPor: La Opini\u00f3n\nFecha: 9 de mayo de 2023\nAyer, tal y como estaba previsto, comenz\u00f3 a operar el servicio de transporte escolar para los ...\n\t\t\t\t\t\t\t\t\t\t\t<\/div><!-- .entry-content -->\n\t\t\t\t\n\t\t\t\t\t\t\t\t\t\t\t\t\t\t<p class=\"read-more-section\">\n\t\t\t\t\t\t<a class=\"btn-read-more more-link\" href=\"https:\/\/comvenezuela.com\/reactivado-servicio-de-transporte-escolar-para-estudiantes-en-villa-del-rosario\/\">Continuar leyendo<\/a>\t\t\t\t\t<\/p>\n\t\t\t\t\t\t\t\t\t\t\t\n\t\t\t\n\t\t\t\t\t<\/div>\n\t<\/div>\n<\/article><!-- #post -->\n\n\n\t\t\t\t\t\n\t\t\t\t\t","status":"have-posts","nextPage":"https:\/\/comvenezuela.com\/category\/actualidad-binacional\/page\/6\/?woo_ajax=1","currentPage":"https:\/\/comvenezuela.com\/category\/actualidad-binacional\/page\/5"}