
			
				

					
				

			
		{"items":"\n\t\t\t\t\t\t\t\t\t\t\t\n<article id=\"post-16194\" class=\"wd-post blog-design-masonry blog-post-loop blog-style-bg wd-add-shadow wd-col post-16194 post type-post status-publish format-standard has-post-thumbnail hentry category-actualidad-binacional\">\n\t<div class=\"article-inner\">\n\t\t\t\t\t<header class=\"entry-header\">\n\t\t\t\t\t\t\t\t\t<figure id=\"carousel-647\" class=\"entry-thumbnail\">\n\t\t\t\t\t\t\n\t\t\t\t\t\t\t<div class=\"post-img-wrapp\">\n\t\t\t\t\t\t\t\t<a href=\"https:\/\/comvenezuela.com\/cancilleria-de-venezuela-anuncio-reactivacion-de-consulado-en-cucuta-esta-semana\/\">\n\t\t\t\t\t\t\t\t\t<img width=\"1000\" height=\"650\" src=\"https:\/\/comvenezuela.com\/wp-content\/uploads\/2024\/01\/12-comvenezuela.jpg\" class=\"attachment-large size-large\" alt=\"\" decoding=\"async\" srcset=\"https:\/\/comvenezuela.com\/wp-content\/uploads\/2024\/01\/12-comvenezuela.jpg 1000w, https:\/\/comvenezuela.com\/wp-content\/uploads\/2024\/01\/12-comvenezuela-400x260.jpg 400w, https:\/\/comvenezuela.com\/wp-content\/uploads\/2024\/01\/12-comvenezuela-768x499.jpg 768w, https:\/\/comvenezuela.com\/wp-content\/uploads\/2024\/01\/12-comvenezuela-860x559.jpg 860w, https:\/\/comvenezuela.com\/wp-content\/uploads\/2024\/01\/12-comvenezuela-430x280.jpg 430w, https:\/\/comvenezuela.com\/wp-content\/uploads\/2024\/01\/12-comvenezuela-700x455.jpg 700w, https:\/\/comvenezuela.com\/wp-content\/uploads\/2024\/01\/12-comvenezuela-150x98.jpg 150w\" sizes=\"(max-width: 1000px) 100vw, 1000px\" \/>\t\t\t\t\t\t\t\t<\/a>\n\t\t\t\t\t\t\t<\/div>\n\t\t\t\t\t\t\t<div class=\"post-image-mask\">\n\t\t\t\t\t\t\t\t<span><\/span>\n\t\t\t\t\t\t\t<\/div>\n\n\t\t\t\t\t\t\n\t\t\t\t\t<\/figure>\n\t\t\t\t\n\t\t\t\t\t\t\t\t\t\t\t\t<div class=\"post-date wd-post-date wd-style-with-bg\">\n\t\t\t\t<span class=\"post-date-day\">\n\t\t\t\t\t29\t\t\t\t<\/span>\n\t\t\t\t<span class=\"post-date-month\">\n\t\t\t\t\tAbr\t\t\t\t<\/span>\n\t\t\t<\/div>\n\t\t\t\t\t\t\n\t\t\t<\/header><!-- .entry-header -->\n\n\t\t<div class=\"article-body-container\">\n\t\t\t\n\t\t\t\t\t\t\t\t\t<div class=\"meta-categories-wrapp\"><div class=\"meta-post-categories wd-post-cat wd-style-with-bg\"><a href=\"https:\/\/comvenezuela.com\/category\/actualidad-binacional\/\" rel=\"category tag\">Actualidad Binacional<\/a><\/div><\/div>\n\t\t\t\t\n\t\t\t\t\t\t\t\t\t<h3 class=\"wd-entities-title title post-title\">\n\t\t\t\t\t\t<a href=\"https:\/\/comvenezuela.com\/cancilleria-de-venezuela-anuncio-reactivacion-de-consulado-en-cucuta-esta-semana\/\" rel=\"bookmark\">Canciller\u00eda de Venezuela anunci\u00f3 reactivaci\u00f3n de consulado en C\u00facuta esta semana<\/a>\n\t\t\t\t\t<\/h3>\n\t\t\t\t\n\t\t\t\t\t\t\t\t\t<div class=\"entry-meta wd-entry-meta\">\n\t\t\t\t\t\t\t\t\t<ul class=\"entry-meta-list\">\n\t\t\t\t\t\t\t\t\t<li class=\"modified-date\">\n\t\t\t\t\t\t\t\t<time class=\"updated\" datetime=\"2024-03-26T08:01:19-05:00\">\n\t\t\t26 de marzo de 2024\t\t<\/time>\n\t\t\t\t\t\t\t<\/li>\n\n\t\t\t\t\t\n\t\t\t\t\t\t\t\t\t\t\t<li class=\"meta-author\">\n\t\t\t\t\t\t\t\t\t\t\t\t<span>Por<\/span>\n\t\t\n\t\t\t\t\t<img alt='author-avatar' src='https:\/\/comvenezuela.com\/wp-content\/uploads\/2024\/03\/06-comvenezuela-300x300.png' srcset='https:\/\/comvenezuela.com\/wp-content\/uploads\/2024\/03\/06-comvenezuela-300x300.png 300w, https:\/\/comvenezuela.com\/wp-content\/uploads\/2024\/03\/06-comvenezuela-430x430.png 430w, https:\/\/comvenezuela.com\/wp-content\/uploads\/2024\/03\/06-comvenezuela-150x150.png 150w, https:\/\/comvenezuela.com\/wp-content\/uploads\/2024\/03\/06-comvenezuela.png 512w' class='avatar avatar-32 photo' height='32' width='32' decoding='async'\/>\t\t\n\t\t<a href=\"https:\/\/comvenezuela.com\/author\/nueva-comvenezuela-com\/\" rel=\"author\">\n\t\t\t<span class=\"vcard author author_name\">\n\t\t\t\t<span class=\"fn\">Comvenezuela<\/span>\n\t\t\t<\/span>\n\t\t<\/a>\n\t\t\t\t\t\t\t\t<\/li>\n\t\t\t\t\t\n\t\t\t\t\t\n\t\t\t\t\t\t\t\t\t\t\t\t<\/ul>\n\t\t\t\t\t\t\t<\/div><!-- .entry-meta -->\n\t\t\t\t\t\t\t\t\t\t\t<div class=\"hovered-social-icons wd-tltp wd-tltp-top\">\n\t\t\t\t\t\t\t<div class=\"wd-tooltip-label\">\n\t\t\t\t\t\t\t\t\t\t\t<link rel=\"stylesheet\" id=\"wd-social-icons-css\" href=\"https:\/\/comvenezuela.com\/wp-content\/themes\/woodmart\/css\/parts\/el-social-icons.min.css?ver=7.5.1\" type=\"text\/css\" media=\"all\" \/> \t\t\t\n\t\t\t<div class=\" wd-social-icons icons-design-default icons-size-small color-scheme-light social-share social-form-circle text-center\">\n\n\t\t\t\t\n\t\t\t\t\t\t\t\t\t<a rel=\"noopener noreferrer nofollow\" href=\"https:\/\/www.facebook.com\/sharer\/sharer.php?u=https:\/\/comvenezuela.com\/cancilleria-de-venezuela-anuncio-reactivacion-de-consulado-en-cucuta-esta-semana\/\" target=\"_blank\" class=\" wd-social-icon social-facebook\" aria-label=\"Enlace social Facebook\">\n\t\t\t\t\t\t<span class=\"wd-icon\"><\/span>\n\t\t\t\t\t\t\t\t\t\t\t<\/a>\n\t\t\t\t\n\t\t\t\t\t\t\t\t\t<a rel=\"noopener noreferrer nofollow\" href=\"https:\/\/x.com\/share?url=https:\/\/comvenezuela.com\/cancilleria-de-venezuela-anuncio-reactivacion-de-consulado-en-cucuta-esta-semana\/\" target=\"_blank\" class=\" wd-social-icon social-twitter\" aria-label=\"Enlace de la red social X\">\n\t\t\t\t\t\t<span class=\"wd-icon\"><\/span>\n\t\t\t\t\t\t\t\t\t\t\t<\/a>\n\t\t\t\t\n\t\t\t\t\n\t\t\t\t\n\t\t\t\t\n\t\t\t\t\t\t\t\t\t<a rel=\"noopener noreferrer nofollow\" href=\"https:\/\/pinterest.com\/pin\/create\/button\/?url=https:\/\/comvenezuela.com\/cancilleria-de-venezuela-anuncio-reactivacion-de-consulado-en-cucuta-esta-semana\/&media=https:\/\/comvenezuela.com\/wp-content\/uploads\/2024\/01\/12-comvenezuela.jpg&description=Canciller%C3%ADa+de+Venezuela+anunci%C3%B3+reactivaci%C3%B3n+de+consulado+en+C%C3%BAcuta+esta+semana\" target=\"_blank\" class=\" wd-social-icon social-pinterest\" aria-label=\"Enlace social Pinterest\">\n\t\t\t\t\t\t<span class=\"wd-icon\"><\/span>\n\t\t\t\t\t\t\t\t\t\t\t<\/a>\n\t\t\t\t\n\t\t\t\t\n\t\t\t\t\t\t\t\t\t<a rel=\"noopener noreferrer nofollow\" href=\"https:\/\/www.linkedin.com\/shareArticle?mini=true&url=https:\/\/comvenezuela.com\/cancilleria-de-venezuela-anuncio-reactivacion-de-consulado-en-cucuta-esta-semana\/\" target=\"_blank\" class=\" wd-social-icon social-linkedin\" aria-label=\"Enlace social Linkedin\">\n\t\t\t\t\t\t<span class=\"wd-icon\"><\/span>\n\t\t\t\t\t\t\t\t\t\t\t<\/a>\n\t\t\t\t\n\t\t\t\t\n\t\t\t\t\n\t\t\t\t\n\t\t\t\t\n\t\t\t\t\n\t\t\t\t\n\t\t\t\t\n\t\t\t\t\n\t\t\t\t\n\t\t\t\t\t\t\t\t\n\t\t\t\t\t\t\t\t\n\t\t\t\t\n\t\t\t\t\n\t\t\t\t\t\t\t\t\t<a rel=\"noopener noreferrer nofollow\" href=\"https:\/\/telegram.me\/share\/url?url=https:\/\/comvenezuela.com\/cancilleria-de-venezuela-anuncio-reactivacion-de-consulado-en-cucuta-esta-semana\/\" target=\"_blank\" class=\" wd-social-icon social-tg\" aria-label=\"Enlace social Telegram\">\n\t\t\t\t\t\t<span class=\"wd-icon\"><\/span>\n\t\t\t\t\t\t\t\t\t\t\t<\/a>\n\t\t\t\t\t\t\t\t\n\t\t\t\t\n\t\t\t<\/div>\n\n\t\t\t\t\t\t\t\t\t<\/div>\n\t\t\t\t\t\t<\/div>\n\t\t\t\t\t\t\t\t\t\t\t\t\n\t\t\t\t\t\t\t\n\t\t\t\t                    <div class=\"entry-content wd-entry-content\">\n\t\t\t\t\t\tPor: JULIANA TRUJILLO VEL\u00c1SQUEZ\nFecha: 29 de abril\nDesde su posesi\u00f3n como mandatario, uno de los temas centrales en la agenda de Gustav...\n\t\t\t\t\t\t\t\t\t\t\t<\/div><!-- .entry-content -->\n\t\t\t\t\n\t\t\t\t\t\t\t\t\t\t\t\t\t\t<p class=\"read-more-section\">\n\t\t\t\t\t\t<a class=\"btn-read-more more-link\" href=\"https:\/\/comvenezuela.com\/cancilleria-de-venezuela-anuncio-reactivacion-de-consulado-en-cucuta-esta-semana\/\">Continuar leyendo<\/a>\t\t\t\t\t<\/p>\n\t\t\t\t\t\t\t\t\t\t\t\n\t\t\t\n\t\t\t\t\t<\/div>\n\t<\/div>\n<\/article><!-- #post -->\n\n\n\t\t\t\t\t\t\t\t\t\t\t\n<article id=\"post-16195\" class=\"wd-post blog-design-masonry blog-post-loop blog-style-bg wd-add-shadow wd-col post-16195 post type-post status-publish format-standard has-post-thumbnail hentry category-actualidad-binacional\">\n\t<div class=\"article-inner\">\n\t\t\t\t\t<header class=\"entry-header\">\n\t\t\t\t\t\t\t\t\t<figure id=\"carousel-628\" class=\"entry-thumbnail\">\n\t\t\t\t\t\t\n\t\t\t\t\t\t\t<div class=\"post-img-wrapp\">\n\t\t\t\t\t\t\t\t<a href=\"https:\/\/comvenezuela.com\/informacion-importante-situacion-en-el-paso-fronterizo-de-maicao-paraguachon-guarero\/\">\n\t\t\t\t\t\t\t\t\t<img width=\"1000\" height=\"650\" src=\"https:\/\/comvenezuela.com\/wp-content\/uploads\/2024\/01\/12-comvenezuela.jpg\" class=\"attachment-large size-large\" alt=\"\" decoding=\"async\" srcset=\"https:\/\/comvenezuela.com\/wp-content\/uploads\/2024\/01\/12-comvenezuela.jpg 1000w, https:\/\/comvenezuela.com\/wp-content\/uploads\/2024\/01\/12-comvenezuela-400x260.jpg 400w, https:\/\/comvenezuela.com\/wp-content\/uploads\/2024\/01\/12-comvenezuela-768x499.jpg 768w, https:\/\/comvenezuela.com\/wp-content\/uploads\/2024\/01\/12-comvenezuela-860x559.jpg 860w, https:\/\/comvenezuela.com\/wp-content\/uploads\/2024\/01\/12-comvenezuela-430x280.jpg 430w, https:\/\/comvenezuela.com\/wp-content\/uploads\/2024\/01\/12-comvenezuela-700x455.jpg 700w, https:\/\/comvenezuela.com\/wp-content\/uploads\/2024\/01\/12-comvenezuela-150x98.jpg 150w\" sizes=\"(max-width: 1000px) 100vw, 1000px\" \/>\t\t\t\t\t\t\t\t<\/a>\n\t\t\t\t\t\t\t<\/div>\n\t\t\t\t\t\t\t<div class=\"post-image-mask\">\n\t\t\t\t\t\t\t\t<span><\/span>\n\t\t\t\t\t\t\t<\/div>\n\n\t\t\t\t\t\t\n\t\t\t\t\t<\/figure>\n\t\t\t\t\n\t\t\t\t\t\t\t\t\t\t\t\t<div class=\"post-date wd-post-date wd-style-with-bg\">\n\t\t\t\t<span class=\"post-date-day\">\n\t\t\t\t\t19\t\t\t\t<\/span>\n\t\t\t\t<span class=\"post-date-month\">\n\t\t\t\t\tAbr\t\t\t\t<\/span>\n\t\t\t<\/div>\n\t\t\t\t\t\t\n\t\t\t<\/header><!-- .entry-header -->\n\n\t\t<div class=\"article-body-container\">\n\t\t\t\n\t\t\t\t\t\t\t\t\t<div class=\"meta-categories-wrapp\"><div class=\"meta-post-categories wd-post-cat wd-style-with-bg\"><a href=\"https:\/\/comvenezuela.com\/category\/actualidad-binacional\/\" rel=\"category tag\">Actualidad Binacional<\/a><\/div><\/div>\n\t\t\t\t\n\t\t\t\t\t\t\t\t\t<h3 class=\"wd-entities-title title post-title\">\n\t\t\t\t\t\t<a href=\"https:\/\/comvenezuela.com\/informacion-importante-situacion-en-el-paso-fronterizo-de-maicao-paraguachon-guarero\/\" rel=\"bookmark\">INFORMACI\u00d3N IMPORTANTE: Situaci\u00f3n en el paso fronterizo de Maicao (Paraguach\u00f3n  &#8211; Guarero)<\/a>\n\t\t\t\t\t<\/h3>\n\t\t\t\t\n\t\t\t\t\t\t\t\t\t<div class=\"entry-meta wd-entry-meta\">\n\t\t\t\t\t\t\t\t\t<ul class=\"entry-meta-list\">\n\t\t\t\t\t\t\t\t\t<li class=\"modified-date\">\n\t\t\t\t\t\t\t\t<time class=\"updated\" datetime=\"2024-03-26T08:01:24-05:00\">\n\t\t\t26 de marzo de 2024\t\t<\/time>\n\t\t\t\t\t\t\t<\/li>\n\n\t\t\t\t\t\n\t\t\t\t\t\t\t\t\t\t\t<li class=\"meta-author\">\n\t\t\t\t\t\t\t\t\t\t\t\t<span>Por<\/span>\n\t\t\n\t\t\t\t\t<img alt='author-avatar' src='https:\/\/comvenezuela.com\/wp-content\/uploads\/2024\/03\/06-comvenezuela-300x300.png' srcset='https:\/\/comvenezuela.com\/wp-content\/uploads\/2024\/03\/06-comvenezuela-300x300.png 300w, https:\/\/comvenezuela.com\/wp-content\/uploads\/2024\/03\/06-comvenezuela-430x430.png 430w, https:\/\/comvenezuela.com\/wp-content\/uploads\/2024\/03\/06-comvenezuela-150x150.png 150w, https:\/\/comvenezuela.com\/wp-content\/uploads\/2024\/03\/06-comvenezuela.png 512w' class='avatar avatar-32 photo' height='32' width='32' decoding='async'\/>\t\t\n\t\t<a href=\"https:\/\/comvenezuela.com\/author\/nueva-comvenezuela-com\/\" rel=\"author\">\n\t\t\t<span class=\"vcard author author_name\">\n\t\t\t\t<span class=\"fn\">Comvenezuela<\/span>\n\t\t\t<\/span>\n\t\t<\/a>\n\t\t\t\t\t\t\t\t<\/li>\n\t\t\t\t\t\n\t\t\t\t\t\n\t\t\t\t\t\t\t\t\t\t\t\t<\/ul>\n\t\t\t\t\t\t\t<\/div><!-- .entry-meta -->\n\t\t\t\t\t\t\t\t\t\t\t<div class=\"hovered-social-icons wd-tltp wd-tltp-top\">\n\t\t\t\t\t\t\t<div class=\"wd-tooltip-label\">\n\t\t\t\t\t\t\t\t\n\t\t\t<div class=\" wd-social-icons icons-design-default icons-size-small color-scheme-light social-share social-form-circle text-center\">\n\n\t\t\t\t\n\t\t\t\t\t\t\t\t\t<a rel=\"noopener noreferrer nofollow\" href=\"https:\/\/www.facebook.com\/sharer\/sharer.php?u=https:\/\/comvenezuela.com\/informacion-importante-situacion-en-el-paso-fronterizo-de-maicao-paraguachon-guarero\/\" target=\"_blank\" class=\" wd-social-icon social-facebook\" aria-label=\"Enlace social Facebook\">\n\t\t\t\t\t\t<span class=\"wd-icon\"><\/span>\n\t\t\t\t\t\t\t\t\t\t\t<\/a>\n\t\t\t\t\n\t\t\t\t\t\t\t\t\t<a rel=\"noopener noreferrer nofollow\" href=\"https:\/\/x.com\/share?url=https:\/\/comvenezuela.com\/informacion-importante-situacion-en-el-paso-fronterizo-de-maicao-paraguachon-guarero\/\" target=\"_blank\" class=\" wd-social-icon social-twitter\" aria-label=\"Enlace de la red social X\">\n\t\t\t\t\t\t<span class=\"wd-icon\"><\/span>\n\t\t\t\t\t\t\t\t\t\t\t<\/a>\n\t\t\t\t\n\t\t\t\t\n\t\t\t\t\n\t\t\t\t\n\t\t\t\t\t\t\t\t\t<a rel=\"noopener noreferrer nofollow\" href=\"https:\/\/pinterest.com\/pin\/create\/button\/?url=https:\/\/comvenezuela.com\/informacion-importante-situacion-en-el-paso-fronterizo-de-maicao-paraguachon-guarero\/&media=https:\/\/comvenezuela.com\/wp-content\/uploads\/2024\/01\/12-comvenezuela.jpg&description=INFORMACI%C3%93N+IMPORTANTE%3A+Situaci%C3%B3n+en+el+paso+fronterizo+de+Maicao+%28Paraguach%C3%B3n++%26%238211%3B+Guarero%29\" target=\"_blank\" class=\" wd-social-icon social-pinterest\" aria-label=\"Enlace social Pinterest\">\n\t\t\t\t\t\t<span class=\"wd-icon\"><\/span>\n\t\t\t\t\t\t\t\t\t\t\t<\/a>\n\t\t\t\t\n\t\t\t\t\n\t\t\t\t\t\t\t\t\t<a rel=\"noopener noreferrer nofollow\" href=\"https:\/\/www.linkedin.com\/shareArticle?mini=true&url=https:\/\/comvenezuela.com\/informacion-importante-situacion-en-el-paso-fronterizo-de-maicao-paraguachon-guarero\/\" target=\"_blank\" class=\" wd-social-icon social-linkedin\" aria-label=\"Enlace social Linkedin\">\n\t\t\t\t\t\t<span class=\"wd-icon\"><\/span>\n\t\t\t\t\t\t\t\t\t\t\t<\/a>\n\t\t\t\t\n\t\t\t\t\n\t\t\t\t\n\t\t\t\t\n\t\t\t\t\n\t\t\t\t\n\t\t\t\t\n\t\t\t\t\n\t\t\t\t\n\t\t\t\t\n\t\t\t\t\t\t\t\t\n\t\t\t\t\t\t\t\t\n\t\t\t\t\n\t\t\t\t\n\t\t\t\t\t\t\t\t\t<a rel=\"noopener noreferrer nofollow\" href=\"https:\/\/telegram.me\/share\/url?url=https:\/\/comvenezuela.com\/informacion-importante-situacion-en-el-paso-fronterizo-de-maicao-paraguachon-guarero\/\" target=\"_blank\" class=\" wd-social-icon social-tg\" aria-label=\"Enlace social Telegram\">\n\t\t\t\t\t\t<span class=\"wd-icon\"><\/span>\n\t\t\t\t\t\t\t\t\t\t\t<\/a>\n\t\t\t\t\t\t\t\t\n\t\t\t\t\n\t\t\t<\/div>\n\n\t\t\t\t\t\t\t\t\t<\/div>\n\t\t\t\t\t\t<\/div>\n\t\t\t\t\t\t\t\t\t\t\t\t\n\t\t\t\t\t\t\t\n\t\t\t\t                    <div class=\"entry-content wd-entry-content\">\n\t\t\t\t\t\tEstimados afiliados y aliados,\nRespecto a la situaci\u00f3n presentada en el paso fronterizo de Maicao (Paraguach\u00f3n \u2013 Guarero) entre Colombi...\n\t\t\t\t\t\t\t\t\t\t\t<\/div><!-- .entry-content -->\n\t\t\t\t\n\t\t\t\t\t\t\t\t\t\t\t\t\t\t<p class=\"read-more-section\">\n\t\t\t\t\t\t<a class=\"btn-read-more more-link\" href=\"https:\/\/comvenezuela.com\/informacion-importante-situacion-en-el-paso-fronterizo-de-maicao-paraguachon-guarero\/\">Continuar leyendo<\/a>\t\t\t\t\t<\/p>\n\t\t\t\t\t\t\t\t\t\t\t\n\t\t\t\n\t\t\t\t\t<\/div>\n\t<\/div>\n<\/article><!-- #post -->\n\n\n\t\t\t\t\t\t\t\t\t\t\t\n<article id=\"post-16200\" class=\"wd-post blog-design-masonry blog-post-loop blog-style-bg wd-add-shadow wd-col post-16200 post type-post status-publish format-standard has-post-thumbnail hentry category-actualidad-binacional\">\n\t<div class=\"article-inner\">\n\t\t\t\t\t<header class=\"entry-header\">\n\t\t\t\t\t\t\t\t\t<figure id=\"carousel-997\" class=\"entry-thumbnail\">\n\t\t\t\t\t\t\n\t\t\t\t\t\t\t<div class=\"post-img-wrapp\">\n\t\t\t\t\t\t\t\t<a href=\"https:\/\/comvenezuela.com\/congreso-aprobo-acuerdo-de-transporte-entre-colombia-y-venezuela-en-tercer-debate\/\">\n\t\t\t\t\t\t\t\t\t<img width=\"1000\" height=\"650\" src=\"https:\/\/comvenezuela.com\/wp-content\/uploads\/2024\/01\/12-comvenezuela.jpg\" class=\"attachment-large size-large\" alt=\"\" decoding=\"async\" srcset=\"https:\/\/comvenezuela.com\/wp-content\/uploads\/2024\/01\/12-comvenezuela.jpg 1000w, https:\/\/comvenezuela.com\/wp-content\/uploads\/2024\/01\/12-comvenezuela-400x260.jpg 400w, https:\/\/comvenezuela.com\/wp-content\/uploads\/2024\/01\/12-comvenezuela-768x499.jpg 768w, https:\/\/comvenezuela.com\/wp-content\/uploads\/2024\/01\/12-comvenezuela-860x559.jpg 860w, https:\/\/comvenezuela.com\/wp-content\/uploads\/2024\/01\/12-comvenezuela-430x280.jpg 430w, https:\/\/comvenezuela.com\/wp-content\/uploads\/2024\/01\/12-comvenezuela-700x455.jpg 700w, https:\/\/comvenezuela.com\/wp-content\/uploads\/2024\/01\/12-comvenezuela-150x98.jpg 150w\" sizes=\"(max-width: 1000px) 100vw, 1000px\" \/>\t\t\t\t\t\t\t\t<\/a>\n\t\t\t\t\t\t\t<\/div>\n\t\t\t\t\t\t\t<div class=\"post-image-mask\">\n\t\t\t\t\t\t\t\t<span><\/span>\n\t\t\t\t\t\t\t<\/div>\n\n\t\t\t\t\t\t\n\t\t\t\t\t<\/figure>\n\t\t\t\t\n\t\t\t\t\t\t\t\t\t\t\t\t<div class=\"post-date wd-post-date wd-style-with-bg\">\n\t\t\t\t<span class=\"post-date-day\">\n\t\t\t\t\t19\t\t\t\t<\/span>\n\t\t\t\t<span class=\"post-date-month\">\n\t\t\t\t\tAbr\t\t\t\t<\/span>\n\t\t\t<\/div>\n\t\t\t\t\t\t\n\t\t\t<\/header><!-- .entry-header -->\n\n\t\t<div class=\"article-body-container\">\n\t\t\t\n\t\t\t\t\t\t\t\t\t<div class=\"meta-categories-wrapp\"><div class=\"meta-post-categories wd-post-cat wd-style-with-bg\"><a href=\"https:\/\/comvenezuela.com\/category\/actualidad-binacional\/\" rel=\"category tag\">Actualidad Binacional<\/a><\/div><\/div>\n\t\t\t\t\n\t\t\t\t\t\t\t\t\t<h3 class=\"wd-entities-title title post-title\">\n\t\t\t\t\t\t<a href=\"https:\/\/comvenezuela.com\/congreso-aprobo-acuerdo-de-transporte-entre-colombia-y-venezuela-en-tercer-debate\/\" rel=\"bookmark\">Congreso aprob\u00f3 Acuerdo de Transporte entre Colombia y Venezuela en tercer debate<\/a>\n\t\t\t\t\t<\/h3>\n\t\t\t\t\n\t\t\t\t\t\t\t\t\t<div class=\"entry-meta wd-entry-meta\">\n\t\t\t\t\t\t\t\t\t<ul class=\"entry-meta-list\">\n\t\t\t\t\t\t\t\t\t<li class=\"modified-date\">\n\t\t\t\t\t\t\t\t<time class=\"updated\" datetime=\"2024-03-26T08:01:31-05:00\">\n\t\t\t26 de marzo de 2024\t\t<\/time>\n\t\t\t\t\t\t\t<\/li>\n\n\t\t\t\t\t\n\t\t\t\t\t\t\t\t\t\t\t<li class=\"meta-author\">\n\t\t\t\t\t\t\t\t\t\t\t\t<span>Por<\/span>\n\t\t\n\t\t\t\t\t<img alt='author-avatar' src='https:\/\/comvenezuela.com\/wp-content\/uploads\/2024\/03\/06-comvenezuela-300x300.png' srcset='https:\/\/comvenezuela.com\/wp-content\/uploads\/2024\/03\/06-comvenezuela-300x300.png 300w, https:\/\/comvenezuela.com\/wp-content\/uploads\/2024\/03\/06-comvenezuela-430x430.png 430w, https:\/\/comvenezuela.com\/wp-content\/uploads\/2024\/03\/06-comvenezuela-150x150.png 150w, https:\/\/comvenezuela.com\/wp-content\/uploads\/2024\/03\/06-comvenezuela.png 512w' class='avatar avatar-32 photo' height='32' width='32' decoding='async'\/>\t\t\n\t\t<a href=\"https:\/\/comvenezuela.com\/author\/nueva-comvenezuela-com\/\" rel=\"author\">\n\t\t\t<span class=\"vcard author author_name\">\n\t\t\t\t<span class=\"fn\">Comvenezuela<\/span>\n\t\t\t<\/span>\n\t\t<\/a>\n\t\t\t\t\t\t\t\t<\/li>\n\t\t\t\t\t\n\t\t\t\t\t\n\t\t\t\t\t\t\t\t\t\t\t\t<\/ul>\n\t\t\t\t\t\t\t<\/div><!-- .entry-meta -->\n\t\t\t\t\t\t\t\t\t\t\t<div class=\"hovered-social-icons wd-tltp wd-tltp-top\">\n\t\t\t\t\t\t\t<div class=\"wd-tooltip-label\">\n\t\t\t\t\t\t\t\t\n\t\t\t<div class=\" wd-social-icons icons-design-default icons-size-small color-scheme-light social-share social-form-circle text-center\">\n\n\t\t\t\t\n\t\t\t\t\t\t\t\t\t<a rel=\"noopener noreferrer nofollow\" href=\"https:\/\/www.facebook.com\/sharer\/sharer.php?u=https:\/\/comvenezuela.com\/congreso-aprobo-acuerdo-de-transporte-entre-colombia-y-venezuela-en-tercer-debate\/\" target=\"_blank\" class=\" wd-social-icon social-facebook\" aria-label=\"Enlace social Facebook\">\n\t\t\t\t\t\t<span class=\"wd-icon\"><\/span>\n\t\t\t\t\t\t\t\t\t\t\t<\/a>\n\t\t\t\t\n\t\t\t\t\t\t\t\t\t<a rel=\"noopener noreferrer nofollow\" href=\"https:\/\/x.com\/share?url=https:\/\/comvenezuela.com\/congreso-aprobo-acuerdo-de-transporte-entre-colombia-y-venezuela-en-tercer-debate\/\" target=\"_blank\" class=\" wd-social-icon social-twitter\" aria-label=\"Enlace de la red social X\">\n\t\t\t\t\t\t<span class=\"wd-icon\"><\/span>\n\t\t\t\t\t\t\t\t\t\t\t<\/a>\n\t\t\t\t\n\t\t\t\t\n\t\t\t\t\n\t\t\t\t\n\t\t\t\t\t\t\t\t\t<a rel=\"noopener noreferrer nofollow\" href=\"https:\/\/pinterest.com\/pin\/create\/button\/?url=https:\/\/comvenezuela.com\/congreso-aprobo-acuerdo-de-transporte-entre-colombia-y-venezuela-en-tercer-debate\/&media=https:\/\/comvenezuela.com\/wp-content\/uploads\/2024\/01\/12-comvenezuela.jpg&description=Congreso+aprob%C3%B3+Acuerdo+de+Transporte+entre+Colombia+y+Venezuela+en+tercer+debate\" target=\"_blank\" class=\" wd-social-icon social-pinterest\" aria-label=\"Enlace social Pinterest\">\n\t\t\t\t\t\t<span class=\"wd-icon\"><\/span>\n\t\t\t\t\t\t\t\t\t\t\t<\/a>\n\t\t\t\t\n\t\t\t\t\n\t\t\t\t\t\t\t\t\t<a rel=\"noopener noreferrer nofollow\" href=\"https:\/\/www.linkedin.com\/shareArticle?mini=true&url=https:\/\/comvenezuela.com\/congreso-aprobo-acuerdo-de-transporte-entre-colombia-y-venezuela-en-tercer-debate\/\" target=\"_blank\" class=\" wd-social-icon social-linkedin\" aria-label=\"Enlace social Linkedin\">\n\t\t\t\t\t\t<span class=\"wd-icon\"><\/span>\n\t\t\t\t\t\t\t\t\t\t\t<\/a>\n\t\t\t\t\n\t\t\t\t\n\t\t\t\t\n\t\t\t\t\n\t\t\t\t\n\t\t\t\t\n\t\t\t\t\n\t\t\t\t\n\t\t\t\t\n\t\t\t\t\n\t\t\t\t\t\t\t\t\n\t\t\t\t\t\t\t\t\n\t\t\t\t\n\t\t\t\t\n\t\t\t\t\t\t\t\t\t<a rel=\"noopener noreferrer nofollow\" href=\"https:\/\/telegram.me\/share\/url?url=https:\/\/comvenezuela.com\/congreso-aprobo-acuerdo-de-transporte-entre-colombia-y-venezuela-en-tercer-debate\/\" target=\"_blank\" class=\" wd-social-icon social-tg\" aria-label=\"Enlace social Telegram\">\n\t\t\t\t\t\t<span class=\"wd-icon\"><\/span>\n\t\t\t\t\t\t\t\t\t\t\t<\/a>\n\t\t\t\t\t\t\t\t\n\t\t\t\t\n\t\t\t<\/div>\n\n\t\t\t\t\t\t\t\t\t<\/div>\n\t\t\t\t\t\t<\/div>\n\t\t\t\t\t\t\t\t\t\t\t\t\n\t\t\t\t\t\t\t\n\t\t\t\t                    <div class=\"entry-content wd-entry-content\">\n\t\t\t\t\t\tPor: JULIANA TRUJILLO VEL\u00c1SQUEZ\nFecha: 18 de abril de 2023\nLa Comisi\u00f3n Segunda de la C\u00e1mara de Representantes aprob\u00f3, en tercer debate ...\n\t\t\t\t\t\t\t\t\t\t\t<\/div><!-- .entry-content -->\n\t\t\t\t\n\t\t\t\t\t\t\t\t\t\t\t\t\t\t<p class=\"read-more-section\">\n\t\t\t\t\t\t<a class=\"btn-read-more more-link\" href=\"https:\/\/comvenezuela.com\/congreso-aprobo-acuerdo-de-transporte-entre-colombia-y-venezuela-en-tercer-debate\/\">Continuar leyendo<\/a>\t\t\t\t\t<\/p>\n\t\t\t\t\t\t\t\t\t\t\t\n\t\t\t\n\t\t\t\t\t<\/div>\n\t<\/div>\n<\/article><!-- #post -->\n\n\n\t\t\t\t\t\t\t\t\t\t\t\n<article id=\"post-16201\" class=\"wd-post blog-design-masonry blog-post-loop blog-style-bg wd-add-shadow wd-col post-16201 post type-post status-publish format-standard has-post-thumbnail hentry category-actualidad-binacional\">\n\t<div class=\"article-inner\">\n\t\t\t\t\t<header class=\"entry-header\">\n\t\t\t\t\t\t\t\t\t<figure id=\"carousel-796\" class=\"entry-thumbnail\">\n\t\t\t\t\t\t\n\t\t\t\t\t\t\t<div class=\"post-img-wrapp\">\n\t\t\t\t\t\t\t\t<a href=\"https:\/\/comvenezuela.com\/con-tienditas-comercio-de-venezuela-vuelve-a-revivir-superintendente-del-seniat\/\">\n\t\t\t\t\t\t\t\t\t<img width=\"1000\" height=\"650\" src=\"https:\/\/comvenezuela.com\/wp-content\/uploads\/2024\/01\/12-comvenezuela.jpg\" class=\"attachment-large size-large\" alt=\"\" decoding=\"async\" srcset=\"https:\/\/comvenezuela.com\/wp-content\/uploads\/2024\/01\/12-comvenezuela.jpg 1000w, https:\/\/comvenezuela.com\/wp-content\/uploads\/2024\/01\/12-comvenezuela-400x260.jpg 400w, https:\/\/comvenezuela.com\/wp-content\/uploads\/2024\/01\/12-comvenezuela-768x499.jpg 768w, https:\/\/comvenezuela.com\/wp-content\/uploads\/2024\/01\/12-comvenezuela-860x559.jpg 860w, https:\/\/comvenezuela.com\/wp-content\/uploads\/2024\/01\/12-comvenezuela-430x280.jpg 430w, https:\/\/comvenezuela.com\/wp-content\/uploads\/2024\/01\/12-comvenezuela-700x455.jpg 700w, https:\/\/comvenezuela.com\/wp-content\/uploads\/2024\/01\/12-comvenezuela-150x98.jpg 150w\" sizes=\"(max-width: 1000px) 100vw, 1000px\" \/>\t\t\t\t\t\t\t\t<\/a>\n\t\t\t\t\t\t\t<\/div>\n\t\t\t\t\t\t\t<div class=\"post-image-mask\">\n\t\t\t\t\t\t\t\t<span><\/span>\n\t\t\t\t\t\t\t<\/div>\n\n\t\t\t\t\t\t\n\t\t\t\t\t<\/figure>\n\t\t\t\t\n\t\t\t\t\t\t\t\t\t\t\t\t<div class=\"post-date wd-post-date wd-style-with-bg\">\n\t\t\t\t<span class=\"post-date-day\">\n\t\t\t\t\t30\t\t\t\t<\/span>\n\t\t\t\t<span class=\"post-date-month\">\n\t\t\t\t\tMar\t\t\t\t<\/span>\n\t\t\t<\/div>\n\t\t\t\t\t\t\n\t\t\t<\/header><!-- .entry-header -->\n\n\t\t<div class=\"article-body-container\">\n\t\t\t\n\t\t\t\t\t\t\t\t\t<div class=\"meta-categories-wrapp\"><div class=\"meta-post-categories wd-post-cat wd-style-with-bg\"><a href=\"https:\/\/comvenezuela.com\/category\/actualidad-binacional\/\" rel=\"category tag\">Actualidad Binacional<\/a><\/div><\/div>\n\t\t\t\t\n\t\t\t\t\t\t\t\t\t<h3 class=\"wd-entities-title title post-title\">\n\t\t\t\t\t\t<a href=\"https:\/\/comvenezuela.com\/con-tienditas-comercio-de-venezuela-vuelve-a-revivir-superintendente-del-seniat\/\" rel=\"bookmark\">Con Tienditas, comercio de Venezuela vuelve a revivir: superintendente del Seniat<\/a>\n\t\t\t\t\t<\/h3>\n\t\t\t\t\n\t\t\t\t\t\t\t\t\t<div class=\"entry-meta wd-entry-meta\">\n\t\t\t\t\t\t\t\t\t<ul class=\"entry-meta-list\">\n\t\t\t\t\t\t\t\t\t<li class=\"modified-date\">\n\t\t\t\t\t\t\t\t<time class=\"updated\" datetime=\"2024-03-26T08:01:36-05:00\">\n\t\t\t26 de marzo de 2024\t\t<\/time>\n\t\t\t\t\t\t\t<\/li>\n\n\t\t\t\t\t\n\t\t\t\t\t\t\t\t\t\t\t<li class=\"meta-author\">\n\t\t\t\t\t\t\t\t\t\t\t\t<span>Por<\/span>\n\t\t\n\t\t\t\t\t<img alt='author-avatar' src='https:\/\/comvenezuela.com\/wp-content\/uploads\/2024\/03\/06-comvenezuela-300x300.png' srcset='https:\/\/comvenezuela.com\/wp-content\/uploads\/2024\/03\/06-comvenezuela-300x300.png 300w, https:\/\/comvenezuela.com\/wp-content\/uploads\/2024\/03\/06-comvenezuela-430x430.png 430w, https:\/\/comvenezuela.com\/wp-content\/uploads\/2024\/03\/06-comvenezuela-150x150.png 150w, https:\/\/comvenezuela.com\/wp-content\/uploads\/2024\/03\/06-comvenezuela.png 512w' class='avatar avatar-32 photo' height='32' width='32' decoding='async'\/>\t\t\n\t\t<a href=\"https:\/\/comvenezuela.com\/author\/nueva-comvenezuela-com\/\" rel=\"author\">\n\t\t\t<span class=\"vcard author author_name\">\n\t\t\t\t<span class=\"fn\">Comvenezuela<\/span>\n\t\t\t<\/span>\n\t\t<\/a>\n\t\t\t\t\t\t\t\t<\/li>\n\t\t\t\t\t\n\t\t\t\t\t\n\t\t\t\t\t\t\t\t\t\t\t\t<\/ul>\n\t\t\t\t\t\t\t<\/div><!-- .entry-meta -->\n\t\t\t\t\t\t\t\t\t\t\t<div class=\"hovered-social-icons wd-tltp wd-tltp-top\">\n\t\t\t\t\t\t\t<div class=\"wd-tooltip-label\">\n\t\t\t\t\t\t\t\t\n\t\t\t<div class=\" wd-social-icons icons-design-default icons-size-small color-scheme-light social-share social-form-circle text-center\">\n\n\t\t\t\t\n\t\t\t\t\t\t\t\t\t<a rel=\"noopener noreferrer nofollow\" href=\"https:\/\/www.facebook.com\/sharer\/sharer.php?u=https:\/\/comvenezuela.com\/con-tienditas-comercio-de-venezuela-vuelve-a-revivir-superintendente-del-seniat\/\" target=\"_blank\" class=\" wd-social-icon social-facebook\" aria-label=\"Enlace social Facebook\">\n\t\t\t\t\t\t<span class=\"wd-icon\"><\/span>\n\t\t\t\t\t\t\t\t\t\t\t<\/a>\n\t\t\t\t\n\t\t\t\t\t\t\t\t\t<a rel=\"noopener noreferrer nofollow\" href=\"https:\/\/x.com\/share?url=https:\/\/comvenezuela.com\/con-tienditas-comercio-de-venezuela-vuelve-a-revivir-superintendente-del-seniat\/\" target=\"_blank\" class=\" wd-social-icon social-twitter\" aria-label=\"Enlace de la red social X\">\n\t\t\t\t\t\t<span class=\"wd-icon\"><\/span>\n\t\t\t\t\t\t\t\t\t\t\t<\/a>\n\t\t\t\t\n\t\t\t\t\n\t\t\t\t\n\t\t\t\t\n\t\t\t\t\t\t\t\t\t<a rel=\"noopener noreferrer nofollow\" href=\"https:\/\/pinterest.com\/pin\/create\/button\/?url=https:\/\/comvenezuela.com\/con-tienditas-comercio-de-venezuela-vuelve-a-revivir-superintendente-del-seniat\/&media=https:\/\/comvenezuela.com\/wp-content\/uploads\/2024\/01\/12-comvenezuela.jpg&description=Con+Tienditas%2C+comercio+de+Venezuela+vuelve+a+revivir%3A+superintendente+del+Seniat\" target=\"_blank\" class=\" wd-social-icon social-pinterest\" aria-label=\"Enlace social Pinterest\">\n\t\t\t\t\t\t<span class=\"wd-icon\"><\/span>\n\t\t\t\t\t\t\t\t\t\t\t<\/a>\n\t\t\t\t\n\t\t\t\t\n\t\t\t\t\t\t\t\t\t<a rel=\"noopener noreferrer nofollow\" href=\"https:\/\/www.linkedin.com\/shareArticle?mini=true&url=https:\/\/comvenezuela.com\/con-tienditas-comercio-de-venezuela-vuelve-a-revivir-superintendente-del-seniat\/\" target=\"_blank\" class=\" wd-social-icon social-linkedin\" aria-label=\"Enlace social Linkedin\">\n\t\t\t\t\t\t<span class=\"wd-icon\"><\/span>\n\t\t\t\t\t\t\t\t\t\t\t<\/a>\n\t\t\t\t\n\t\t\t\t\n\t\t\t\t\n\t\t\t\t\n\t\t\t\t\n\t\t\t\t\n\t\t\t\t\n\t\t\t\t\n\t\t\t\t\n\t\t\t\t\n\t\t\t\t\t\t\t\t\n\t\t\t\t\t\t\t\t\n\t\t\t\t\n\t\t\t\t\n\t\t\t\t\t\t\t\t\t<a rel=\"noopener noreferrer nofollow\" href=\"https:\/\/telegram.me\/share\/url?url=https:\/\/comvenezuela.com\/con-tienditas-comercio-de-venezuela-vuelve-a-revivir-superintendente-del-seniat\/\" target=\"_blank\" class=\" wd-social-icon social-tg\" aria-label=\"Enlace social Telegram\">\n\t\t\t\t\t\t<span class=\"wd-icon\"><\/span>\n\t\t\t\t\t\t\t\t\t\t\t<\/a>\n\t\t\t\t\t\t\t\t\n\t\t\t\t\n\t\t\t<\/div>\n\n\t\t\t\t\t\t\t\t\t<\/div>\n\t\t\t\t\t\t<\/div>\n\t\t\t\t\t\t\t\t\t\t\t\t\n\t\t\t\t\t\t\t\n\t\t\t\t                    <div class=\"entry-content wd-entry-content\">\n\t\t\t\t\t\tPor: La Opini\u00f3n\nFecha: 30 de marzo\nCon el prop\u00f3sito de evaluar los diversos procedimientos en materia de intercambio de mercanc\u00edas en l...\n\t\t\t\t\t\t\t\t\t\t\t<\/div><!-- .entry-content -->\n\t\t\t\t\n\t\t\t\t\t\t\t\t\t\t\t\t\t\t<p class=\"read-more-section\">\n\t\t\t\t\t\t<a class=\"btn-read-more more-link\" href=\"https:\/\/comvenezuela.com\/con-tienditas-comercio-de-venezuela-vuelve-a-revivir-superintendente-del-seniat\/\">Continuar leyendo<\/a>\t\t\t\t\t<\/p>\n\t\t\t\t\t\t\t\t\t\t\t\n\t\t\t\n\t\t\t\t\t<\/div>\n\t<\/div>\n<\/article><!-- #post -->\n\n\n\t\t\t\t\t\t\t\t\t\t\t\n<article id=\"post-16202\" class=\"wd-post blog-design-masonry blog-post-loop blog-style-bg wd-add-shadow wd-col post-16202 post type-post status-publish format-standard has-post-thumbnail hentry category-actualidad-binacional\">\n\t<div class=\"article-inner\">\n\t\t\t\t\t<header class=\"entry-header\">\n\t\t\t\t\t\t\t\t\t<figure id=\"carousel-273\" class=\"entry-thumbnail\">\n\t\t\t\t\t\t\n\t\t\t\t\t\t\t<div class=\"post-img-wrapp\">\n\t\t\t\t\t\t\t\t<a href=\"https:\/\/comvenezuela.com\/petro-convocara-a-conferencia-internacional-para-promover-el-dialogo-con-venezuela\/\">\n\t\t\t\t\t\t\t\t\t<img width=\"1000\" height=\"650\" src=\"https:\/\/comvenezuela.com\/wp-content\/uploads\/2024\/01\/12-comvenezuela.jpg\" class=\"attachment-large size-large\" alt=\"\" decoding=\"async\" srcset=\"https:\/\/comvenezuela.com\/wp-content\/uploads\/2024\/01\/12-comvenezuela.jpg 1000w, https:\/\/comvenezuela.com\/wp-content\/uploads\/2024\/01\/12-comvenezuela-400x260.jpg 400w, https:\/\/comvenezuela.com\/wp-content\/uploads\/2024\/01\/12-comvenezuela-768x499.jpg 768w, https:\/\/comvenezuela.com\/wp-content\/uploads\/2024\/01\/12-comvenezuela-860x559.jpg 860w, https:\/\/comvenezuela.com\/wp-content\/uploads\/2024\/01\/12-comvenezuela-430x280.jpg 430w, https:\/\/comvenezuela.com\/wp-content\/uploads\/2024\/01\/12-comvenezuela-700x455.jpg 700w, https:\/\/comvenezuela.com\/wp-content\/uploads\/2024\/01\/12-comvenezuela-150x98.jpg 150w\" sizes=\"(max-width: 1000px) 100vw, 1000px\" \/>\t\t\t\t\t\t\t\t<\/a>\n\t\t\t\t\t\t\t<\/div>\n\t\t\t\t\t\t\t<div class=\"post-image-mask\">\n\t\t\t\t\t\t\t\t<span><\/span>\n\t\t\t\t\t\t\t<\/div>\n\n\t\t\t\t\t\t\n\t\t\t\t\t<\/figure>\n\t\t\t\t\n\t\t\t\t\t\t\t\t\t\t\t\t<div class=\"post-date wd-post-date wd-style-with-bg\">\n\t\t\t\t<span class=\"post-date-day\">\n\t\t\t\t\t28\t\t\t\t<\/span>\n\t\t\t\t<span class=\"post-date-month\">\n\t\t\t\t\tMar\t\t\t\t<\/span>\n\t\t\t<\/div>\n\t\t\t\t\t\t\n\t\t\t<\/header><!-- .entry-header -->\n\n\t\t<div class=\"article-body-container\">\n\t\t\t\n\t\t\t\t\t\t\t\t\t<div class=\"meta-categories-wrapp\"><div class=\"meta-post-categories wd-post-cat wd-style-with-bg\"><a href=\"https:\/\/comvenezuela.com\/category\/actualidad-binacional\/\" rel=\"category tag\">Actualidad Binacional<\/a><\/div><\/div>\n\t\t\t\t\n\t\t\t\t\t\t\t\t\t<h3 class=\"wd-entities-title title post-title\">\n\t\t\t\t\t\t<a href=\"https:\/\/comvenezuela.com\/petro-convocara-a-conferencia-internacional-para-promover-el-dialogo-con-venezuela\/\" rel=\"bookmark\">Petro convocar\u00e1 a conferencia internacional para promover el di\u00e1logo con Venezuela<\/a>\n\t\t\t\t\t<\/h3>\n\t\t\t\t\n\t\t\t\t\t\t\t\t\t<div class=\"entry-meta wd-entry-meta\">\n\t\t\t\t\t\t\t\t\t<ul class=\"entry-meta-list\">\n\t\t\t\t\t\t\t\t\t<li class=\"modified-date\">\n\t\t\t\t\t\t\t\t<time class=\"updated\" datetime=\"2024-03-26T08:01:42-05:00\">\n\t\t\t26 de marzo de 2024\t\t<\/time>\n\t\t\t\t\t\t\t<\/li>\n\n\t\t\t\t\t\n\t\t\t\t\t\t\t\t\t\t\t<li class=\"meta-author\">\n\t\t\t\t\t\t\t\t\t\t\t\t<span>Por<\/span>\n\t\t\n\t\t\t\t\t<img alt='author-avatar' src='https:\/\/comvenezuela.com\/wp-content\/uploads\/2024\/03\/06-comvenezuela-300x300.png' srcset='https:\/\/comvenezuela.com\/wp-content\/uploads\/2024\/03\/06-comvenezuela-300x300.png 300w, https:\/\/comvenezuela.com\/wp-content\/uploads\/2024\/03\/06-comvenezuela-430x430.png 430w, https:\/\/comvenezuela.com\/wp-content\/uploads\/2024\/03\/06-comvenezuela-150x150.png 150w, https:\/\/comvenezuela.com\/wp-content\/uploads\/2024\/03\/06-comvenezuela.png 512w' class='avatar avatar-32 photo' height='32' width='32' decoding='async'\/>\t\t\n\t\t<a href=\"https:\/\/comvenezuela.com\/author\/nueva-comvenezuela-com\/\" rel=\"author\">\n\t\t\t<span class=\"vcard author author_name\">\n\t\t\t\t<span class=\"fn\">Comvenezuela<\/span>\n\t\t\t<\/span>\n\t\t<\/a>\n\t\t\t\t\t\t\t\t<\/li>\n\t\t\t\t\t\n\t\t\t\t\t\n\t\t\t\t\t\t\t\t\t\t\t\t<\/ul>\n\t\t\t\t\t\t\t<\/div><!-- .entry-meta -->\n\t\t\t\t\t\t\t\t\t\t\t<div class=\"hovered-social-icons wd-tltp wd-tltp-top\">\n\t\t\t\t\t\t\t<div class=\"wd-tooltip-label\">\n\t\t\t\t\t\t\t\t\n\t\t\t<div class=\" wd-social-icons icons-design-default icons-size-small color-scheme-light social-share social-form-circle text-center\">\n\n\t\t\t\t\n\t\t\t\t\t\t\t\t\t<a rel=\"noopener noreferrer nofollow\" href=\"https:\/\/www.facebook.com\/sharer\/sharer.php?u=https:\/\/comvenezuela.com\/petro-convocara-a-conferencia-internacional-para-promover-el-dialogo-con-venezuela\/\" target=\"_blank\" class=\" wd-social-icon social-facebook\" aria-label=\"Enlace social Facebook\">\n\t\t\t\t\t\t<span class=\"wd-icon\"><\/span>\n\t\t\t\t\t\t\t\t\t\t\t<\/a>\n\t\t\t\t\n\t\t\t\t\t\t\t\t\t<a rel=\"noopener noreferrer nofollow\" href=\"https:\/\/x.com\/share?url=https:\/\/comvenezuela.com\/petro-convocara-a-conferencia-internacional-para-promover-el-dialogo-con-venezuela\/\" target=\"_blank\" class=\" wd-social-icon social-twitter\" aria-label=\"Enlace de la red social X\">\n\t\t\t\t\t\t<span class=\"wd-icon\"><\/span>\n\t\t\t\t\t\t\t\t\t\t\t<\/a>\n\t\t\t\t\n\t\t\t\t\n\t\t\t\t\n\t\t\t\t\n\t\t\t\t\t\t\t\t\t<a rel=\"noopener noreferrer nofollow\" href=\"https:\/\/pinterest.com\/pin\/create\/button\/?url=https:\/\/comvenezuela.com\/petro-convocara-a-conferencia-internacional-para-promover-el-dialogo-con-venezuela\/&media=https:\/\/comvenezuela.com\/wp-content\/uploads\/2024\/01\/12-comvenezuela.jpg&description=Petro+convocar%C3%A1+a+conferencia+internacional+para+promover+el+di%C3%A1logo+con+Venezuela\" target=\"_blank\" class=\" wd-social-icon social-pinterest\" aria-label=\"Enlace social Pinterest\">\n\t\t\t\t\t\t<span class=\"wd-icon\"><\/span>\n\t\t\t\t\t\t\t\t\t\t\t<\/a>\n\t\t\t\t\n\t\t\t\t\n\t\t\t\t\t\t\t\t\t<a rel=\"noopener noreferrer nofollow\" href=\"https:\/\/www.linkedin.com\/shareArticle?mini=true&url=https:\/\/comvenezuela.com\/petro-convocara-a-conferencia-internacional-para-promover-el-dialogo-con-venezuela\/\" target=\"_blank\" class=\" wd-social-icon social-linkedin\" aria-label=\"Enlace social Linkedin\">\n\t\t\t\t\t\t<span class=\"wd-icon\"><\/span>\n\t\t\t\t\t\t\t\t\t\t\t<\/a>\n\t\t\t\t\n\t\t\t\t\n\t\t\t\t\n\t\t\t\t\n\t\t\t\t\n\t\t\t\t\n\t\t\t\t\n\t\t\t\t\n\t\t\t\t\n\t\t\t\t\n\t\t\t\t\t\t\t\t\n\t\t\t\t\t\t\t\t\n\t\t\t\t\n\t\t\t\t\n\t\t\t\t\t\t\t\t\t<a rel=\"noopener noreferrer nofollow\" href=\"https:\/\/telegram.me\/share\/url?url=https:\/\/comvenezuela.com\/petro-convocara-a-conferencia-internacional-para-promover-el-dialogo-con-venezuela\/\" target=\"_blank\" class=\" wd-social-icon social-tg\" aria-label=\"Enlace social Telegram\">\n\t\t\t\t\t\t<span class=\"wd-icon\"><\/span>\n\t\t\t\t\t\t\t\t\t\t\t<\/a>\n\t\t\t\t\t\t\t\t\n\t\t\t\t\n\t\t\t<\/div>\n\n\t\t\t\t\t\t\t\t\t<\/div>\n\t\t\t\t\t\t<\/div>\n\t\t\t\t\t\t\t\t\t\t\t\t\n\t\t\t\t\t\t\t\n\t\t\t\t                    <div class=\"entry-content wd-entry-content\">\n\t\t\t\t\t\tPor: CRISTINA ESTRADA RUDAS \nFecha: 28 de marzo de 2023\nEl mandatario colombiano buscar\u00e1 un di\u00e1logo directo con la oposici\u00f3n venezolana...\n\t\t\t\t\t\t\t\t\t\t\t<\/div><!-- .entry-content -->\n\t\t\t\t\n\t\t\t\t\t\t\t\t\t\t\t\t\t\t<p class=\"read-more-section\">\n\t\t\t\t\t\t<a class=\"btn-read-more more-link\" href=\"https:\/\/comvenezuela.com\/petro-convocara-a-conferencia-internacional-para-promover-el-dialogo-con-venezuela\/\">Continuar leyendo<\/a>\t\t\t\t\t<\/p>\n\t\t\t\t\t\t\t\t\t\t\t\n\t\t\t\n\t\t\t\t\t<\/div>\n\t<\/div>\n<\/article><!-- #post -->\n\n\n\t\t\t\t\t\t\t\t\t\t\t\n<article id=\"post-16204\" class=\"wd-post blog-design-masonry blog-post-loop blog-style-bg wd-add-shadow wd-col post-16204 post type-post status-publish format-standard has-post-thumbnail hentry category-actualidad-binacional\">\n\t<div class=\"article-inner\">\n\t\t\t\t\t<header class=\"entry-header\">\n\t\t\t\t\t\t\t\t\t<figure id=\"carousel-184\" class=\"entry-thumbnail\">\n\t\t\t\t\t\t\n\t\t\t\t\t\t\t<div class=\"post-img-wrapp\">\n\t\t\t\t\t\t\t\t<a href=\"https:\/\/comvenezuela.com\/las-conclusiones-del-encuentro-entre-petro-y-maduro-en-venezuela\/\">\n\t\t\t\t\t\t\t\t\t<img width=\"1000\" height=\"650\" src=\"https:\/\/comvenezuela.com\/wp-content\/uploads\/2024\/01\/12-comvenezuela.jpg\" class=\"attachment-large size-large\" alt=\"\" decoding=\"async\" srcset=\"https:\/\/comvenezuela.com\/wp-content\/uploads\/2024\/01\/12-comvenezuela.jpg 1000w, https:\/\/comvenezuela.com\/wp-content\/uploads\/2024\/01\/12-comvenezuela-400x260.jpg 400w, https:\/\/comvenezuela.com\/wp-content\/uploads\/2024\/01\/12-comvenezuela-768x499.jpg 768w, https:\/\/comvenezuela.com\/wp-content\/uploads\/2024\/01\/12-comvenezuela-860x559.jpg 860w, https:\/\/comvenezuela.com\/wp-content\/uploads\/2024\/01\/12-comvenezuela-430x280.jpg 430w, https:\/\/comvenezuela.com\/wp-content\/uploads\/2024\/01\/12-comvenezuela-700x455.jpg 700w, https:\/\/comvenezuela.com\/wp-content\/uploads\/2024\/01\/12-comvenezuela-150x98.jpg 150w\" sizes=\"(max-width: 1000px) 100vw, 1000px\" \/>\t\t\t\t\t\t\t\t<\/a>\n\t\t\t\t\t\t\t<\/div>\n\t\t\t\t\t\t\t<div class=\"post-image-mask\">\n\t\t\t\t\t\t\t\t<span><\/span>\n\t\t\t\t\t\t\t<\/div>\n\n\t\t\t\t\t\t\n\t\t\t\t\t<\/figure>\n\t\t\t\t\n\t\t\t\t\t\t\t\t\t\t\t\t<div class=\"post-date wd-post-date wd-style-with-bg\">\n\t\t\t\t<span class=\"post-date-day\">\n\t\t\t\t\t23\t\t\t\t<\/span>\n\t\t\t\t<span class=\"post-date-month\">\n\t\t\t\t\tMar\t\t\t\t<\/span>\n\t\t\t<\/div>\n\t\t\t\t\t\t\n\t\t\t<\/header><!-- .entry-header -->\n\n\t\t<div class=\"article-body-container\">\n\t\t\t\n\t\t\t\t\t\t\t\t\t<div class=\"meta-categories-wrapp\"><div class=\"meta-post-categories wd-post-cat wd-style-with-bg\"><a href=\"https:\/\/comvenezuela.com\/category\/actualidad-binacional\/\" rel=\"category tag\">Actualidad Binacional<\/a><\/div><\/div>\n\t\t\t\t\n\t\t\t\t\t\t\t\t\t<h3 class=\"wd-entities-title title post-title\">\n\t\t\t\t\t\t<a href=\"https:\/\/comvenezuela.com\/las-conclusiones-del-encuentro-entre-petro-y-maduro-en-venezuela\/\" rel=\"bookmark\">Las conclusiones del encuentro entre Petro y Maduro en Venezuela<\/a>\n\t\t\t\t\t<\/h3>\n\t\t\t\t\n\t\t\t\t\t\t\t\t\t<div class=\"entry-meta wd-entry-meta\">\n\t\t\t\t\t\t\t\t\t<ul class=\"entry-meta-list\">\n\t\t\t\t\t\t\t\t\t<li class=\"modified-date\">\n\t\t\t\t\t\t\t\t<time class=\"updated\" datetime=\"2024-03-26T08:01:52-05:00\">\n\t\t\t26 de marzo de 2024\t\t<\/time>\n\t\t\t\t\t\t\t<\/li>\n\n\t\t\t\t\t\n\t\t\t\t\t\t\t\t\t\t\t<li class=\"meta-author\">\n\t\t\t\t\t\t\t\t\t\t\t\t<span>Por<\/span>\n\t\t\n\t\t\t\t\t<img alt='author-avatar' src='https:\/\/comvenezuela.com\/wp-content\/uploads\/2024\/03\/06-comvenezuela-300x300.png' srcset='https:\/\/comvenezuela.com\/wp-content\/uploads\/2024\/03\/06-comvenezuela-300x300.png 300w, https:\/\/comvenezuela.com\/wp-content\/uploads\/2024\/03\/06-comvenezuela-430x430.png 430w, https:\/\/comvenezuela.com\/wp-content\/uploads\/2024\/03\/06-comvenezuela-150x150.png 150w, https:\/\/comvenezuela.com\/wp-content\/uploads\/2024\/03\/06-comvenezuela.png 512w' class='avatar avatar-32 photo' height='32' width='32' decoding='async'\/>\t\t\n\t\t<a href=\"https:\/\/comvenezuela.com\/author\/nueva-comvenezuela-com\/\" rel=\"author\">\n\t\t\t<span class=\"vcard author author_name\">\n\t\t\t\t<span class=\"fn\">Comvenezuela<\/span>\n\t\t\t<\/span>\n\t\t<\/a>\n\t\t\t\t\t\t\t\t<\/li>\n\t\t\t\t\t\n\t\t\t\t\t\n\t\t\t\t\t\t\t\t\t\t\t\t<\/ul>\n\t\t\t\t\t\t\t<\/div><!-- .entry-meta -->\n\t\t\t\t\t\t\t\t\t\t\t<div class=\"hovered-social-icons wd-tltp wd-tltp-top\">\n\t\t\t\t\t\t\t<div class=\"wd-tooltip-label\">\n\t\t\t\t\t\t\t\t\n\t\t\t<div class=\" wd-social-icons icons-design-default icons-size-small color-scheme-light social-share social-form-circle text-center\">\n\n\t\t\t\t\n\t\t\t\t\t\t\t\t\t<a rel=\"noopener noreferrer nofollow\" href=\"https:\/\/www.facebook.com\/sharer\/sharer.php?u=https:\/\/comvenezuela.com\/las-conclusiones-del-encuentro-entre-petro-y-maduro-en-venezuela\/\" target=\"_blank\" class=\" wd-social-icon social-facebook\" aria-label=\"Enlace social Facebook\">\n\t\t\t\t\t\t<span class=\"wd-icon\"><\/span>\n\t\t\t\t\t\t\t\t\t\t\t<\/a>\n\t\t\t\t\n\t\t\t\t\t\t\t\t\t<a rel=\"noopener noreferrer nofollow\" href=\"https:\/\/x.com\/share?url=https:\/\/comvenezuela.com\/las-conclusiones-del-encuentro-entre-petro-y-maduro-en-venezuela\/\" target=\"_blank\" class=\" wd-social-icon social-twitter\" aria-label=\"Enlace de la red social X\">\n\t\t\t\t\t\t<span class=\"wd-icon\"><\/span>\n\t\t\t\t\t\t\t\t\t\t\t<\/a>\n\t\t\t\t\n\t\t\t\t\n\t\t\t\t\n\t\t\t\t\n\t\t\t\t\t\t\t\t\t<a rel=\"noopener noreferrer nofollow\" href=\"https:\/\/pinterest.com\/pin\/create\/button\/?url=https:\/\/comvenezuela.com\/las-conclusiones-del-encuentro-entre-petro-y-maduro-en-venezuela\/&media=https:\/\/comvenezuela.com\/wp-content\/uploads\/2024\/01\/12-comvenezuela.jpg&description=Las+conclusiones+del+encuentro+entre+Petro+y+Maduro+en+Venezuela\" target=\"_blank\" class=\" wd-social-icon social-pinterest\" aria-label=\"Enlace social Pinterest\">\n\t\t\t\t\t\t<span class=\"wd-icon\"><\/span>\n\t\t\t\t\t\t\t\t\t\t\t<\/a>\n\t\t\t\t\n\t\t\t\t\n\t\t\t\t\t\t\t\t\t<a rel=\"noopener noreferrer nofollow\" href=\"https:\/\/www.linkedin.com\/shareArticle?mini=true&url=https:\/\/comvenezuela.com\/las-conclusiones-del-encuentro-entre-petro-y-maduro-en-venezuela\/\" target=\"_blank\" class=\" wd-social-icon social-linkedin\" aria-label=\"Enlace social Linkedin\">\n\t\t\t\t\t\t<span class=\"wd-icon\"><\/span>\n\t\t\t\t\t\t\t\t\t\t\t<\/a>\n\t\t\t\t\n\t\t\t\t\n\t\t\t\t\n\t\t\t\t\n\t\t\t\t\n\t\t\t\t\n\t\t\t\t\n\t\t\t\t\n\t\t\t\t\n\t\t\t\t\n\t\t\t\t\t\t\t\t\n\t\t\t\t\t\t\t\t\n\t\t\t\t\n\t\t\t\t\n\t\t\t\t\t\t\t\t\t<a rel=\"noopener noreferrer nofollow\" href=\"https:\/\/telegram.me\/share\/url?url=https:\/\/comvenezuela.com\/las-conclusiones-del-encuentro-entre-petro-y-maduro-en-venezuela\/\" target=\"_blank\" class=\" wd-social-icon social-tg\" aria-label=\"Enlace social Telegram\">\n\t\t\t\t\t\t<span class=\"wd-icon\"><\/span>\n\t\t\t\t\t\t\t\t\t\t\t<\/a>\n\t\t\t\t\t\t\t\t\n\t\t\t\t\n\t\t\t<\/div>\n\n\t\t\t\t\t\t\t\t\t<\/div>\n\t\t\t\t\t\t<\/div>\n\t\t\t\t\t\t\t\t\t\t\t\t\n\t\t\t\t\t\t\t\n\t\t\t\t                    <div class=\"entry-content wd-entry-content\">\n\t\t\t\t\t\tPor: EFE\nFecha: 23 de marzo\nSi hay una materia que fluye en la pol\u00edtica exterior de este Gobierno es la relaci\u00f3n con Venezuela. En la t...\n\t\t\t\t\t\t\t\t\t\t\t<\/div><!-- .entry-content -->\n\t\t\t\t\n\t\t\t\t\t\t\t\t\t\t\t\t\t\t<p class=\"read-more-section\">\n\t\t\t\t\t\t<a class=\"btn-read-more more-link\" href=\"https:\/\/comvenezuela.com\/las-conclusiones-del-encuentro-entre-petro-y-maduro-en-venezuela\/\">Continuar leyendo<\/a>\t\t\t\t\t<\/p>\n\t\t\t\t\t\t\t\t\t\t\t\n\t\t\t\n\t\t\t\t\t<\/div>\n\t<\/div>\n<\/article><!-- #post -->\n\n\n\t\t\t\t\t\n\t\t\t\t\t","status":"no-more-posts","nextPage":"?woo_ajax=1","currentPage":"https:\/\/comvenezuela.com\/category\/actualidad-binacional\/page\/6"}