
			
				

					
				

			
		{"items":"\n\t\t\t\t\t\t\t\t\t\t\t\n<article id=\"post-19005\" class=\"wd-post blog-design-masonry blog-post-loop blog-style-bg wd-add-shadow wd-col post-19005 post type-post status-publish format-standard has-post-thumbnail hentry category-boletines\">\n\t<div class=\"article-inner\">\n\t\t\t\t\t<header class=\"entry-header\">\n\t\t\t\t\t\t\t\t\t<figure id=\"carousel-877\" class=\"entry-thumbnail\">\n\t\t\t\t\t\t\n\t\t\t\t\t\t\t<div class=\"post-img-wrapp\">\n\t\t\t\t\t\t\t\t<a href=\"https:\/\/comvenezuela.com\/camara-colombo-venezolana-celebra-tres-anos-de-exito-de-oficina-regional-impulso-al-comercio-binacional-y-desarrollo-fronterizo\/\">\n\t\t\t\t\t\t\t\t\t<img width=\"600\" height=\"299\" src=\"https:\/\/comvenezuela.com\/wp-content\/uploads\/2024\/07\/\u00a8\u00a1.png\" class=\"attachment-large size-large\" alt=\"\" decoding=\"async\" srcset=\"https:\/\/comvenezuela.com\/wp-content\/uploads\/2024\/07\/\u00a8\u00a1.png 600w, https:\/\/comvenezuela.com\/wp-content\/uploads\/2024\/07\/\u00a8\u00a1-400x199.png 400w\" sizes=\"(max-width: 600px) 100vw, 600px\" \/>\t\t\t\t\t\t\t\t<\/a>\n\t\t\t\t\t\t\t<\/div>\n\t\t\t\t\t\t\t<div class=\"post-image-mask\">\n\t\t\t\t\t\t\t\t<span><\/span>\n\t\t\t\t\t\t\t<\/div>\n\n\t\t\t\t\t\t\n\t\t\t\t\t<\/figure>\n\t\t\t\t\n\t\t\t\t\t\t\t\t\t\t\t\t<div class=\"post-date wd-post-date wd-style-with-bg\">\n\t\t\t\t<span class=\"post-date-day\">\n\t\t\t\t\t12\t\t\t\t<\/span>\n\t\t\t\t<span class=\"post-date-month\">\n\t\t\t\t\tJul\t\t\t\t<\/span>\n\t\t\t<\/div>\n\t\t\t\t\t\t\n\t\t\t<\/header><!-- .entry-header -->\n\n\t\t<div class=\"article-body-container\">\n\t\t\t\n\t\t\t\t\t\t\t\t\t<div class=\"meta-categories-wrapp\"><div class=\"meta-post-categories wd-post-cat wd-style-with-bg\"><a href=\"https:\/\/comvenezuela.com\/category\/boletines\/\" rel=\"category tag\">Boletines<\/a><\/div><\/div>\n\t\t\t\t\n\t\t\t\t\t\t\t\t\t<h3 class=\"wd-entities-title title post-title\">\n\t\t\t\t\t\t<a href=\"https:\/\/comvenezuela.com\/camara-colombo-venezolana-celebra-tres-anos-de-exito-de-oficina-regional-impulso-al-comercio-binacional-y-desarrollo-fronterizo\/\" rel=\"bookmark\">C\u00e1mara Colombo Venezolana celebra tres a\u00f1os de \u00e9xito de Oficina Regional: Impulso al comercio binacional y desarrollo fronterizo<\/a>\n\t\t\t\t\t<\/h3>\n\t\t\t\t\n\t\t\t\t\t\t\t\t\t<div class=\"entry-meta wd-entry-meta\">\n\t\t\t\t\t\t\t\t\t<ul class=\"entry-meta-list\">\n\t\t\t\t\t\t\t\t\t<li class=\"modified-date\">\n\t\t\t\t\t\t\t\t<time class=\"updated\" datetime=\"2024-09-25T15:42:45-05:00\">\n\t\t\t25 de septiembre de 2024\t\t<\/time>\n\t\t\t\t\t\t\t<\/li>\n\n\t\t\t\t\t\n\t\t\t\t\t\t\t\t\t\t\t<li class=\"meta-author\">\n\t\t\t\t\t\t\t\t\t\t\t\t<span>Por<\/span>\n\t\t\n\t\t\t\t\t<img alt='author-avatar' src='https:\/\/comvenezuela.com\/wp-content\/uploads\/2024\/03\/06-comvenezuela-300x300.png' srcset='https:\/\/comvenezuela.com\/wp-content\/uploads\/2024\/03\/06-comvenezuela-300x300.png 300w, https:\/\/comvenezuela.com\/wp-content\/uploads\/2024\/03\/06-comvenezuela-430x430.png 430w, https:\/\/comvenezuela.com\/wp-content\/uploads\/2024\/03\/06-comvenezuela-150x150.png 150w, https:\/\/comvenezuela.com\/wp-content\/uploads\/2024\/03\/06-comvenezuela.png 512w' class='avatar avatar-32 photo' height='32' width='32' decoding='async'\/>\t\t\n\t\t<a href=\"https:\/\/comvenezuela.com\/author\/nueva-comvenezuela-com\/\" rel=\"author\">\n\t\t\t<span class=\"vcard author author_name\">\n\t\t\t\t<span class=\"fn\">Comvenezuela<\/span>\n\t\t\t<\/span>\n\t\t<\/a>\n\t\t\t\t\t\t\t\t<\/li>\n\t\t\t\t\t\n\t\t\t\t\t\n\t\t\t\t\t\t\t\t\t\t\t\t<\/ul>\n\t\t\t\t\t\t\t<\/div><!-- .entry-meta -->\n\t\t\t\t\t\t\t\t\t\t\t<div class=\"hovered-social-icons wd-tltp wd-tltp-top\">\n\t\t\t\t\t\t\t<div class=\"wd-tooltip-label\">\n\t\t\t\t\t\t\t\t\t\t\t<link rel=\"stylesheet\" id=\"wd-social-icons-css\" href=\"https:\/\/comvenezuela.com\/wp-content\/themes\/woodmart\/css\/parts\/el-social-icons.min.css?ver=7.5.1\" type=\"text\/css\" media=\"all\" \/> \t\t\t\n\t\t\t<div class=\" wd-social-icons icons-design-default icons-size-small color-scheme-light social-share social-form-circle text-center\">\n\n\t\t\t\t\n\t\t\t\t\t\t\t\t\t<a rel=\"noopener noreferrer nofollow\" href=\"https:\/\/www.facebook.com\/sharer\/sharer.php?u=https:\/\/comvenezuela.com\/camara-colombo-venezolana-celebra-tres-anos-de-exito-de-oficina-regional-impulso-al-comercio-binacional-y-desarrollo-fronterizo\/\" target=\"_blank\" class=\" wd-social-icon social-facebook\" aria-label=\"Enlace social Facebook\">\n\t\t\t\t\t\t<span class=\"wd-icon\"><\/span>\n\t\t\t\t\t\t\t\t\t\t\t<\/a>\n\t\t\t\t\n\t\t\t\t\t\t\t\t\t<a rel=\"noopener noreferrer nofollow\" href=\"https:\/\/x.com\/share?url=https:\/\/comvenezuela.com\/camara-colombo-venezolana-celebra-tres-anos-de-exito-de-oficina-regional-impulso-al-comercio-binacional-y-desarrollo-fronterizo\/\" target=\"_blank\" class=\" wd-social-icon social-twitter\" aria-label=\"Enlace de la red social X\">\n\t\t\t\t\t\t<span class=\"wd-icon\"><\/span>\n\t\t\t\t\t\t\t\t\t\t\t<\/a>\n\t\t\t\t\n\t\t\t\t\n\t\t\t\t\n\t\t\t\t\n\t\t\t\t\t\t\t\t\t<a rel=\"noopener noreferrer nofollow\" href=\"https:\/\/pinterest.com\/pin\/create\/button\/?url=https:\/\/comvenezuela.com\/camara-colombo-venezolana-celebra-tres-anos-de-exito-de-oficina-regional-impulso-al-comercio-binacional-y-desarrollo-fronterizo\/&media=https:\/\/comvenezuela.com\/wp-content\/uploads\/2024\/07\/\u00a8\u00a1.png&description=C%C3%A1mara+Colombo+Venezolana+celebra+tres+a%C3%B1os+de+%C3%A9xito+de+Oficina+Regional%3A+Impulso+al+comercio+binacional+y+desarrollo+fronterizo\" target=\"_blank\" class=\" wd-social-icon social-pinterest\" aria-label=\"Enlace social Pinterest\">\n\t\t\t\t\t\t<span class=\"wd-icon\"><\/span>\n\t\t\t\t\t\t\t\t\t\t\t<\/a>\n\t\t\t\t\n\t\t\t\t\n\t\t\t\t\t\t\t\t\t<a rel=\"noopener noreferrer nofollow\" href=\"https:\/\/www.linkedin.com\/shareArticle?mini=true&url=https:\/\/comvenezuela.com\/camara-colombo-venezolana-celebra-tres-anos-de-exito-de-oficina-regional-impulso-al-comercio-binacional-y-desarrollo-fronterizo\/\" target=\"_blank\" class=\" wd-social-icon social-linkedin\" aria-label=\"Enlace social Linkedin\">\n\t\t\t\t\t\t<span class=\"wd-icon\"><\/span>\n\t\t\t\t\t\t\t\t\t\t\t<\/a>\n\t\t\t\t\n\t\t\t\t\n\t\t\t\t\n\t\t\t\t\n\t\t\t\t\n\t\t\t\t\n\t\t\t\t\n\t\t\t\t\n\t\t\t\t\n\t\t\t\t\n\t\t\t\t\t\t\t\t\n\t\t\t\t\t\t\t\t\n\t\t\t\t\n\t\t\t\t\n\t\t\t\t\t\t\t\t\t<a rel=\"noopener noreferrer nofollow\" href=\"https:\/\/telegram.me\/share\/url?url=https:\/\/comvenezuela.com\/camara-colombo-venezolana-celebra-tres-anos-de-exito-de-oficina-regional-impulso-al-comercio-binacional-y-desarrollo-fronterizo\/\" target=\"_blank\" class=\" wd-social-icon social-tg\" aria-label=\"Enlace social Telegram\">\n\t\t\t\t\t\t<span class=\"wd-icon\"><\/span>\n\t\t\t\t\t\t\t\t\t\t\t<\/a>\n\t\t\t\t\t\t\t\t\n\t\t\t\t\n\t\t\t<\/div>\n\n\t\t\t\t\t\t\t\t\t<\/div>\n\t\t\t\t\t\t<\/div>\n\t\t\t\t\t\t\t\t\t\t\t\t\n\t\t\t\t\t\t\t\n\t\t\t\t                    <div class=\"entry-content wd-entry-content\">\n\t\t\t\t\t\t\n-\u00a0Entre sus logros destacan la participaci\u00f3n en los Acuerdos de la Frontera, la contribuci\u00f3n a la reapertura de p...\n\t\t\t\t\t\t\t\t\t\t\t<\/div><!-- .entry-content -->\n\t\t\t\t\n\t\t\t\t\t\t\t\t\t\t\t\t\t\t<p class=\"read-more-section\">\n\t\t\t\t\t\t<a class=\"btn-read-more more-link\" href=\"https:\/\/comvenezuela.com\/camara-colombo-venezolana-celebra-tres-anos-de-exito-de-oficina-regional-impulso-al-comercio-binacional-y-desarrollo-fronterizo\/\">Continuar leyendo<\/a>\t\t\t\t\t<\/p>\n\t\t\t\t\t\t\t\t\t\t\t\n\t\t\t\n\t\t\t\t\t<\/div>\n\t<\/div>\n<\/article><!-- #post -->\n\n\n\t\t\t\t\t\t\t\t\t\t\t\n<article id=\"post-18947\" class=\"wd-post blog-design-masonry blog-post-loop blog-style-bg wd-add-shadow wd-col post-18947 post type-post status-publish format-standard has-post-thumbnail hentry category-boletines\">\n\t<div class=\"article-inner\">\n\t\t\t\t\t<header class=\"entry-header\">\n\t\t\t\t\t\t\t\t\t<figure id=\"carousel-531\" class=\"entry-thumbnail\">\n\t\t\t\t\t\t\n\t\t\t\t\t\t\t<div class=\"post-img-wrapp\">\n\t\t\t\t\t\t\t\t<a href=\"https:\/\/comvenezuela.com\/camara-colombo-venezolana-y-universidad-eafit-unen-esfuerzos-para-impulsar-el-comercio-binacional\/\">\n\t\t\t\t\t\t\t\t\t<img width=\"600\" height=\"299\" src=\"https:\/\/comvenezuela.com\/wp-content\/uploads\/2024\/06\/Sin-titulo1.png\" class=\"attachment-large size-large\" alt=\"\" decoding=\"async\" srcset=\"https:\/\/comvenezuela.com\/wp-content\/uploads\/2024\/06\/Sin-titulo1.png 600w, https:\/\/comvenezuela.com\/wp-content\/uploads\/2024\/06\/Sin-titulo1-400x199.png 400w\" sizes=\"(max-width: 600px) 100vw, 600px\" \/>\t\t\t\t\t\t\t\t<\/a>\n\t\t\t\t\t\t\t<\/div>\n\t\t\t\t\t\t\t<div class=\"post-image-mask\">\n\t\t\t\t\t\t\t\t<span><\/span>\n\t\t\t\t\t\t\t<\/div>\n\n\t\t\t\t\t\t\n\t\t\t\t\t<\/figure>\n\t\t\t\t\n\t\t\t\t\t\t\t\t\t\t\t\t<div class=\"post-date wd-post-date wd-style-with-bg\">\n\t\t\t\t<span class=\"post-date-day\">\n\t\t\t\t\t27\t\t\t\t<\/span>\n\t\t\t\t<span class=\"post-date-month\">\n\t\t\t\t\tJun\t\t\t\t<\/span>\n\t\t\t<\/div>\n\t\t\t\t\t\t\n\t\t\t<\/header><!-- .entry-header -->\n\n\t\t<div class=\"article-body-container\">\n\t\t\t\n\t\t\t\t\t\t\t\t\t<div class=\"meta-categories-wrapp\"><div class=\"meta-post-categories wd-post-cat wd-style-with-bg\"><a href=\"https:\/\/comvenezuela.com\/category\/boletines\/\" rel=\"category tag\">Boletines<\/a><\/div><\/div>\n\t\t\t\t\n\t\t\t\t\t\t\t\t\t<h3 class=\"wd-entities-title title post-title\">\n\t\t\t\t\t\t<a href=\"https:\/\/comvenezuela.com\/camara-colombo-venezolana-y-universidad-eafit-unen-esfuerzos-para-impulsar-el-comercio-binacional\/\" rel=\"bookmark\">C\u00e1mara\u00a0Colombo\u00a0Venezolana y universidad EAFIT unen esfuerzos para impulsar el comercio binacional<\/a>\n\t\t\t\t\t<\/h3>\n\t\t\t\t\n\t\t\t\t\t\t\t\t\t<div class=\"entry-meta wd-entry-meta\">\n\t\t\t\t\t\t\t\t\t<ul class=\"entry-meta-list\">\n\t\t\t\t\t\t\t\t\t<li class=\"modified-date\">\n\t\t\t\t\t\t\t\t<time class=\"updated\" datetime=\"2024-09-25T15:39:59-05:00\">\n\t\t\t25 de septiembre de 2024\t\t<\/time>\n\t\t\t\t\t\t\t<\/li>\n\n\t\t\t\t\t\n\t\t\t\t\t\t\t\t\t\t\t<li class=\"meta-author\">\n\t\t\t\t\t\t\t\t\t\t\t\t<span>Por<\/span>\n\t\t\n\t\t\t\t\t<img alt='author-avatar' src='https:\/\/comvenezuela.com\/wp-content\/uploads\/2024\/03\/06-comvenezuela-300x300.png' srcset='https:\/\/comvenezuela.com\/wp-content\/uploads\/2024\/03\/06-comvenezuela-300x300.png 300w, https:\/\/comvenezuela.com\/wp-content\/uploads\/2024\/03\/06-comvenezuela-430x430.png 430w, https:\/\/comvenezuela.com\/wp-content\/uploads\/2024\/03\/06-comvenezuela-150x150.png 150w, https:\/\/comvenezuela.com\/wp-content\/uploads\/2024\/03\/06-comvenezuela.png 512w' class='avatar avatar-32 photo' height='32' width='32' decoding='async'\/>\t\t\n\t\t<a href=\"https:\/\/comvenezuela.com\/author\/nueva-comvenezuela-com\/\" rel=\"author\">\n\t\t\t<span class=\"vcard author author_name\">\n\t\t\t\t<span class=\"fn\">Comvenezuela<\/span>\n\t\t\t<\/span>\n\t\t<\/a>\n\t\t\t\t\t\t\t\t<\/li>\n\t\t\t\t\t\n\t\t\t\t\t\n\t\t\t\t\t\t\t\t\t\t\t\t<\/ul>\n\t\t\t\t\t\t\t<\/div><!-- .entry-meta -->\n\t\t\t\t\t\t\t\t\t\t\t<div class=\"hovered-social-icons wd-tltp wd-tltp-top\">\n\t\t\t\t\t\t\t<div class=\"wd-tooltip-label\">\n\t\t\t\t\t\t\t\t\n\t\t\t<div class=\" wd-social-icons icons-design-default icons-size-small color-scheme-light social-share social-form-circle text-center\">\n\n\t\t\t\t\n\t\t\t\t\t\t\t\t\t<a rel=\"noopener noreferrer nofollow\" href=\"https:\/\/www.facebook.com\/sharer\/sharer.php?u=https:\/\/comvenezuela.com\/camara-colombo-venezolana-y-universidad-eafit-unen-esfuerzos-para-impulsar-el-comercio-binacional\/\" target=\"_blank\" class=\" wd-social-icon social-facebook\" aria-label=\"Enlace social Facebook\">\n\t\t\t\t\t\t<span class=\"wd-icon\"><\/span>\n\t\t\t\t\t\t\t\t\t\t\t<\/a>\n\t\t\t\t\n\t\t\t\t\t\t\t\t\t<a rel=\"noopener noreferrer nofollow\" href=\"https:\/\/x.com\/share?url=https:\/\/comvenezuela.com\/camara-colombo-venezolana-y-universidad-eafit-unen-esfuerzos-para-impulsar-el-comercio-binacional\/\" target=\"_blank\" class=\" wd-social-icon social-twitter\" aria-label=\"Enlace de la red social X\">\n\t\t\t\t\t\t<span class=\"wd-icon\"><\/span>\n\t\t\t\t\t\t\t\t\t\t\t<\/a>\n\t\t\t\t\n\t\t\t\t\n\t\t\t\t\n\t\t\t\t\n\t\t\t\t\t\t\t\t\t<a rel=\"noopener noreferrer nofollow\" href=\"https:\/\/pinterest.com\/pin\/create\/button\/?url=https:\/\/comvenezuela.com\/camara-colombo-venezolana-y-universidad-eafit-unen-esfuerzos-para-impulsar-el-comercio-binacional\/&media=https:\/\/comvenezuela.com\/wp-content\/uploads\/2024\/06\/Sin-titulo1.png&description=C%C3%A1mara%C2%A0Colombo%C2%A0Venezolana+y+universidad+EAFIT+unen+esfuerzos+para+impulsar+el+comercio+binacional\" target=\"_blank\" class=\" wd-social-icon social-pinterest\" aria-label=\"Enlace social Pinterest\">\n\t\t\t\t\t\t<span class=\"wd-icon\"><\/span>\n\t\t\t\t\t\t\t\t\t\t\t<\/a>\n\t\t\t\t\n\t\t\t\t\n\t\t\t\t\t\t\t\t\t<a rel=\"noopener noreferrer nofollow\" href=\"https:\/\/www.linkedin.com\/shareArticle?mini=true&url=https:\/\/comvenezuela.com\/camara-colombo-venezolana-y-universidad-eafit-unen-esfuerzos-para-impulsar-el-comercio-binacional\/\" target=\"_blank\" class=\" wd-social-icon social-linkedin\" aria-label=\"Enlace social Linkedin\">\n\t\t\t\t\t\t<span class=\"wd-icon\"><\/span>\n\t\t\t\t\t\t\t\t\t\t\t<\/a>\n\t\t\t\t\n\t\t\t\t\n\t\t\t\t\n\t\t\t\t\n\t\t\t\t\n\t\t\t\t\n\t\t\t\t\n\t\t\t\t\n\t\t\t\t\n\t\t\t\t\n\t\t\t\t\t\t\t\t\n\t\t\t\t\t\t\t\t\n\t\t\t\t\n\t\t\t\t\n\t\t\t\t\t\t\t\t\t<a rel=\"noopener noreferrer nofollow\" href=\"https:\/\/telegram.me\/share\/url?url=https:\/\/comvenezuela.com\/camara-colombo-venezolana-y-universidad-eafit-unen-esfuerzos-para-impulsar-el-comercio-binacional\/\" target=\"_blank\" class=\" wd-social-icon social-tg\" aria-label=\"Enlace social Telegram\">\n\t\t\t\t\t\t<span class=\"wd-icon\"><\/span>\n\t\t\t\t\t\t\t\t\t\t\t<\/a>\n\t\t\t\t\t\t\t\t\n\t\t\t\t\n\t\t\t<\/div>\n\n\t\t\t\t\t\t\t\t\t<\/div>\n\t\t\t\t\t\t<\/div>\n\t\t\t\t\t\t\t\t\t\t\t\t\n\t\t\t\t\t\t\t\n\t\t\t\t                    <div class=\"entry-content wd-entry-content\">\n\t\t\t\t\t\t\n-&nbsp;Lanzan programa \"Alta Gerencia para la Reactivaci\u00f3n del Mercado de Venezuela\" para capacitar empresarios c...\n\t\t\t\t\t\t\t\t\t\t\t<\/div><!-- .entry-content -->\n\t\t\t\t\n\t\t\t\t\t\t\t\t\t\t\t\t\t\t<p class=\"read-more-section\">\n\t\t\t\t\t\t<a class=\"btn-read-more more-link\" href=\"https:\/\/comvenezuela.com\/camara-colombo-venezolana-y-universidad-eafit-unen-esfuerzos-para-impulsar-el-comercio-binacional\/\">Continuar leyendo<\/a>\t\t\t\t\t<\/p>\n\t\t\t\t\t\t\t\t\t\t\t\n\t\t\t\n\t\t\t\t\t<\/div>\n\t<\/div>\n<\/article><!-- #post -->\n\n\n\t\t\t\t\t\t\t\t\t\t\t\n<article id=\"post-18945\" class=\"wd-post blog-design-masonry blog-post-loop blog-style-bg wd-add-shadow wd-col post-18945 post type-post status-publish format-standard has-post-thumbnail hentry category-boletines\">\n\t<div class=\"article-inner\">\n\t\t\t\t\t<header class=\"entry-header\">\n\t\t\t\t\t\t\t\t\t<figure id=\"carousel-246\" class=\"entry-thumbnail\">\n\t\t\t\t\t\t\n\t\t\t\t\t\t\t<div class=\"post-img-wrapp\">\n\t\t\t\t\t\t\t\t<a href=\"https:\/\/comvenezuela.com\/camara-colombo-venezolana-destaca-incremento-del-intercambio-comercial-bilateral-facilitado-por-la-reapertura-de-puentes-internacionales\/\">\n\t\t\t\t\t\t\t\t\t<img width=\"600\" height=\"299\" src=\"https:\/\/comvenezuela.com\/wp-content\/uploads\/2024\/06\/Ven.png\" class=\"attachment-large size-large\" alt=\"\" decoding=\"async\" srcset=\"https:\/\/comvenezuela.com\/wp-content\/uploads\/2024\/06\/Ven.png 600w, https:\/\/comvenezuela.com\/wp-content\/uploads\/2024\/06\/Ven-400x199.png 400w\" sizes=\"(max-width: 600px) 100vw, 600px\" \/>\t\t\t\t\t\t\t\t<\/a>\n\t\t\t\t\t\t\t<\/div>\n\t\t\t\t\t\t\t<div class=\"post-image-mask\">\n\t\t\t\t\t\t\t\t<span><\/span>\n\t\t\t\t\t\t\t<\/div>\n\n\t\t\t\t\t\t\n\t\t\t\t\t<\/figure>\n\t\t\t\t\n\t\t\t\t\t\t\t\t\t\t\t\t<div class=\"post-date wd-post-date wd-style-with-bg\">\n\t\t\t\t<span class=\"post-date-day\">\n\t\t\t\t\t27\t\t\t\t<\/span>\n\t\t\t\t<span class=\"post-date-month\">\n\t\t\t\t\tJun\t\t\t\t<\/span>\n\t\t\t<\/div>\n\t\t\t\t\t\t\n\t\t\t<\/header><!-- .entry-header -->\n\n\t\t<div class=\"article-body-container\">\n\t\t\t\n\t\t\t\t\t\t\t\t\t<div class=\"meta-categories-wrapp\"><div class=\"meta-post-categories wd-post-cat wd-style-with-bg\"><a href=\"https:\/\/comvenezuela.com\/category\/boletines\/\" rel=\"category tag\">Boletines<\/a><\/div><\/div>\n\t\t\t\t\n\t\t\t\t\t\t\t\t\t<h3 class=\"wd-entities-title title post-title\">\n\t\t\t\t\t\t<a href=\"https:\/\/comvenezuela.com\/camara-colombo-venezolana-destaca-incremento-del-intercambio-comercial-bilateral-facilitado-por-la-reapertura-de-puentes-internacionales\/\" rel=\"bookmark\">C\u00e1mara Colombo Venezolana destaca incremento del intercambio comercial bilateral, facilitado por la reapertura de puentes internacionales<\/a>\n\t\t\t\t\t<\/h3>\n\t\t\t\t\n\t\t\t\t\t\t\t\t\t<div class=\"entry-meta wd-entry-meta\">\n\t\t\t\t\t\t\t\t\t<ul class=\"entry-meta-list\">\n\t\t\t\t\t\t\t\t\t<li class=\"modified-date\">\n\t\t\t\t\t\t\t\t<time class=\"updated\" datetime=\"2024-09-25T15:54:54-05:00\">\n\t\t\t25 de septiembre de 2024\t\t<\/time>\n\t\t\t\t\t\t\t<\/li>\n\n\t\t\t\t\t\n\t\t\t\t\t\t\t\t\t\t\t<li class=\"meta-author\">\n\t\t\t\t\t\t\t\t\t\t\t\t<span>Por<\/span>\n\t\t\n\t\t\t\t\t<img alt='author-avatar' src='https:\/\/comvenezuela.com\/wp-content\/uploads\/2024\/03\/06-comvenezuela-300x300.png' srcset='https:\/\/comvenezuela.com\/wp-content\/uploads\/2024\/03\/06-comvenezuela-300x300.png 300w, https:\/\/comvenezuela.com\/wp-content\/uploads\/2024\/03\/06-comvenezuela-430x430.png 430w, https:\/\/comvenezuela.com\/wp-content\/uploads\/2024\/03\/06-comvenezuela-150x150.png 150w, https:\/\/comvenezuela.com\/wp-content\/uploads\/2024\/03\/06-comvenezuela.png 512w' class='avatar avatar-32 photo' height='32' width='32' decoding='async'\/>\t\t\n\t\t<a href=\"https:\/\/comvenezuela.com\/author\/nueva-comvenezuela-com\/\" rel=\"author\">\n\t\t\t<span class=\"vcard author author_name\">\n\t\t\t\t<span class=\"fn\">Comvenezuela<\/span>\n\t\t\t<\/span>\n\t\t<\/a>\n\t\t\t\t\t\t\t\t<\/li>\n\t\t\t\t\t\n\t\t\t\t\t\n\t\t\t\t\t\t\t\t\t\t\t\t<\/ul>\n\t\t\t\t\t\t\t<\/div><!-- .entry-meta -->\n\t\t\t\t\t\t\t\t\t\t\t<div class=\"hovered-social-icons wd-tltp wd-tltp-top\">\n\t\t\t\t\t\t\t<div class=\"wd-tooltip-label\">\n\t\t\t\t\t\t\t\t\n\t\t\t<div class=\" wd-social-icons icons-design-default icons-size-small color-scheme-light social-share social-form-circle text-center\">\n\n\t\t\t\t\n\t\t\t\t\t\t\t\t\t<a rel=\"noopener noreferrer nofollow\" href=\"https:\/\/www.facebook.com\/sharer\/sharer.php?u=https:\/\/comvenezuela.com\/camara-colombo-venezolana-destaca-incremento-del-intercambio-comercial-bilateral-facilitado-por-la-reapertura-de-puentes-internacionales\/\" target=\"_blank\" class=\" wd-social-icon social-facebook\" aria-label=\"Enlace social Facebook\">\n\t\t\t\t\t\t<span class=\"wd-icon\"><\/span>\n\t\t\t\t\t\t\t\t\t\t\t<\/a>\n\t\t\t\t\n\t\t\t\t\t\t\t\t\t<a rel=\"noopener noreferrer nofollow\" href=\"https:\/\/x.com\/share?url=https:\/\/comvenezuela.com\/camara-colombo-venezolana-destaca-incremento-del-intercambio-comercial-bilateral-facilitado-por-la-reapertura-de-puentes-internacionales\/\" target=\"_blank\" class=\" wd-social-icon social-twitter\" aria-label=\"Enlace de la red social X\">\n\t\t\t\t\t\t<span class=\"wd-icon\"><\/span>\n\t\t\t\t\t\t\t\t\t\t\t<\/a>\n\t\t\t\t\n\t\t\t\t\n\t\t\t\t\n\t\t\t\t\n\t\t\t\t\t\t\t\t\t<a rel=\"noopener noreferrer nofollow\" href=\"https:\/\/pinterest.com\/pin\/create\/button\/?url=https:\/\/comvenezuela.com\/camara-colombo-venezolana-destaca-incremento-del-intercambio-comercial-bilateral-facilitado-por-la-reapertura-de-puentes-internacionales\/&media=https:\/\/comvenezuela.com\/wp-content\/uploads\/2024\/06\/Ven.png&description=C%C3%A1mara+Colombo+Venezolana+destaca+incremento+del+intercambio+comercial+bilateral%2C+facilitado+por+la+reapertura+de+puentes+internacionales\" target=\"_blank\" class=\" wd-social-icon social-pinterest\" aria-label=\"Enlace social Pinterest\">\n\t\t\t\t\t\t<span class=\"wd-icon\"><\/span>\n\t\t\t\t\t\t\t\t\t\t\t<\/a>\n\t\t\t\t\n\t\t\t\t\n\t\t\t\t\t\t\t\t\t<a rel=\"noopener noreferrer nofollow\" href=\"https:\/\/www.linkedin.com\/shareArticle?mini=true&url=https:\/\/comvenezuela.com\/camara-colombo-venezolana-destaca-incremento-del-intercambio-comercial-bilateral-facilitado-por-la-reapertura-de-puentes-internacionales\/\" target=\"_blank\" class=\" wd-social-icon social-linkedin\" aria-label=\"Enlace social Linkedin\">\n\t\t\t\t\t\t<span class=\"wd-icon\"><\/span>\n\t\t\t\t\t\t\t\t\t\t\t<\/a>\n\t\t\t\t\n\t\t\t\t\n\t\t\t\t\n\t\t\t\t\n\t\t\t\t\n\t\t\t\t\n\t\t\t\t\n\t\t\t\t\n\t\t\t\t\n\t\t\t\t\n\t\t\t\t\t\t\t\t\n\t\t\t\t\t\t\t\t\n\t\t\t\t\n\t\t\t\t\n\t\t\t\t\t\t\t\t\t<a rel=\"noopener noreferrer nofollow\" href=\"https:\/\/telegram.me\/share\/url?url=https:\/\/comvenezuela.com\/camara-colombo-venezolana-destaca-incremento-del-intercambio-comercial-bilateral-facilitado-por-la-reapertura-de-puentes-internacionales\/\" target=\"_blank\" class=\" wd-social-icon social-tg\" aria-label=\"Enlace social Telegram\">\n\t\t\t\t\t\t<span class=\"wd-icon\"><\/span>\n\t\t\t\t\t\t\t\t\t\t\t<\/a>\n\t\t\t\t\t\t\t\t\n\t\t\t\t\n\t\t\t<\/div>\n\n\t\t\t\t\t\t\t\t\t<\/div>\n\t\t\t\t\t\t<\/div>\n\t\t\t\t\t\t\t\t\t\t\t\t\n\t\t\t\t\t\t\t\n\t\t\t\t                    <div class=\"entry-content wd-entry-content\">\n\t\t\t\t\t\t\nEl puente Atanasio Girardot, tambi\u00e9n conocido como Tienditas, une a C\u00facuta con El Palotal y se ha convertido en e...\n\t\t\t\t\t\t\t\t\t\t\t<\/div><!-- .entry-content -->\n\t\t\t\t\n\t\t\t\t\t\t\t\t\t\t\t\t\t\t<p class=\"read-more-section\">\n\t\t\t\t\t\t<a class=\"btn-read-more more-link\" href=\"https:\/\/comvenezuela.com\/camara-colombo-venezolana-destaca-incremento-del-intercambio-comercial-bilateral-facilitado-por-la-reapertura-de-puentes-internacionales\/\">Continuar leyendo<\/a>\t\t\t\t\t<\/p>\n\t\t\t\t\t\t\t\t\t\t\t\n\t\t\t\n\t\t\t\t\t<\/div>\n\t<\/div>\n<\/article><!-- #post -->\n\n\n\t\t\t\t\t\t\t\t\t\t\t\n<article id=\"post-17912\" class=\"wd-post blog-design-masonry blog-post-loop blog-style-bg wd-add-shadow wd-col post-17912 post type-post status-publish format-standard has-post-thumbnail hentry category-boletines\">\n\t<div class=\"article-inner\">\n\t\t\t\t\t<header class=\"entry-header\">\n\t\t\t\t\t\t\t\t\t<figure id=\"carousel-793\" class=\"entry-thumbnail\">\n\t\t\t\t\t\t\n\t\t\t\t\t\t\t<div class=\"post-img-wrapp\">\n\t\t\t\t\t\t\t\t<a href=\"https:\/\/comvenezuela.com\/camara-colombo-venezolana-anuncia-un-nuevo-servicio-de-compliance\/\">\n\t\t\t\t\t\t\t\t\t<img width=\"600\" height=\"299\" src=\"https:\/\/comvenezuela.com\/wp-content\/uploads\/2024\/04\/Acolcex.png\" class=\"attachment-large size-large\" alt=\"\" decoding=\"async\" srcset=\"https:\/\/comvenezuela.com\/wp-content\/uploads\/2024\/04\/Acolcex.png 600w, https:\/\/comvenezuela.com\/wp-content\/uploads\/2024\/04\/Acolcex-400x199.png 400w\" sizes=\"(max-width: 600px) 100vw, 600px\" \/>\t\t\t\t\t\t\t\t<\/a>\n\t\t\t\t\t\t\t<\/div>\n\t\t\t\t\t\t\t<div class=\"post-image-mask\">\n\t\t\t\t\t\t\t\t<span><\/span>\n\t\t\t\t\t\t\t<\/div>\n\n\t\t\t\t\t\t\n\t\t\t\t\t<\/figure>\n\t\t\t\t\n\t\t\t\t\t\t\t\t\t\t\t\t<div class=\"post-date wd-post-date wd-style-with-bg\">\n\t\t\t\t<span class=\"post-date-day\">\n\t\t\t\t\t30\t\t\t\t<\/span>\n\t\t\t\t<span class=\"post-date-month\">\n\t\t\t\t\tAbr\t\t\t\t<\/span>\n\t\t\t<\/div>\n\t\t\t\t\t\t\n\t\t\t<\/header><!-- .entry-header -->\n\n\t\t<div class=\"article-body-container\">\n\t\t\t\n\t\t\t\t\t\t\t\t\t<div class=\"meta-categories-wrapp\"><div class=\"meta-post-categories wd-post-cat wd-style-with-bg\"><a href=\"https:\/\/comvenezuela.com\/category\/boletines\/\" rel=\"category tag\">Boletines<\/a><\/div><\/div>\n\t\t\t\t\n\t\t\t\t\t\t\t\t\t<h3 class=\"wd-entities-title title post-title\">\n\t\t\t\t\t\t<a href=\"https:\/\/comvenezuela.com\/camara-colombo-venezolana-anuncia-un-nuevo-servicio-de-compliance\/\" rel=\"bookmark\">C\u00e1mara Colombo Venezolana anuncia un nuevo servicio de compliance<\/a>\n\t\t\t\t\t<\/h3>\n\t\t\t\t\n\t\t\t\t\t\t\t\t\t<div class=\"entry-meta wd-entry-meta\">\n\t\t\t\t\t\t\t\t\t<ul class=\"entry-meta-list\">\n\t\t\t\t\t\t\t\t\t<li class=\"modified-date\">\n\t\t\t\t\t\t\t\t<time class=\"updated\" datetime=\"2024-09-27T09:28:33-05:00\">\n\t\t\t27 de septiembre de 2024\t\t<\/time>\n\t\t\t\t\t\t\t<\/li>\n\n\t\t\t\t\t\n\t\t\t\t\t\t\t\t\t\t\t<li class=\"meta-author\">\n\t\t\t\t\t\t\t\t\t\t\t\t<span>Por<\/span>\n\t\t\n\t\t\t\t\t<img alt='author-avatar' src='https:\/\/comvenezuela.com\/wp-content\/uploads\/2024\/03\/06-comvenezuela-300x300.png' srcset='https:\/\/comvenezuela.com\/wp-content\/uploads\/2024\/03\/06-comvenezuela-300x300.png 300w, https:\/\/comvenezuela.com\/wp-content\/uploads\/2024\/03\/06-comvenezuela-430x430.png 430w, https:\/\/comvenezuela.com\/wp-content\/uploads\/2024\/03\/06-comvenezuela-150x150.png 150w, https:\/\/comvenezuela.com\/wp-content\/uploads\/2024\/03\/06-comvenezuela.png 512w' class='avatar avatar-32 photo' height='32' width='32' decoding='async'\/>\t\t\n\t\t<a href=\"https:\/\/comvenezuela.com\/author\/nueva-comvenezuela-com\/\" rel=\"author\">\n\t\t\t<span class=\"vcard author author_name\">\n\t\t\t\t<span class=\"fn\">Comvenezuela<\/span>\n\t\t\t<\/span>\n\t\t<\/a>\n\t\t\t\t\t\t\t\t<\/li>\n\t\t\t\t\t\n\t\t\t\t\t\n\t\t\t\t\t\t\t\t\t\t\t\t<\/ul>\n\t\t\t\t\t\t\t<\/div><!-- .entry-meta -->\n\t\t\t\t\t\t\t\t\t\t\t<div class=\"hovered-social-icons wd-tltp wd-tltp-top\">\n\t\t\t\t\t\t\t<div class=\"wd-tooltip-label\">\n\t\t\t\t\t\t\t\t\n\t\t\t<div class=\" wd-social-icons icons-design-default icons-size-small color-scheme-light social-share social-form-circle text-center\">\n\n\t\t\t\t\n\t\t\t\t\t\t\t\t\t<a rel=\"noopener noreferrer nofollow\" href=\"https:\/\/www.facebook.com\/sharer\/sharer.php?u=https:\/\/comvenezuela.com\/camara-colombo-venezolana-anuncia-un-nuevo-servicio-de-compliance\/\" target=\"_blank\" class=\" wd-social-icon social-facebook\" aria-label=\"Enlace social Facebook\">\n\t\t\t\t\t\t<span class=\"wd-icon\"><\/span>\n\t\t\t\t\t\t\t\t\t\t\t<\/a>\n\t\t\t\t\n\t\t\t\t\t\t\t\t\t<a rel=\"noopener noreferrer nofollow\" href=\"https:\/\/x.com\/share?url=https:\/\/comvenezuela.com\/camara-colombo-venezolana-anuncia-un-nuevo-servicio-de-compliance\/\" target=\"_blank\" class=\" wd-social-icon social-twitter\" aria-label=\"Enlace de la red social X\">\n\t\t\t\t\t\t<span class=\"wd-icon\"><\/span>\n\t\t\t\t\t\t\t\t\t\t\t<\/a>\n\t\t\t\t\n\t\t\t\t\n\t\t\t\t\n\t\t\t\t\n\t\t\t\t\t\t\t\t\t<a rel=\"noopener noreferrer nofollow\" href=\"https:\/\/pinterest.com\/pin\/create\/button\/?url=https:\/\/comvenezuela.com\/camara-colombo-venezolana-anuncia-un-nuevo-servicio-de-compliance\/&media=https:\/\/comvenezuela.com\/wp-content\/uploads\/2024\/04\/Acolcex.png&description=C%C3%A1mara+Colombo+Venezolana+anuncia+un+nuevo+servicio+de+compliance\" target=\"_blank\" class=\" wd-social-icon social-pinterest\" aria-label=\"Enlace social Pinterest\">\n\t\t\t\t\t\t<span class=\"wd-icon\"><\/span>\n\t\t\t\t\t\t\t\t\t\t\t<\/a>\n\t\t\t\t\n\t\t\t\t\n\t\t\t\t\t\t\t\t\t<a rel=\"noopener noreferrer nofollow\" href=\"https:\/\/www.linkedin.com\/shareArticle?mini=true&url=https:\/\/comvenezuela.com\/camara-colombo-venezolana-anuncia-un-nuevo-servicio-de-compliance\/\" target=\"_blank\" class=\" wd-social-icon social-linkedin\" aria-label=\"Enlace social Linkedin\">\n\t\t\t\t\t\t<span class=\"wd-icon\"><\/span>\n\t\t\t\t\t\t\t\t\t\t\t<\/a>\n\t\t\t\t\n\t\t\t\t\n\t\t\t\t\n\t\t\t\t\n\t\t\t\t\n\t\t\t\t\n\t\t\t\t\n\t\t\t\t\n\t\t\t\t\n\t\t\t\t\n\t\t\t\t\t\t\t\t\n\t\t\t\t\t\t\t\t\n\t\t\t\t\n\t\t\t\t\n\t\t\t\t\t\t\t\t\t<a rel=\"noopener noreferrer nofollow\" href=\"https:\/\/telegram.me\/share\/url?url=https:\/\/comvenezuela.com\/camara-colombo-venezolana-anuncia-un-nuevo-servicio-de-compliance\/\" target=\"_blank\" class=\" wd-social-icon social-tg\" aria-label=\"Enlace social Telegram\">\n\t\t\t\t\t\t<span class=\"wd-icon\"><\/span>\n\t\t\t\t\t\t\t\t\t\t\t<\/a>\n\t\t\t\t\t\t\t\t\n\t\t\t\t\n\t\t\t<\/div>\n\n\t\t\t\t\t\t\t\t\t<\/div>\n\t\t\t\t\t\t<\/div>\n\t\t\t\t\t\t\t\t\t\t\t\t\n\t\t\t\t\t\t\t\n\t\t\t\t                    <div class=\"entry-content wd-entry-content\">\n\t\t\t\t\t\t\nBogot\u00e1, D.C., 17 de abril de 2024 - La C\u00e1mara Colombo Venezolana se complace en anunciar el lanzamiento de un nue...\n\t\t\t\t\t\t\t\t\t\t\t<\/div><!-- .entry-content -->\n\t\t\t\t\n\t\t\t\t\t\t\t\t\t\t\t\t\t\t<p class=\"read-more-section\">\n\t\t\t\t\t\t<a class=\"btn-read-more more-link\" href=\"https:\/\/comvenezuela.com\/camara-colombo-venezolana-anuncia-un-nuevo-servicio-de-compliance\/\">Continuar leyendo<\/a>\t\t\t\t\t<\/p>\n\t\t\t\t\t\t\t\t\t\t\t\n\t\t\t\n\t\t\t\t\t<\/div>\n\t<\/div>\n<\/article><!-- #post -->\n\n\n\t\t\t\t\t\t\t\t\t\t\t\n<article id=\"post-16321\" class=\"wd-post blog-design-masonry blog-post-loop blog-style-bg wd-add-shadow wd-col post-16321 post type-post status-publish format-standard has-post-thumbnail hentry category-boletines\">\n\t<div class=\"article-inner\">\n\t\t\t\t\t<header class=\"entry-header\">\n\t\t\t\t\t\t\t\t\t<figure id=\"carousel-960\" class=\"entry-thumbnail\">\n\t\t\t\t\t\t\n\t\t\t\t\t\t\t<div class=\"post-img-wrapp\">\n\t\t\t\t\t\t\t\t<a href=\"https:\/\/comvenezuela.com\/camara-colombo-venezolana-estrena-sitio-web-mas-moderno-agil-y-con-foco-en-el-usuario\/\">\n\t\t\t\t\t\t\t\t\t<img width=\"600\" height=\"299\" src=\"https:\/\/comvenezuela.com\/wp-content\/uploads\/2024\/03\/Comven.png\" class=\"attachment-large size-large\" alt=\"\" decoding=\"async\" srcset=\"https:\/\/comvenezuela.com\/wp-content\/uploads\/2024\/03\/Comven.png 600w, https:\/\/comvenezuela.com\/wp-content\/uploads\/2024\/03\/Comven-400x199.png 400w\" sizes=\"(max-width: 600px) 100vw, 600px\" \/>\t\t\t\t\t\t\t\t<\/a>\n\t\t\t\t\t\t\t<\/div>\n\t\t\t\t\t\t\t<div class=\"post-image-mask\">\n\t\t\t\t\t\t\t\t<span><\/span>\n\t\t\t\t\t\t\t<\/div>\n\n\t\t\t\t\t\t\n\t\t\t\t\t<\/figure>\n\t\t\t\t\n\t\t\t\t\t\t\t\t\t\t\t\t<div class=\"post-date wd-post-date wd-style-with-bg\">\n\t\t\t\t<span class=\"post-date-day\">\n\t\t\t\t\t26\t\t\t\t<\/span>\n\t\t\t\t<span class=\"post-date-month\">\n\t\t\t\t\tMar\t\t\t\t<\/span>\n\t\t\t<\/div>\n\t\t\t\t\t\t\n\t\t\t<\/header><!-- .entry-header -->\n\n\t\t<div class=\"article-body-container\">\n\t\t\t\n\t\t\t\t\t\t\t\t\t<div class=\"meta-categories-wrapp\"><div class=\"meta-post-categories wd-post-cat wd-style-with-bg\"><a href=\"https:\/\/comvenezuela.com\/category\/boletines\/\" rel=\"category tag\">Boletines<\/a><\/div><\/div>\n\t\t\t\t\n\t\t\t\t\t\t\t\t\t<h3 class=\"wd-entities-title title post-title\">\n\t\t\t\t\t\t<a href=\"https:\/\/comvenezuela.com\/camara-colombo-venezolana-estrena-sitio-web-mas-moderno-agil-y-con-foco-en-el-usuario\/\" rel=\"bookmark\">C\u00e1mara Colombo Venezolana estrena sitio web: m\u00e1s moderno, \u00e1gil y con foco en el usuario<\/a>\n\t\t\t\t\t<\/h3>\n\t\t\t\t\n\t\t\t\t\t\t\t\t\t<div class=\"entry-meta wd-entry-meta\">\n\t\t\t\t\t\t\t\t\t<ul class=\"entry-meta-list\">\n\t\t\t\t\t\t\t\t\t<li class=\"modified-date\">\n\t\t\t\t\t\t\t\t<time class=\"updated\" datetime=\"2024-09-27T09:53:18-05:00\">\n\t\t\t27 de septiembre de 2024\t\t<\/time>\n\t\t\t\t\t\t\t<\/li>\n\n\t\t\t\t\t\n\t\t\t\t\t\t\t\t\t\t\t<li class=\"meta-author\">\n\t\t\t\t\t\t\t\t\t\t\t\t<span>Por<\/span>\n\t\t\n\t\t\t\t\t<img alt='author-avatar' src='https:\/\/comvenezuela.com\/wp-content\/uploads\/2024\/03\/06-comvenezuela-300x300.png' srcset='https:\/\/comvenezuela.com\/wp-content\/uploads\/2024\/03\/06-comvenezuela-300x300.png 300w, https:\/\/comvenezuela.com\/wp-content\/uploads\/2024\/03\/06-comvenezuela-430x430.png 430w, https:\/\/comvenezuela.com\/wp-content\/uploads\/2024\/03\/06-comvenezuela-150x150.png 150w, https:\/\/comvenezuela.com\/wp-content\/uploads\/2024\/03\/06-comvenezuela.png 512w' class='avatar avatar-32 photo' height='32' width='32' decoding='async'\/>\t\t\n\t\t<a href=\"https:\/\/comvenezuela.com\/author\/nueva-comvenezuela-com\/\" rel=\"author\">\n\t\t\t<span class=\"vcard author author_name\">\n\t\t\t\t<span class=\"fn\">Comvenezuela<\/span>\n\t\t\t<\/span>\n\t\t<\/a>\n\t\t\t\t\t\t\t\t<\/li>\n\t\t\t\t\t\n\t\t\t\t\t\n\t\t\t\t\t\t\t\t\t\t\t\t<\/ul>\n\t\t\t\t\t\t\t<\/div><!-- .entry-meta -->\n\t\t\t\t\t\t\t\t\t\t\t<div class=\"hovered-social-icons wd-tltp wd-tltp-top\">\n\t\t\t\t\t\t\t<div class=\"wd-tooltip-label\">\n\t\t\t\t\t\t\t\t\n\t\t\t<div class=\" wd-social-icons icons-design-default icons-size-small color-scheme-light social-share social-form-circle text-center\">\n\n\t\t\t\t\n\t\t\t\t\t\t\t\t\t<a rel=\"noopener noreferrer nofollow\" href=\"https:\/\/www.facebook.com\/sharer\/sharer.php?u=https:\/\/comvenezuela.com\/camara-colombo-venezolana-estrena-sitio-web-mas-moderno-agil-y-con-foco-en-el-usuario\/\" target=\"_blank\" class=\" wd-social-icon social-facebook\" aria-label=\"Enlace social Facebook\">\n\t\t\t\t\t\t<span class=\"wd-icon\"><\/span>\n\t\t\t\t\t\t\t\t\t\t\t<\/a>\n\t\t\t\t\n\t\t\t\t\t\t\t\t\t<a rel=\"noopener noreferrer nofollow\" href=\"https:\/\/x.com\/share?url=https:\/\/comvenezuela.com\/camara-colombo-venezolana-estrena-sitio-web-mas-moderno-agil-y-con-foco-en-el-usuario\/\" target=\"_blank\" class=\" wd-social-icon social-twitter\" aria-label=\"Enlace de la red social X\">\n\t\t\t\t\t\t<span class=\"wd-icon\"><\/span>\n\t\t\t\t\t\t\t\t\t\t\t<\/a>\n\t\t\t\t\n\t\t\t\t\n\t\t\t\t\n\t\t\t\t\n\t\t\t\t\t\t\t\t\t<a rel=\"noopener noreferrer nofollow\" href=\"https:\/\/pinterest.com\/pin\/create\/button\/?url=https:\/\/comvenezuela.com\/camara-colombo-venezolana-estrena-sitio-web-mas-moderno-agil-y-con-foco-en-el-usuario\/&media=https:\/\/comvenezuela.com\/wp-content\/uploads\/2024\/03\/Comven.png&description=C%C3%A1mara+Colombo+Venezolana+estrena+sitio+web%3A+m%C3%A1s+moderno%2C+%C3%A1gil+y+con+foco+en+el+usuario\" target=\"_blank\" class=\" wd-social-icon social-pinterest\" aria-label=\"Enlace social Pinterest\">\n\t\t\t\t\t\t<span class=\"wd-icon\"><\/span>\n\t\t\t\t\t\t\t\t\t\t\t<\/a>\n\t\t\t\t\n\t\t\t\t\n\t\t\t\t\t\t\t\t\t<a rel=\"noopener noreferrer nofollow\" href=\"https:\/\/www.linkedin.com\/shareArticle?mini=true&url=https:\/\/comvenezuela.com\/camara-colombo-venezolana-estrena-sitio-web-mas-moderno-agil-y-con-foco-en-el-usuario\/\" target=\"_blank\" class=\" wd-social-icon social-linkedin\" aria-label=\"Enlace social Linkedin\">\n\t\t\t\t\t\t<span class=\"wd-icon\"><\/span>\n\t\t\t\t\t\t\t\t\t\t\t<\/a>\n\t\t\t\t\n\t\t\t\t\n\t\t\t\t\n\t\t\t\t\n\t\t\t\t\n\t\t\t\t\n\t\t\t\t\n\t\t\t\t\n\t\t\t\t\n\t\t\t\t\n\t\t\t\t\t\t\t\t\n\t\t\t\t\t\t\t\t\n\t\t\t\t\n\t\t\t\t\n\t\t\t\t\t\t\t\t\t<a rel=\"noopener noreferrer nofollow\" href=\"https:\/\/telegram.me\/share\/url?url=https:\/\/comvenezuela.com\/camara-colombo-venezolana-estrena-sitio-web-mas-moderno-agil-y-con-foco-en-el-usuario\/\" target=\"_blank\" class=\" wd-social-icon social-tg\" aria-label=\"Enlace social Telegram\">\n\t\t\t\t\t\t<span class=\"wd-icon\"><\/span>\n\t\t\t\t\t\t\t\t\t\t\t<\/a>\n\t\t\t\t\t\t\t\t\n\t\t\t\t\n\t\t\t<\/div>\n\n\t\t\t\t\t\t\t\t\t<\/div>\n\t\t\t\t\t\t<\/div>\n\t\t\t\t\t\t\t\t\t\t\t\t\n\t\t\t\t\t\t\t\n\t\t\t\t                    <div class=\"entry-content wd-entry-content\">\n\t\t\t\t\t\t\nNos complace anunciar la renovaci\u00f3n de nuestro portal web, con el firme prop\u00f3sito de mejorar la experiencia de nu...\n\t\t\t\t\t\t\t\t\t\t\t<\/div><!-- .entry-content -->\n\t\t\t\t\n\t\t\t\t\t\t\t\t\t\t\t\t\t\t<p class=\"read-more-section\">\n\t\t\t\t\t\t<a class=\"btn-read-more more-link\" href=\"https:\/\/comvenezuela.com\/camara-colombo-venezolana-estrena-sitio-web-mas-moderno-agil-y-con-foco-en-el-usuario\/\">Continuar leyendo<\/a>\t\t\t\t\t<\/p>\n\t\t\t\t\t\t\t\t\t\t\t\n\t\t\t\n\t\t\t\t\t<\/div>\n\t<\/div>\n<\/article><!-- #post -->\n\n\n\t\t\t\t\t\t\t\t\t\t\t\n<article id=\"post-16315\" class=\"wd-post blog-design-masonry blog-post-loop blog-style-bg wd-add-shadow wd-col post-16315 post type-post status-publish format-standard has-post-thumbnail hentry category-boletines\">\n\t<div class=\"article-inner\">\n\t\t\t\t\t<header class=\"entry-header\">\n\t\t\t\t\t\t\t\t\t<figure id=\"carousel-290\" class=\"entry-thumbnail\">\n\t\t\t\t\t\t\n\t\t\t\t\t\t\t<div class=\"post-img-wrapp\">\n\t\t\t\t\t\t\t\t<a href=\"https:\/\/comvenezuela.com\/intercambio-comercial-colombo-venezolano-crecio-9-en-2023\/\">\n\t\t\t\t\t\t\t\t\t<img width=\"600\" height=\"299\" src=\"https:\/\/comvenezuela.com\/wp-content\/uploads\/2024\/03\/Comven-15.png\" class=\"attachment-large size-large\" alt=\"\" decoding=\"async\" srcset=\"https:\/\/comvenezuela.com\/wp-content\/uploads\/2024\/03\/Comven-15.png 600w, https:\/\/comvenezuela.com\/wp-content\/uploads\/2024\/03\/Comven-15-400x199.png 400w\" sizes=\"(max-width: 600px) 100vw, 600px\" \/>\t\t\t\t\t\t\t\t<\/a>\n\t\t\t\t\t\t\t<\/div>\n\t\t\t\t\t\t\t<div class=\"post-image-mask\">\n\t\t\t\t\t\t\t\t<span><\/span>\n\t\t\t\t\t\t\t<\/div>\n\n\t\t\t\t\t\t\n\t\t\t\t\t<\/figure>\n\t\t\t\t\n\t\t\t\t\t\t\t\t\t\t\t\t<div class=\"post-date wd-post-date wd-style-with-bg\">\n\t\t\t\t<span class=\"post-date-day\">\n\t\t\t\t\t26\t\t\t\t<\/span>\n\t\t\t\t<span class=\"post-date-month\">\n\t\t\t\t\tMar\t\t\t\t<\/span>\n\t\t\t<\/div>\n\t\t\t\t\t\t\n\t\t\t<\/header><!-- .entry-header -->\n\n\t\t<div class=\"article-body-container\">\n\t\t\t\n\t\t\t\t\t\t\t\t\t<div class=\"meta-categories-wrapp\"><div class=\"meta-post-categories wd-post-cat wd-style-with-bg\"><a href=\"https:\/\/comvenezuela.com\/category\/boletines\/\" rel=\"category tag\">Boletines<\/a><\/div><\/div>\n\t\t\t\t\n\t\t\t\t\t\t\t\t\t<h3 class=\"wd-entities-title title post-title\">\n\t\t\t\t\t\t<a href=\"https:\/\/comvenezuela.com\/intercambio-comercial-colombo-venezolano-crecio-9-en-2023\/\" rel=\"bookmark\">Intercambio comercial colombo-venezolano creci\u00f3 9% en 2023<\/a>\n\t\t\t\t\t<\/h3>\n\t\t\t\t\n\t\t\t\t\t\t\t\t\t<div class=\"entry-meta wd-entry-meta\">\n\t\t\t\t\t\t\t\t\t<ul class=\"entry-meta-list\">\n\t\t\t\t\t\t\t\t\t<li class=\"modified-date\">\n\t\t\t\t\t\t\t\t<time class=\"updated\" datetime=\"2024-09-27T10:04:40-05:00\">\n\t\t\t27 de septiembre de 2024\t\t<\/time>\n\t\t\t\t\t\t\t<\/li>\n\n\t\t\t\t\t\n\t\t\t\t\t\t\t\t\t\t\t<li class=\"meta-author\">\n\t\t\t\t\t\t\t\t\t\t\t\t<span>Por<\/span>\n\t\t\n\t\t\t\t\t<img alt='author-avatar' src='https:\/\/comvenezuela.com\/wp-content\/uploads\/2024\/03\/06-comvenezuela-300x300.png' srcset='https:\/\/comvenezuela.com\/wp-content\/uploads\/2024\/03\/06-comvenezuela-300x300.png 300w, https:\/\/comvenezuela.com\/wp-content\/uploads\/2024\/03\/06-comvenezuela-430x430.png 430w, https:\/\/comvenezuela.com\/wp-content\/uploads\/2024\/03\/06-comvenezuela-150x150.png 150w, https:\/\/comvenezuela.com\/wp-content\/uploads\/2024\/03\/06-comvenezuela.png 512w' class='avatar avatar-32 photo' height='32' width='32' decoding='async'\/>\t\t\n\t\t<a href=\"https:\/\/comvenezuela.com\/author\/nueva-comvenezuela-com\/\" rel=\"author\">\n\t\t\t<span class=\"vcard author author_name\">\n\t\t\t\t<span class=\"fn\">Comvenezuela<\/span>\n\t\t\t<\/span>\n\t\t<\/a>\n\t\t\t\t\t\t\t\t<\/li>\n\t\t\t\t\t\n\t\t\t\t\t\n\t\t\t\t\t\t\t\t\t\t\t\t<\/ul>\n\t\t\t\t\t\t\t<\/div><!-- .entry-meta -->\n\t\t\t\t\t\t\t\t\t\t\t<div class=\"hovered-social-icons wd-tltp wd-tltp-top\">\n\t\t\t\t\t\t\t<div class=\"wd-tooltip-label\">\n\t\t\t\t\t\t\t\t\n\t\t\t<div class=\" wd-social-icons icons-design-default icons-size-small color-scheme-light social-share social-form-circle text-center\">\n\n\t\t\t\t\n\t\t\t\t\t\t\t\t\t<a rel=\"noopener noreferrer nofollow\" href=\"https:\/\/www.facebook.com\/sharer\/sharer.php?u=https:\/\/comvenezuela.com\/intercambio-comercial-colombo-venezolano-crecio-9-en-2023\/\" target=\"_blank\" class=\" wd-social-icon social-facebook\" aria-label=\"Enlace social Facebook\">\n\t\t\t\t\t\t<span class=\"wd-icon\"><\/span>\n\t\t\t\t\t\t\t\t\t\t\t<\/a>\n\t\t\t\t\n\t\t\t\t\t\t\t\t\t<a rel=\"noopener noreferrer nofollow\" href=\"https:\/\/x.com\/share?url=https:\/\/comvenezuela.com\/intercambio-comercial-colombo-venezolano-crecio-9-en-2023\/\" target=\"_blank\" class=\" wd-social-icon social-twitter\" aria-label=\"Enlace de la red social X\">\n\t\t\t\t\t\t<span class=\"wd-icon\"><\/span>\n\t\t\t\t\t\t\t\t\t\t\t<\/a>\n\t\t\t\t\n\t\t\t\t\n\t\t\t\t\n\t\t\t\t\n\t\t\t\t\t\t\t\t\t<a rel=\"noopener noreferrer nofollow\" href=\"https:\/\/pinterest.com\/pin\/create\/button\/?url=https:\/\/comvenezuela.com\/intercambio-comercial-colombo-venezolano-crecio-9-en-2023\/&media=https:\/\/comvenezuela.com\/wp-content\/uploads\/2024\/03\/Comven-15.png&description=Intercambio+comercial+colombo-venezolano+creci%C3%B3+9%25+en+2023\" target=\"_blank\" class=\" wd-social-icon social-pinterest\" aria-label=\"Enlace social Pinterest\">\n\t\t\t\t\t\t<span class=\"wd-icon\"><\/span>\n\t\t\t\t\t\t\t\t\t\t\t<\/a>\n\t\t\t\t\n\t\t\t\t\n\t\t\t\t\t\t\t\t\t<a rel=\"noopener noreferrer nofollow\" href=\"https:\/\/www.linkedin.com\/shareArticle?mini=true&url=https:\/\/comvenezuela.com\/intercambio-comercial-colombo-venezolano-crecio-9-en-2023\/\" target=\"_blank\" class=\" wd-social-icon social-linkedin\" aria-label=\"Enlace social Linkedin\">\n\t\t\t\t\t\t<span class=\"wd-icon\"><\/span>\n\t\t\t\t\t\t\t\t\t\t\t<\/a>\n\t\t\t\t\n\t\t\t\t\n\t\t\t\t\n\t\t\t\t\n\t\t\t\t\n\t\t\t\t\n\t\t\t\t\n\t\t\t\t\n\t\t\t\t\n\t\t\t\t\n\t\t\t\t\t\t\t\t\n\t\t\t\t\t\t\t\t\n\t\t\t\t\n\t\t\t\t\n\t\t\t\t\t\t\t\t\t<a rel=\"noopener noreferrer nofollow\" href=\"https:\/\/telegram.me\/share\/url?url=https:\/\/comvenezuela.com\/intercambio-comercial-colombo-venezolano-crecio-9-en-2023\/\" target=\"_blank\" class=\" wd-social-icon social-tg\" aria-label=\"Enlace social Telegram\">\n\t\t\t\t\t\t<span class=\"wd-icon\"><\/span>\n\t\t\t\t\t\t\t\t\t\t\t<\/a>\n\t\t\t\t\t\t\t\t\n\t\t\t\t\n\t\t\t<\/div>\n\n\t\t\t\t\t\t\t\t\t<\/div>\n\t\t\t\t\t\t<\/div>\n\t\t\t\t\t\t\t\t\t\t\t\t\n\t\t\t\t\t\t\t\n\t\t\t\t                    <div class=\"entry-content wd-entry-content\">\n\t\t\t\t\t\t\n\nImportaciones provenientes de Venezuela mostraron un incremento del 22%.\n\n...\n\t\t\t\t\t\t\t\t\t\t\t<\/div><!-- .entry-content -->\n\t\t\t\t\n\t\t\t\t\t\t\t\t\t\t\t\t\t\t<p class=\"read-more-section\">\n\t\t\t\t\t\t<a class=\"btn-read-more more-link\" href=\"https:\/\/comvenezuela.com\/intercambio-comercial-colombo-venezolano-crecio-9-en-2023\/\">Continuar leyendo<\/a>\t\t\t\t\t<\/p>\n\t\t\t\t\t\t\t\t\t\t\t\n\t\t\t\n\t\t\t\t\t<\/div>\n\t<\/div>\n<\/article><!-- #post -->\n\n\n\t\t\t\t\t\t\t\t\t\t\t\n<article id=\"post-16318\" class=\"wd-post blog-design-masonry blog-post-loop blog-style-bg wd-add-shadow wd-col post-16318 post type-post status-publish format-standard has-post-thumbnail hentry category-boletines\">\n\t<div class=\"article-inner\">\n\t\t\t\t\t<header class=\"entry-header\">\n\t\t\t\t\t\t\t\t\t<figure id=\"carousel-622\" class=\"entry-thumbnail\">\n\t\t\t\t\t\t\n\t\t\t\t\t\t\t<div class=\"post-img-wrapp\">\n\t\t\t\t\t\t\t\t<a href=\"https:\/\/comvenezuela.com\/camara-colombo-venezolana-facilita-el-comercio-bilateral-con-una-amplia-gama-de-servicios\/\">\n\t\t\t\t\t\t\t\t\t<img width=\"600\" height=\"299\" src=\"https:\/\/comvenezuela.com\/wp-content\/uploads\/2024\/03\/Comven-16.png\" class=\"attachment-large size-large\" alt=\"\" decoding=\"async\" srcset=\"https:\/\/comvenezuela.com\/wp-content\/uploads\/2024\/03\/Comven-16.png 600w, https:\/\/comvenezuela.com\/wp-content\/uploads\/2024\/03\/Comven-16-400x199.png 400w\" sizes=\"(max-width: 600px) 100vw, 600px\" \/>\t\t\t\t\t\t\t\t<\/a>\n\t\t\t\t\t\t\t<\/div>\n\t\t\t\t\t\t\t<div class=\"post-image-mask\">\n\t\t\t\t\t\t\t\t<span><\/span>\n\t\t\t\t\t\t\t<\/div>\n\n\t\t\t\t\t\t\n\t\t\t\t\t<\/figure>\n\t\t\t\t\n\t\t\t\t\t\t\t\t\t\t\t\t<div class=\"post-date wd-post-date wd-style-with-bg\">\n\t\t\t\t<span class=\"post-date-day\">\n\t\t\t\t\t11\t\t\t\t<\/span>\n\t\t\t\t<span class=\"post-date-month\">\n\t\t\t\t\tMar\t\t\t\t<\/span>\n\t\t\t<\/div>\n\t\t\t\t\t\t\n\t\t\t<\/header><!-- .entry-header -->\n\n\t\t<div class=\"article-body-container\">\n\t\t\t\n\t\t\t\t\t\t\t\t\t<div class=\"meta-categories-wrapp\"><div class=\"meta-post-categories wd-post-cat wd-style-with-bg\"><a href=\"https:\/\/comvenezuela.com\/category\/boletines\/\" rel=\"category tag\">Boletines<\/a><\/div><\/div>\n\t\t\t\t\n\t\t\t\t\t\t\t\t\t<h3 class=\"wd-entities-title title post-title\">\n\t\t\t\t\t\t<a href=\"https:\/\/comvenezuela.com\/camara-colombo-venezolana-facilita-el-comercio-bilateral-con-una-amplia-gama-de-servicios\/\" rel=\"bookmark\">C\u00e1mara Colombo Venezolana facilita el comercio bilateral con una amplia gama de servicios<\/a>\n\t\t\t\t\t<\/h3>\n\t\t\t\t\n\t\t\t\t\t\t\t\t\t<div class=\"entry-meta wd-entry-meta\">\n\t\t\t\t\t\t\t\t\t<ul class=\"entry-meta-list\">\n\t\t\t\t\t\t\t\t\t<li class=\"modified-date\">\n\t\t\t\t\t\t\t\t<time class=\"updated\" datetime=\"2024-09-27T10:00:38-05:00\">\n\t\t\t27 de septiembre de 2024\t\t<\/time>\n\t\t\t\t\t\t\t<\/li>\n\n\t\t\t\t\t\n\t\t\t\t\t\t\t\t\t\t\t<li class=\"meta-author\">\n\t\t\t\t\t\t\t\t\t\t\t\t<span>Por<\/span>\n\t\t\n\t\t\t\t\t<img alt='author-avatar' src='https:\/\/comvenezuela.com\/wp-content\/uploads\/2024\/03\/06-comvenezuela-300x300.png' srcset='https:\/\/comvenezuela.com\/wp-content\/uploads\/2024\/03\/06-comvenezuela-300x300.png 300w, https:\/\/comvenezuela.com\/wp-content\/uploads\/2024\/03\/06-comvenezuela-430x430.png 430w, https:\/\/comvenezuela.com\/wp-content\/uploads\/2024\/03\/06-comvenezuela-150x150.png 150w, https:\/\/comvenezuela.com\/wp-content\/uploads\/2024\/03\/06-comvenezuela.png 512w' class='avatar avatar-32 photo' height='32' width='32' decoding='async'\/>\t\t\n\t\t<a href=\"https:\/\/comvenezuela.com\/author\/nueva-comvenezuela-com\/\" rel=\"author\">\n\t\t\t<span class=\"vcard author author_name\">\n\t\t\t\t<span class=\"fn\">Comvenezuela<\/span>\n\t\t\t<\/span>\n\t\t<\/a>\n\t\t\t\t\t\t\t\t<\/li>\n\t\t\t\t\t\n\t\t\t\t\t\n\t\t\t\t\t\t\t\t\t\t\t\t<\/ul>\n\t\t\t\t\t\t\t<\/div><!-- .entry-meta -->\n\t\t\t\t\t\t\t\t\t\t\t<div class=\"hovered-social-icons wd-tltp wd-tltp-top\">\n\t\t\t\t\t\t\t<div class=\"wd-tooltip-label\">\n\t\t\t\t\t\t\t\t\n\t\t\t<div class=\" wd-social-icons icons-design-default icons-size-small color-scheme-light social-share social-form-circle text-center\">\n\n\t\t\t\t\n\t\t\t\t\t\t\t\t\t<a rel=\"noopener noreferrer nofollow\" href=\"https:\/\/www.facebook.com\/sharer\/sharer.php?u=https:\/\/comvenezuela.com\/camara-colombo-venezolana-facilita-el-comercio-bilateral-con-una-amplia-gama-de-servicios\/\" target=\"_blank\" class=\" wd-social-icon social-facebook\" aria-label=\"Enlace social Facebook\">\n\t\t\t\t\t\t<span class=\"wd-icon\"><\/span>\n\t\t\t\t\t\t\t\t\t\t\t<\/a>\n\t\t\t\t\n\t\t\t\t\t\t\t\t\t<a rel=\"noopener noreferrer nofollow\" href=\"https:\/\/x.com\/share?url=https:\/\/comvenezuela.com\/camara-colombo-venezolana-facilita-el-comercio-bilateral-con-una-amplia-gama-de-servicios\/\" target=\"_blank\" class=\" wd-social-icon social-twitter\" aria-label=\"Enlace de la red social X\">\n\t\t\t\t\t\t<span class=\"wd-icon\"><\/span>\n\t\t\t\t\t\t\t\t\t\t\t<\/a>\n\t\t\t\t\n\t\t\t\t\n\t\t\t\t\n\t\t\t\t\n\t\t\t\t\t\t\t\t\t<a rel=\"noopener noreferrer nofollow\" href=\"https:\/\/pinterest.com\/pin\/create\/button\/?url=https:\/\/comvenezuela.com\/camara-colombo-venezolana-facilita-el-comercio-bilateral-con-una-amplia-gama-de-servicios\/&media=https:\/\/comvenezuela.com\/wp-content\/uploads\/2024\/03\/Comven-16.png&description=C%C3%A1mara+Colombo+Venezolana+facilita+el+comercio+bilateral+con+una+amplia+gama+de+servicios\" target=\"_blank\" class=\" wd-social-icon social-pinterest\" aria-label=\"Enlace social Pinterest\">\n\t\t\t\t\t\t<span class=\"wd-icon\"><\/span>\n\t\t\t\t\t\t\t\t\t\t\t<\/a>\n\t\t\t\t\n\t\t\t\t\n\t\t\t\t\t\t\t\t\t<a rel=\"noopener noreferrer nofollow\" href=\"https:\/\/www.linkedin.com\/shareArticle?mini=true&url=https:\/\/comvenezuela.com\/camara-colombo-venezolana-facilita-el-comercio-bilateral-con-una-amplia-gama-de-servicios\/\" target=\"_blank\" class=\" wd-social-icon social-linkedin\" aria-label=\"Enlace social Linkedin\">\n\t\t\t\t\t\t<span class=\"wd-icon\"><\/span>\n\t\t\t\t\t\t\t\t\t\t\t<\/a>\n\t\t\t\t\n\t\t\t\t\n\t\t\t\t\n\t\t\t\t\n\t\t\t\t\n\t\t\t\t\n\t\t\t\t\n\t\t\t\t\n\t\t\t\t\n\t\t\t\t\n\t\t\t\t\t\t\t\t\n\t\t\t\t\t\t\t\t\n\t\t\t\t\n\t\t\t\t\n\t\t\t\t\t\t\t\t\t<a rel=\"noopener noreferrer nofollow\" href=\"https:\/\/telegram.me\/share\/url?url=https:\/\/comvenezuela.com\/camara-colombo-venezolana-facilita-el-comercio-bilateral-con-una-amplia-gama-de-servicios\/\" target=\"_blank\" class=\" wd-social-icon social-tg\" aria-label=\"Enlace social Telegram\">\n\t\t\t\t\t\t<span class=\"wd-icon\"><\/span>\n\t\t\t\t\t\t\t\t\t\t\t<\/a>\n\t\t\t\t\t\t\t\t\n\t\t\t\t\n\t\t\t<\/div>\n\n\t\t\t\t\t\t\t\t\t<\/div>\n\t\t\t\t\t\t<\/div>\n\t\t\t\t\t\t\t\t\t\t\t\t\n\t\t\t\t\t\t\t\n\t\t\t\t                    <div class=\"entry-content wd-entry-content\">\n\t\t\t\t\t\t\nBogot\u00e1, D.C., 11 de marzo de 2024. La C\u00e1mara Colombo Venezolana amplia su cartera de servicios dirigidos a empres...\n\t\t\t\t\t\t\t\t\t\t\t<\/div><!-- .entry-content -->\n\t\t\t\t\n\t\t\t\t\t\t\t\t\t\t\t\t\t\t<p class=\"read-more-section\">\n\t\t\t\t\t\t<a class=\"btn-read-more more-link\" href=\"https:\/\/comvenezuela.com\/camara-colombo-venezolana-facilita-el-comercio-bilateral-con-una-amplia-gama-de-servicios\/\">Continuar leyendo<\/a>\t\t\t\t\t<\/p>\n\t\t\t\t\t\t\t\t\t\t\t\n\t\t\t\n\t\t\t\t\t<\/div>\n\t<\/div>\n<\/article><!-- #post -->\n\n\n\t\t\t\t\t\n\t\t\t\t\t","status":"no-more-posts","nextPage":"?woo_ajax=1","currentPage":"https:\/\/comvenezuela.com\/category\/boletines\/page\/3"}